{"id":1277,"date":"2016-01-17T08:00:02","date_gmt":"2016-01-17T07:00:02","guid":{"rendered":"http:\/\/www.dannwollenwirmal.de\/?p=1277"},"modified":"2016-01-18T11:02:43","modified_gmt":"2016-01-18T10:02:43","slug":"die-decke-des-grauens","status":"publish","type":"post","link":"http:\/\/www.dannwollenwirmal.de\/?p=1277","title":{"rendered":"Die Decke des Grauens"},"content":{"rendered":"<p>Kinder, Kinder, ich bin ja nun auch nicht mehr der J\u00fcngste! Das letzte Projekt hat mich dann doch ganz sch\u00f6n gepl\u00e4ttet, und ich habe mir mindestens zehn Minuten geschworen, niemals wieder&#8230; ach, es geht ja schon wieder. Im Grunde habe ich mich einfach nur ein wenig versch\u00e4tzt. Man sollte sich Baustellen doch immer vorher anschauen. Doch eins nach dem anderen.<\/p>\n<p>Es ging um die Erstellung einer Gipskarton-Decke unter eine vorhandene Rohdecke. Als Besonderheit durfte der Aufbau nicht besonders hoch sein, da direkt ans zu beplankende Wohnzimmer ein Treppenaufgang anschloss, und wenn man nun also die Decke tief abgeh\u00e4ngt h\u00e4tte, w\u00e4re dieser Aufgang allenfalls noch f\u00fcr Zwergpygm\u00e4en zu benutzen gewesen, wobei ich an dieser Stelle keine Pygm\u00e4en diffamieren m\u00f6chte.<\/p>\n<p>Die niedrigste Aufbauh\u00f6lhe, die sich realistischerweise mit Gpipskarton vern\u00fcnftig machen l\u00e4sst, sind 39,5 mm. Die CD-Deckenprofile (und auch das Wandanschlussprofil) haben 27mm, dazu dann noch die Platte von 12,5mm, sind 39,5mm in einer perfekten Welt. Alles andere ist Gebastel: entweder mit irgendwelchen Holzleisten, die flacher sind als 27 mm, oder mit den d\u00fcnnen Gipskartonplatten in 9,5mm, die aber meiner Meinung nach an einer Decke mit normalen St\u00fctzweiten der Unterkonstruktion nichts verloren haben und besser im <em>Baumarkt <\/em>liegen bleiben. Da kann man bestimmt mit Schaum was nettes draus Basteln.<\/p>\n<p>F\u00fcr den <em>gemeinen Direktbh\u00e4nger<\/em> ist die Decke schon wieder zu flach, denn der macht nur Sinn wenn zumindest ein klitzekleines Bi\u00dfchen abgeh\u00e4ngt wird. So weit oben hat der gar keine L\u00f6cher. Also habe ich zum ersten mal mit sogenannten <em>Direktbefestigern<\/em> gearbeitet, in diesem Fall System <em>Klick-Fix<\/em> von Rigips.<\/p>\n<p>Das eigentliche Problem waren auch gar nicht die Befestiger, sondern die Rohdecke, n\u00e4mlich massiver Stahlbeton der 70er Jahre. Damals hatte man noch Angst vor dem Russen! Selbst zu meiner Bundeswehrzeit (1999) wurden Man\u00f6ver noch gegen <em>Rotland<\/em> gef\u00fchrt. Im Grunde war der Kalte Krieg also Anfang der 90er zuende, bei der Bundeswehr dauerte das etwas l\u00e4nger. Aber das nur am Rande. In der Decke also gef\u00fchlte acht Tonnen Armierungsstahl verbaut:<\/p>\n<p><a href=\"https:\/\/i2.wp.com\/www.dannwollenwirmal.de\/wp-content\/uploads\/2016\/01\/IMG_4026.jpg\"><img data-attachment-id=\"1278\" data-permalink=\"http:\/\/www.dannwollenwirmal.de\/?attachment_id=1278#main\" data-orig-file=\"https:\/\/i2.wp.com\/www.dannwollenwirmal.de\/wp-content\/uploads\/2016\/01\/IMG_4026.jpg?fit=960%2C960\" data-orig-size=\"960,960\" data-comments-opened=\"1\" data-image-meta=\"{&quot;aperture&quot;:&quot;2.2&quot;,&quot;credit&quot;:&quot;&quot;,&quot;camera&quot;:&quot;iPhone 6&quot;,&quot;caption&quot;:&quot;&quot;,&quot;created_timestamp&quot;:&quot;1452599546&quot;,&quot;copyright&quot;:&quot;&quot;,&quot;focal_length&quot;:&quot;4.15&quot;,&quot;iso&quot;:&quot;160&quot;,&quot;shutter_speed&quot;:&quot;0.03030303030303&quot;,&quot;title&quot;:&quot;&quot;,&quot;orientation&quot;:&quot;1&quot;}\" data-image-title=\"IMG_4026\" data-image-description=\"&lt;p&gt;Betondecke&lt;\/p&gt;\n\" data-image-caption=\"\" data-medium-file=\"https:\/\/i2.wp.com\/www.dannwollenwirmal.de\/wp-content\/uploads\/2016\/01\/IMG_4026.jpg?fit=300%2C300\" data-large-file=\"https:\/\/i2.wp.com\/www.dannwollenwirmal.de\/wp-content\/uploads\/2016\/01\/IMG_4026.jpg?fit=652%2C652\" loading=\"lazy\" class=\"alignnone wp-image-1278\" src=\"https:\/\/i2.wp.com\/www.dannwollenwirmal.de\/wp-content\/uploads\/2016\/01\/IMG_4026.jpg?resize=652%2C652\" alt=\"IMG_4026\" width=\"652\" height=\"652\" srcset=\"https:\/\/i2.wp.com\/www.dannwollenwirmal.de\/wp-content\/uploads\/2016\/01\/IMG_4026.jpg?w=960 960w, https:\/\/i2.wp.com\/www.dannwollenwirmal.de\/wp-content\/uploads\/2016\/01\/IMG_4026.jpg?resize=150%2C150 150w, https:\/\/i2.wp.com\/www.dannwollenwirmal.de\/wp-content\/uploads\/2016\/01\/IMG_4026.jpg?resize=300%2C300 300w\" sizes=\"(max-width: 652px) 100vw, 652px\" data-recalc-dims=\"1\" \/><\/a><br \/>\n<em>Uff! Hallo.<\/em><\/p>\n<p>F\u00fcr die Vorg\u00e4ngerdecke im Gelsenkirchener Barock hatte man wohlweislich Holzst\u00fccke einbetoniert und die Unterkonstruktion daran befestigt. Aber erstens passten da meine Achsabst\u00e4nde nicht und zweitens, bis ich das verstanden hatte, war auch schon die H\u00e4lfte dran.<\/p>\n<p>Ich habe also insgesamt etwa 100 von diesem Direktbefestigern in den Bunkerbeton getrieben:<\/p>\n<p><a href=\"https:\/\/i1.wp.com\/www.dannwollenwirmal.de\/wp-content\/uploads\/2016\/01\/IMG_4025.jpg\"><img data-attachment-id=\"1279\" data-permalink=\"http:\/\/www.dannwollenwirmal.de\/?attachment_id=1279#main\" data-orig-file=\"https:\/\/i1.wp.com\/www.dannwollenwirmal.de\/wp-content\/uploads\/2016\/01\/IMG_4025.jpg?fit=897%2C897\" data-orig-size=\"897,897\" data-comments-opened=\"1\" data-image-meta=\"{&quot;aperture&quot;:&quot;2.2&quot;,&quot;credit&quot;:&quot;&quot;,&quot;camera&quot;:&quot;iPhone 6&quot;,&quot;caption&quot;:&quot;&quot;,&quot;created_timestamp&quot;:&quot;1452599541&quot;,&quot;copyright&quot;:&quot;&quot;,&quot;focal_length&quot;:&quot;4.15&quot;,&quot;iso&quot;:&quot;200&quot;,&quot;shutter_speed&quot;:&quot;0.033333333333333&quot;,&quot;title&quot;:&quot;&quot;,&quot;orientation&quot;:&quot;1&quot;}\" data-image-title=\"IMG_4025\" data-image-description=\"&lt;p&gt;Direktbefestiger Klick-Fix&lt;\/p&gt;\n\" data-image-caption=\"\" data-medium-file=\"https:\/\/i1.wp.com\/www.dannwollenwirmal.de\/wp-content\/uploads\/2016\/01\/IMG_4025.jpg?fit=300%2C300\" data-large-file=\"https:\/\/i1.wp.com\/www.dannwollenwirmal.de\/wp-content\/uploads\/2016\/01\/IMG_4025.jpg?fit=652%2C652\" loading=\"lazy\" class=\"alignnone wp-image-1279\" src=\"https:\/\/i1.wp.com\/www.dannwollenwirmal.de\/wp-content\/uploads\/2016\/01\/IMG_4025.jpg?resize=652%2C652\" alt=\"IMG_4025\" width=\"652\" height=\"652\" srcset=\"https:\/\/i1.wp.com\/www.dannwollenwirmal.de\/wp-content\/uploads\/2016\/01\/IMG_4025.jpg?w=897 897w, https:\/\/i1.wp.com\/www.dannwollenwirmal.de\/wp-content\/uploads\/2016\/01\/IMG_4025.jpg?resize=150%2C150 150w, https:\/\/i1.wp.com\/www.dannwollenwirmal.de\/wp-content\/uploads\/2016\/01\/IMG_4025.jpg?resize=300%2C300 300w\" sizes=\"(max-width: 652px) 100vw, 652px\" data-recalc-dims=\"1\" \/><br \/>\n<\/a><em>Klick ja &#8211;\u00a0 fix, mal sehn.<\/em><\/p>\n<p>Gut, dass es den Bohrhammer gibt! Mit einer normalen Bohrmaschine h\u00e4tte ich noch das \u00fcbern\u00e4chste Weihnachtsfest bohrend verbracht! Und es hat tats\u00e4chlich einige Bohrer erledigt. Und das, wo ich bisher der festen Ansicht war, die Zerst\u00f6rung von Bohrern zeugt von handwerklichem Unverm\u00f6gen. Aber selbst wenn man sofort zur\u00fcckzuckt, sobald man auf Stahl trifft, sp\u00e4testens beim n\u00e4chsten oder \u00fcbern\u00e4chsten Versuch ist das Ding platt. Und so habe ich tats\u00e4chlich drei ganze Bohrer zerst\u00f6rt.<br \/>\nNa ok, vier.<br \/>\nAlso h\u00f6chstens f\u00fcnf!<\/p>\n<p><a href=\"https:\/\/i0.wp.com\/www.dannwollenwirmal.de\/wp-content\/uploads\/2016\/01\/IMG_4031.jpg\"><img data-attachment-id=\"1280\" data-permalink=\"http:\/\/www.dannwollenwirmal.de\/?attachment_id=1280#main\" data-orig-file=\"https:\/\/i0.wp.com\/www.dannwollenwirmal.de\/wp-content\/uploads\/2016\/01\/IMG_4031.jpg?fit=652%2C652\" data-orig-size=\"652,652\" data-comments-opened=\"1\" data-image-meta=\"{&quot;aperture&quot;:&quot;2.2&quot;,&quot;credit&quot;:&quot;&quot;,&quot;camera&quot;:&quot;iPhone 6&quot;,&quot;caption&quot;:&quot;&quot;,&quot;created_timestamp&quot;:&quot;1452723700&quot;,&quot;copyright&quot;:&quot;&quot;,&quot;focal_length&quot;:&quot;4.15&quot;,&quot;iso&quot;:&quot;400&quot;,&quot;shutter_speed&quot;:&quot;0.066666666666667&quot;,&quot;title&quot;:&quot;&quot;,&quot;orientation&quot;:&quot;1&quot;}\" data-image-title=\"IMG_4031\" data-image-description=\"&lt;p&gt;Kaputte Bohrer&lt;\/p&gt;\n\" data-image-caption=\"\" data-medium-file=\"https:\/\/i0.wp.com\/www.dannwollenwirmal.de\/wp-content\/uploads\/2016\/01\/IMG_4031.jpg?fit=300%2C300\" data-large-file=\"https:\/\/i0.wp.com\/www.dannwollenwirmal.de\/wp-content\/uploads\/2016\/01\/IMG_4031.jpg?fit=652%2C652\" loading=\"lazy\" class=\"alignnone size-full wp-image-1280\" src=\"https:\/\/i0.wp.com\/www.dannwollenwirmal.de\/wp-content\/uploads\/2016\/01\/IMG_4031.jpg?resize=652%2C652\" alt=\"IMG_4031\" width=\"652\" height=\"652\" srcset=\"https:\/\/i0.wp.com\/www.dannwollenwirmal.de\/wp-content\/uploads\/2016\/01\/IMG_4031.jpg?w=652 652w, https:\/\/i0.wp.com\/www.dannwollenwirmal.de\/wp-content\/uploads\/2016\/01\/IMG_4031.jpg?resize=150%2C150 150w, https:\/\/i0.wp.com\/www.dannwollenwirmal.de\/wp-content\/uploads\/2016\/01\/IMG_4031.jpg?resize=300%2C300 300w\" sizes=\"(max-width: 652px) 100vw, 652px\" data-recalc-dims=\"1\" \/><\/a><br \/>\n<em>Die Leichen<\/em><\/p>\n<p>Am ersten Tag wollte ich eigentlich mal mit der Beplankung fertig sein, oder zumindest angefangen haben. Am Ende von Tag eins war dann allerdings &#8217;nur&#8216; der Gro\u00dfteil der UK fertig:<\/p>\n<p><a href=\"https:\/\/i1.wp.com\/www.dannwollenwirmal.de\/wp-content\/uploads\/2016\/01\/IMG_4027.jpg\"><img data-attachment-id=\"1281\" data-permalink=\"http:\/\/www.dannwollenwirmal.de\/?attachment_id=1281#main\" data-orig-file=\"https:\/\/i1.wp.com\/www.dannwollenwirmal.de\/wp-content\/uploads\/2016\/01\/IMG_4027.jpg?fit=652%2C652\" data-orig-size=\"652,652\" data-comments-opened=\"1\" data-image-meta=\"{&quot;aperture&quot;:&quot;2.2&quot;,&quot;credit&quot;:&quot;&quot;,&quot;camera&quot;:&quot;iPhone 6&quot;,&quot;caption&quot;:&quot;&quot;,&quot;created_timestamp&quot;:&quot;1452621981&quot;,&quot;copyright&quot;:&quot;&quot;,&quot;focal_length&quot;:&quot;4.15&quot;,&quot;iso&quot;:&quot;250&quot;,&quot;shutter_speed&quot;:&quot;0.066666666666667&quot;,&quot;title&quot;:&quot;&quot;,&quot;orientation&quot;:&quot;1&quot;}\" data-image-title=\"IMG_4027\" data-image-description=\"&lt;p&gt;Direkt befestigte Decke&lt;\/p&gt;\n\" data-image-caption=\"\" data-medium-file=\"https:\/\/i1.wp.com\/www.dannwollenwirmal.de\/wp-content\/uploads\/2016\/01\/IMG_4027.jpg?fit=300%2C300\" data-large-file=\"https:\/\/i1.wp.com\/www.dannwollenwirmal.de\/wp-content\/uploads\/2016\/01\/IMG_4027.jpg?fit=652%2C652\" loading=\"lazy\" class=\"alignnone size-full wp-image-1281\" src=\"https:\/\/i1.wp.com\/www.dannwollenwirmal.de\/wp-content\/uploads\/2016\/01\/IMG_4027.jpg?resize=652%2C652\" alt=\"IMG_4027\" width=\"652\" height=\"652\" srcset=\"https:\/\/i1.wp.com\/www.dannwollenwirmal.de\/wp-content\/uploads\/2016\/01\/IMG_4027.jpg?w=652 652w, https:\/\/i1.wp.com\/www.dannwollenwirmal.de\/wp-content\/uploads\/2016\/01\/IMG_4027.jpg?resize=150%2C150 150w, https:\/\/i1.wp.com\/www.dannwollenwirmal.de\/wp-content\/uploads\/2016\/01\/IMG_4027.jpg?resize=300%2C300 300w\" sizes=\"(max-width: 652px) 100vw, 652px\" data-recalc-dims=\"1\" \/><\/a><br \/>\n<em>Ende Tag 1<\/em><\/p>\n<p>Das System ist eigentlich gar nicht so schlecht, eignet sich aber ehrlichweise nur f\u00fcr bereits nivellierte Decken, also zum Beispiel das Beplanken einer fertigen Putzdecke oder Paneelendecke. Die Bunkerdecke war nun eigentlich nicht so 100%ig gerade. Ich musste also hier und da mit dem H\u00e4mmerchen Schalungsnasen entfernen und auch die Position der Klickfixe so w\u00e4hlen, dass sie nicht auf einer Erhebung oder Senke der Rohdecke sitzen. Am zweiten Tag habe ich dann mal den Laser drangehalten, es war tats\u00e4chlich besser als bef\u00fcrchtet. Hier und da ein bi\u00dfchen mit dem Montiereisen nachbiegen, aber wenn man ehrlich ist, lassen sich die Direktbefestiger <em>nicht<\/em> justieren und ausrichten. Sind halt f\u00fcr die direkte Befestigung, wie der Name schon sagt. Laut Laser gibt es auch etwa einen Zentimeter Differenz von einer Raumecke zur anderen. Aber da die beiden Ecken acht Meter voneinander entfernt sind, kann man damit wohl leben.<\/p>\n<p>Zum Klicken des Klickfix braucht es etwas \u00dcbung, vor allem wenn die Decke nicht babypopoglatt ist. Der ein oder andere Justierschlag mit dem H\u00e4mmerchen \u00fcberredet dann aber doch jede Verbindung zum Einrasten. Nachdem alle CD-Profile angebracht waren, wurde dann noch beplankt und gespachtelt, und summa summarum zog sich die ganze Aktion dann an Tag zwei bis 23 Uhr hin, und ich wollte und musste fertig werden, da am n\u00e4chsten Tag der Maler kommen und deswegen keine Verz\u00f6gerungen entstehen sollten.<\/p>\n<p>Am Ende taten mir dann alle Gr\u00e4ten weh und ich war sogar zu schwach, um noch ein Nachher-Bild zu machen. \u00c4chzend robbte ich mich in die Dusche und dann ins Bett, und w\u00e4hrend der 10 Minuten vor der Tiefschlafphase schwor ich mir tats\u00e4chlich, nie wieder &#8211; &#8211; &#8211; aber eigentlich war es ja doch ganz sch\u00f6n. Am Ende sah es schon ganz gut aus und der Maler war wohl auch sehr zufrieden.<\/p>\n<p>Und nun stellte sich heraus: Ich habe auch \u00fcberhaupt gar nicht zu lange gebraucht! Woher ich das wei\u00df? Die Firma Rigips bietet kostenlos das <strong><a href=\"http:\/\/www.rigips.de\/systeme-kalkulation\">RiKs-Kalkulationstool<\/a><\/strong> an, mit dem auch ich meine Trockenbau-Baustellen vorkalkuliere. Anhand des ausgew\u00e4hlten Systems und der Eingabe der Fl\u00e4che errechnet die Online-Software den Materialbedarf (praktisch f\u00fcr die Bestellung) und eben auch den Zeitbedarf:<\/p>\n<p><a href=\"https:\/\/i2.wp.com\/www.dannwollenwirmal.de\/wp-content\/uploads\/2016\/01\/IMG_4034.jpg\"><img data-attachment-id=\"1283\" data-permalink=\"http:\/\/www.dannwollenwirmal.de\/?attachment_id=1283#main\" data-orig-file=\"https:\/\/i2.wp.com\/www.dannwollenwirmal.de\/wp-content\/uploads\/2016\/01\/IMG_4034.jpg?fit=652%2C652\" data-orig-size=\"652,652\" data-comments-opened=\"1\" data-image-meta=\"{&quot;aperture&quot;:&quot;2.2&quot;,&quot;credit&quot;:&quot;&quot;,&quot;camera&quot;:&quot;iPhone 6&quot;,&quot;caption&quot;:&quot;&quot;,&quot;created_timestamp&quot;:&quot;1452899279&quot;,&quot;copyright&quot;:&quot;&quot;,&quot;focal_length&quot;:&quot;4.15&quot;,&quot;iso&quot;:&quot;32&quot;,&quot;shutter_speed&quot;:&quot;0.033333333333333&quot;,&quot;title&quot;:&quot;&quot;,&quot;orientation&quot;:&quot;1&quot;}\" data-image-title=\"IMG_4034\" data-image-description=\"&lt;p&gt;RiKs&lt;\/p&gt;\n\" data-image-caption=\"\" data-medium-file=\"https:\/\/i2.wp.com\/www.dannwollenwirmal.de\/wp-content\/uploads\/2016\/01\/IMG_4034.jpg?fit=300%2C300\" data-large-file=\"https:\/\/i2.wp.com\/www.dannwollenwirmal.de\/wp-content\/uploads\/2016\/01\/IMG_4034.jpg?fit=652%2C652\" loading=\"lazy\" class=\"alignnone size-full wp-image-1283\" src=\"https:\/\/i2.wp.com\/www.dannwollenwirmal.de\/wp-content\/uploads\/2016\/01\/IMG_4034.jpg?resize=652%2C652\" alt=\"IMG_4034\" width=\"652\" height=\"652\" srcset=\"https:\/\/i2.wp.com\/www.dannwollenwirmal.de\/wp-content\/uploads\/2016\/01\/IMG_4034.jpg?w=652 652w, https:\/\/i2.wp.com\/www.dannwollenwirmal.de\/wp-content\/uploads\/2016\/01\/IMG_4034.jpg?resize=150%2C150 150w, https:\/\/i2.wp.com\/www.dannwollenwirmal.de\/wp-content\/uploads\/2016\/01\/IMG_4034.jpg?resize=300%2C300 300w\" sizes=\"(max-width: 652px) 100vw, 652px\" data-recalc-dims=\"1\" \/><\/a><br \/>\n<em>Zeitbedarf pro m\u00b2: 0,5 Stunden<\/em><\/p>\n<p>Die Materialmengen passen ganz gut, nur bei den Metallprofilen spuckt mir das Programm <em>immer<\/em> zu viel aus (man kann die Menge pro m\u00b2 auch \u00e4ndern, aber die ideale Einstellung habe ich noch nicht gefunden. Ich hatte ja die Hoffnung, dass mir Rigips da die ideale Einstellung einfach vorgibt!). Als Zeitbedarf wird 0,5h pro qm angegeben, es waren 34,85 qm, also:<\/p>\n<p><a href=\"https:\/\/i0.wp.com\/www.dannwollenwirmal.de\/wp-content\/uploads\/2016\/01\/IMG_4033.jpg\"><img data-attachment-id=\"1284\" data-permalink=\"http:\/\/www.dannwollenwirmal.de\/?attachment_id=1284#main\" data-orig-file=\"https:\/\/i0.wp.com\/www.dannwollenwirmal.de\/wp-content\/uploads\/2016\/01\/IMG_4033-e1452898426221.jpg?fit=1280%2C1280\" data-orig-size=\"1280,1280\" data-comments-opened=\"1\" data-image-meta=\"{&quot;aperture&quot;:&quot;2.2&quot;,&quot;credit&quot;:&quot;&quot;,&quot;camera&quot;:&quot;iPhone 6&quot;,&quot;caption&quot;:&quot;&quot;,&quot;created_timestamp&quot;:&quot;1452899131&quot;,&quot;copyright&quot;:&quot;&quot;,&quot;focal_length&quot;:&quot;4.15&quot;,&quot;iso&quot;:&quot;32&quot;,&quot;shutter_speed&quot;:&quot;0.033333333333333&quot;,&quot;title&quot;:&quot;&quot;,&quot;orientation&quot;:&quot;6&quot;}\" data-image-title=\"IMG_4033\" data-image-description=\"&lt;p&gt;RiKs&lt;\/p&gt;\n\" data-image-caption=\"\" data-medium-file=\"https:\/\/i0.wp.com\/www.dannwollenwirmal.de\/wp-content\/uploads\/2016\/01\/IMG_4033-e1452898426221.jpg?fit=300%2C300\" data-large-file=\"https:\/\/i0.wp.com\/www.dannwollenwirmal.de\/wp-content\/uploads\/2016\/01\/IMG_4033-e1452898426221.jpg?fit=652%2C652\" loading=\"lazy\" class=\"alignnone wp-image-1284 size-large\" src=\"https:\/\/i0.wp.com\/www.dannwollenwirmal.de\/wp-content\/uploads\/2016\/01\/IMG_4033-e1452898426221-1024x1024.jpg?resize=652%2C652\" alt=\"IMG_4033\" width=\"652\" height=\"652\" srcset=\"https:\/\/i0.wp.com\/www.dannwollenwirmal.de\/wp-content\/uploads\/2016\/01\/IMG_4033-e1452898426221.jpg?resize=1024%2C1024 1024w, https:\/\/i0.wp.com\/www.dannwollenwirmal.de\/wp-content\/uploads\/2016\/01\/IMG_4033-e1452898426221.jpg?resize=150%2C150 150w, https:\/\/i0.wp.com\/www.dannwollenwirmal.de\/wp-content\/uploads\/2016\/01\/IMG_4033-e1452898426221.jpg?resize=300%2C300 300w, https:\/\/i0.wp.com\/www.dannwollenwirmal.de\/wp-content\/uploads\/2016\/01\/IMG_4033-e1452898426221.jpg?w=1280 1280w\" sizes=\"(max-width: 652px) 100vw, 652px\" data-recalc-dims=\"1\" \/><\/a><em><br \/>\n17,425 Stunden!<\/em><\/p>\n<p>Anstatt 17,425 habe ich 20 gebraucht. Aber auch mit Rohdecke bekl\u00f6ppeln, Wandanschluss in h\u00fcbsch mit Trennfix, Material rein- und rausschleppen, saubermachen und schlau rumlabern. Also alles im gr\u00fcnen Bereich. Das ist im Nachhinein schon wieder beruhigend. Und auch die Knochen haben sich langsam erhohlt, und ich hab schon wieder Bock \ud83d\ude42 Direkt als n\u00e4chstes geht&#8217;s dann weiter beim Kollegen im Obergeschoss. Auch da werde ich die Direktbefestiger einsetzen, allerdings an einer schon nivellierten Decke und vor allem an einer <em>Holzdecke!<\/em> Das d\u00fcrfte doch dann wohl schneller gehen! Ich werde hier davon berichten, sofern ich mich danach noch bewegen kann.<\/p>\n<p>Krawehl, Krawehl, oweh, bis n\u00e4chste Woche!<\/p>\n<p>&nbsp;<\/p>\n<div class=\"sharedaddy sd-sharing-enabled\"><div class=\"robots-nocontent sd-block sd-social sd-social-icon-text sd-sharing\"><h3 class=\"sd-title\">Teilen mit:<\/h3><div class=\"sd-content\"><ul><li class=\"share-email\"><a rel=\"nofollow noopener noreferrer\" data-shared=\"\" class=\"share-email sd-button share-icon\" href=\"http:\/\/www.dannwollenwirmal.de\/?p=1277&amp;share=email\" target=\"_blank\" title=\"Klick, um dies einem Freund per E-Mail zu senden\"><span>E-Mail<\/span><\/a><\/li><li class=\"share-print\"><a rel=\"nofollow noopener noreferrer\" data-shared=\"\" class=\"share-print sd-button share-icon\" href=\"http:\/\/www.dannwollenwirmal.de\/?p=1277\" target=\"_blank\" title=\"Klicken zum Ausdrucken\"><span>Drucken<\/span><\/a><\/li><li class=\"share-facebook\"><a rel=\"nofollow noopener noreferrer\" data-shared=\"sharing-facebook-1277\" class=\"share-facebook sd-button share-icon\" href=\"http:\/\/www.dannwollenwirmal.de\/?p=1277&amp;share=facebook\" target=\"_blank\" title=\"Klick, um auf Facebook zu teilen\"><span>Facebook<\/span><\/a><\/li><li class=\"share-twitter\"><a rel=\"nofollow noopener noreferrer\" data-shared=\"sharing-twitter-1277\" class=\"share-twitter sd-button share-icon\" href=\"http:\/\/www.dannwollenwirmal.de\/?p=1277&amp;share=twitter\" target=\"_blank\" title=\"Klick, um \u00fcber Twitter zu teilen\"><span>Twitter<\/span><\/a><\/li><li class=\"share-pinterest\"><a rel=\"nofollow noopener noreferrer\" data-shared=\"sharing-pinterest-1277\" class=\"share-pinterest sd-button share-icon\" href=\"http:\/\/www.dannwollenwirmal.de\/?p=1277&amp;share=pinterest\" target=\"_blank\" title=\"Klick, um auf Pinterest zu teilen\"><span>Pinterest<\/span><\/a><\/li><li class=\"share-linkedin\"><a rel=\"nofollow noopener noreferrer\" data-shared=\"sharing-linkedin-1277\" class=\"share-linkedin sd-button share-icon\" href=\"http:\/\/www.dannwollenwirmal.de\/?p=1277&amp;share=linkedin\" target=\"_blank\" title=\"Klick, um auf LinkedIn zu teilen\"><span>LinkedIn<\/span><\/a><\/li><li class=\"share-end\"><\/li><\/ul><\/div><\/div><\/div>","protected":false},"excerpt":{"rendered":"<p>Kinder, Kinder, ich bin ja nun auch nicht mehr der J\u00fcngste! Das letzte Projekt hat mich dann doch ganz sch\u00f6n gepl\u00e4ttet, und ich habe mir mindestens zehn Minuten geschworen, niemals wieder&#8230; ach, es geht ja schon wieder. Im Grunde habe ich mich einfach nur ein wenig versch\u00e4tzt. Man sollte sich Baustellen doch immer vorher anschauen. [&hellip;]<\/p>\n<div class=\"sharedaddy sd-sharing-enabled\"><div class=\"robots-nocontent sd-block sd-social sd-social-icon-text sd-sharing\"><h3 class=\"sd-title\">Teilen mit:<\/h3><div class=\"sd-content\"><ul><li class=\"share-email\"><a rel=\"nofollow noopener noreferrer\" data-shared=\"\" class=\"share-email sd-button share-icon\" href=\"http:\/\/www.dannwollenwirmal.de\/?p=1277&amp;share=email\" target=\"_blank\" title=\"Klick, um dies einem Freund per E-Mail zu senden\"><span>E-Mail<\/span><\/a><\/li><li class=\"share-print\"><a rel=\"nofollow noopener noreferrer\" data-shared=\"\" class=\"share-print sd-button share-icon\" href=\"http:\/\/www.dannwollenwirmal.de\/?p=1277\" target=\"_blank\" title=\"Klicken zum Ausdrucken\"><span>Drucken<\/span><\/a><\/li><li class=\"share-facebook\"><a rel=\"nofollow noopener noreferrer\" data-shared=\"sharing-facebook-1277\" class=\"share-facebook sd-button share-icon\" href=\"http:\/\/www.dannwollenwirmal.de\/?p=1277&amp;share=facebook\" target=\"_blank\" title=\"Klick, um auf Facebook zu teilen\"><span>Facebook<\/span><\/a><\/li><li class=\"share-twitter\"><a rel=\"nofollow noopener noreferrer\" data-shared=\"sharing-twitter-1277\" class=\"share-twitter sd-button share-icon\" href=\"http:\/\/www.dannwollenwirmal.de\/?p=1277&amp;share=twitter\" target=\"_blank\" title=\"Klick, um \u00fcber Twitter zu teilen\"><span>Twitter<\/span><\/a><\/li><li class=\"share-pinterest\"><a rel=\"nofollow noopener noreferrer\" data-shared=\"sharing-pinterest-1277\" class=\"share-pinterest sd-button share-icon\" href=\"http:\/\/www.dannwollenwirmal.de\/?p=1277&amp;share=pinterest\" target=\"_blank\" title=\"Klick, um auf Pinterest zu teilen\"><span>Pinterest<\/span><\/a><\/li><li class=\"share-linkedin\"><a rel=\"nofollow noopener noreferrer\" data-shared=\"sharing-linkedin-1277\" class=\"share-linkedin sd-button share-icon\" href=\"http:\/\/www.dannwollenwirmal.de\/?p=1277&amp;share=linkedin\" target=\"_blank\" title=\"Klick, um auf LinkedIn zu teilen\"><span>LinkedIn<\/span><\/a><\/li><li class=\"share-end\"><\/li><\/ul><\/div><\/div><\/div>","protected":false},"author":1,"featured_media":0,"comment_status":"open","ping_status":"open","sticky":false,"template":"","format":"standard","meta":{"advanced_seo_description":"","spay_email":"","jetpack_publicize_message":"","jetpack_is_tweetstorm":false,"jetpack_publicize_feature_enabled":true},"categories":[1,62],"tags":[339,100,337,338],"jetpack_featured_media_url":"","jetpack_publicize_connections":[],"jetpack_shortlink":"https:\/\/wp.me\/p3WtlO-kB","jetpack_sharing_enabled":true,"jetpack-related-posts":[{"id":2117,"url":"http:\/\/www.dannwollenwirmal.de\/?p=2117","url_meta":{"origin":1277,"position":0},"title":"Freischwinger","date":"10. Dezember 2017","format":false,"excerpt":"Auch wenn der Suchbegriff \"Gipskarton auf Holzlatten Dichtung\" mich kurz hat \u00fcberlegen lassen, ob ich nun was \u00fcber Gipskarton auf Holzlatten dichten soll (Lass das mit der Latte sein, Profil kommt in die Decke rein! Magst Du diese nicht, was solls - nimm halt doch dein krummes Holz), geht es\u2026","rel":"","context":"In &quot;Allgemein&quot;","img":{"alt_text":"","src":"https:\/\/i1.wp.com\/www.dannwollenwirmal.de\/wp-content\/uploads\/2017\/12\/IMG_5965-2-1024x1024.jpg?resize=350%2C200","width":350,"height":200},"classes":[]},{"id":885,"url":"http:\/\/www.dannwollenwirmal.de\/?p=885","url_meta":{"origin":1277,"position":1},"title":"Nasszellentrockenbau","date":"8. M\u00e4rz 2015","format":false,"excerpt":"Heiter geht es weiter im Badezimmer der Tr\u00e4ume. Nachdem beim letzten mal die W\u00e4nde und Fliesen entfernt und die Au\u00dfenw\u00e4nde verputzt wurden, geht es nun an den Trockenbau. Es sollte eine neue Trennwand mit T\u00fcr\u00f6ffnung installiert werden, au\u00dferdem hat man sich entschlossen, die Decke abzuh\u00e4ngen. Die Decke h\u00e4tte ich ehrlicherweise\u2026","rel":"","context":"In &quot;Allgemein&quot;","img":{"alt_text":"","src":"https:\/\/i1.wp.com\/www.dannwollenwirmal.de\/wp-content\/uploads\/2015\/03\/IMG_3293.jpg?resize=350%2C200","width":350,"height":200},"classes":[]},{"id":404,"url":"http:\/\/www.dannwollenwirmal.de\/?p=404","url_meta":{"origin":1277,"position":2},"title":"Ooops&#8230;!","date":"30. M\u00e4rz 2014","format":false,"excerpt":"Aus der Reihe \"Heimwerker-Anekdoten\": Meine n\u00e4heren Verwandten hatten im Wohnzimmer (abgeh\u00e4ngte Decke) drei LED-Einbauspots der ersten Generation, \u00fcber die man sich schon seit Anbeginn \u00e4rgerte (Helligkeitsstufe Gl\u00fchw\u00fcrmchen und Lichtfarbe Leichenhaus) und die nun auch gar nicht mehr funktionierten. Ich habe gro\u00dfspurig angeboten, diese auszutauschen. Wir besorgten Neue und durch das\u2026","rel":"","context":"In &quot;Allgemein&quot;","img":{"alt_text":"","src":"https:\/\/i2.wp.com\/www.dannwollenwirmal.de\/wp-content\/uploads\/2014\/03\/nord6.jpg?resize=350%2C200","width":350,"height":200},"classes":[]},{"id":2138,"url":"http:\/\/www.dannwollenwirmal.de\/?p=2138","url_meta":{"origin":1277,"position":3},"title":"Krawall im Pferdestall","date":"7. Januar 2018","format":false,"excerpt":"Frohes Neues Jahr, liebste Leser, S\u00e4ger, Schrauber, Kommentierer und (Ver)Zweifler! Ich hoffe ihr seid genau so gut \"reingekommen\" wie ich und habt die Silvesternacht anstatt mit zielloser Knallerei mit entsprechenden Ausbaut\u00e4tigkeiten verbracht. B\u00f6llern kann jeder, aber wenn man um 23:12 anf\u00e4ngt, an einer mittleren Wand herumzustemmen, st\u00fctzt um Punkt 12\u2026","rel":"","context":"In &quot;Allgemein&quot;","img":{"alt_text":"","src":"https:\/\/i1.wp.com\/www.dannwollenwirmal.de\/wp-content\/uploads\/2018\/01\/IMG_6003.jpg?resize=350%2C200","width":350,"height":200},"classes":[]},{"id":969,"url":"http:\/\/www.dannwollenwirmal.de\/?p=969","url_meta":{"origin":1277,"position":4},"title":"Heimwerker-Training","date":"10. Mai 2015","format":false,"excerpt":"W\u00e4hrend mir mein Lieblings-Suchbegriff der Woche \"holzterasse mit bauschaum stabilisieren\" ein mittelschweres Sodbrennen verursacht hat, sollte ich hier vielleicht mal mit der abgeh\u00e4ngten Decke weitermachen? VIELLEICHT? Viele Leser bauen ja auch die Projekte nach, und jetzt stehen sie da seit zwei Wochen mit der Kelle in der Hand und warten,\u2026","rel":"","context":"In &quot;Allgemein&quot;","img":{"alt_text":"","src":"https:\/\/i0.wp.com\/www.dannwollenwirmal.de\/wp-content\/uploads\/2015\/05\/IMG_3439.jpg?resize=350%2C200","width":350,"height":200},"classes":[]},{"id":1150,"url":"http:\/\/www.dannwollenwirmal.de\/?p=1150","url_meta":{"origin":1277,"position":5},"title":"Das zwei-Wochen-Bad, Teil 1","date":"25. Oktober 2015","format":false,"excerpt":"Das Sch\u00f6ne an meinen drei bis vier Bad-Umbauten pro Jahr ist ja, dass es jedes mal etwas Neues ist, weil immer irgendwelche Besonderheiten lauern (ist das wirklich das Sch\u00f6ne? Hmmm...) Bei meinem jetzigen Projekt, das ich Anfang dieser Woche begonnen habe, gibt es gleich zwei Besonderheiten: Erstens muss der gesamte\u2026","rel":"","context":"In &quot;Allgemein&quot;","img":{"alt_text":"","src":"https:\/\/i2.wp.com\/www.dannwollenwirmal.de\/wp-content\/uploads\/2015\/10\/IMG_3798.jpg?resize=350%2C200","width":350,"height":200},"classes":[]}],"_links":{"self":[{"href":"http:\/\/www.dannwollenwirmal.de\/index.php?rest_route=\/wp\/v2\/posts\/1277"}],"collection":[{"href":"http:\/\/www.dannwollenwirmal.de\/index.php?rest_route=\/wp\/v2\/posts"}],"about":[{"href":"http:\/\/www.dannwollenwirmal.de\/index.php?rest_route=\/wp\/v2\/types\/post"}],"author":[{"embeddable":true,"href":"http:\/\/www.dannwollenwirmal.de\/index.php?rest_route=\/wp\/v2\/users\/1"}],"replies":[{"embeddable":true,"href":"http:\/\/www.dannwollenwirmal.de\/index.php?rest_route=%2Fwp%2Fv2%2Fcomments&post=1277"}],"version-history":[{"count":5,"href":"http:\/\/www.dannwollenwirmal.de\/index.php?rest_route=\/wp\/v2\/posts\/1277\/revisions"}],"predecessor-version":[{"id":1289,"href":"http:\/\/www.dannwollenwirmal.de\/index.php?rest_route=\/wp\/v2\/posts\/1277\/revisions\/1289"}],"wp:attachment":[{"href":"http:\/\/www.dannwollenwirmal.de\/index.php?rest_route=%2Fwp%2Fv2%2Fmedia&parent=1277"}],"wp:term":[{"taxonomy":"category","embeddable":true,"href":"http:\/\/www.dannwollenwirmal.de\/index.php?rest_route=%2Fwp%2Fv2%2Fcategories&post=1277"},{"taxonomy":"post_tag","embeddable":true,"href":"http:\/\/www.dannwollenwirmal.de\/index.php?rest_route=%2Fwp%2Fv2%2Ftags&post=1277"}],"curies":[{"name":"wp","href":"https:\/\/api.w.org\/{rel}","templated":true}]}}