{"id":1260,"date":"2016-01-10T08:00:43","date_gmt":"2016-01-10T07:00:43","guid":{"rendered":"http:\/\/www.dannwollenwirmal.de\/?p=1260"},"modified":"2016-01-15T19:59:07","modified_gmt":"2016-01-15T18:59:07","slug":"rebellion","status":"publish","type":"post","link":"http:\/\/www.dannwollenwirmal.de\/?p=1260","title":{"rendered":"Rebellion!"},"content":{"rendered":"<p>Vielen Dank, liebste Leser, f\u00fcr die gro\u00dfe Resonanz auf den M\u00fcllbeitrag von letzter Woche! Kaum schreibe ich mal nicht \u00fcber Staub und Dreck, werden alle wieder wach! Viele Leute teilten mir in reichlichen Zuschriften ihre pers\u00f6nlichen M\u00fclltonnengr\u00f6\u00dfen mit, hier im Blog wird noch eifrig \u00fcber Katzenstreu diskutiert (Danke f\u00fcr den Hinweis, Tommy, wir haben es probiert aber es stinkt leider alles doppelt so schlimm wie ohne <em>Bio<\/em> \ud83d\ude09\u00a0 ) und man kann sagen, das Ganze erregt die Gem\u00fcter. Mein Fazit ist, dass unsere Tonnen tendenziell eher klein sind und ich n\u00f6tigenfalls auf eine Nummer gr\u00f6\u00dfer umsteigen k\u00f6nnte, ohne eklatante Gewissensbisse haben zu m\u00fcssen.<\/p>\n<p>In dieser Woche wollte ich eigentlich ein wenig in den Januar d\u00fcmpeln und nochmal \u00fcber M\u00fclltrennung nachdenken, da erreichte mich der Notruf meiner Herrschaften Eltern, die ein Zimmer renovieren <em>lassen<\/em> und in dem sich nach dem Abl\u00f6sen der Tapete einige <del>be\u00e4ngstigende<\/del> deutliche Risse in den W\u00e4nden gezeigt haben. Ich habe dort ja <a href=\"http:\/\/www.dannwollenwirmal.de\/?p=830\"><strong>schonmal<\/strong> <\/a>eine Wandsanierung gemacht, dieses mal sind die Risse allerdings erstens in einer anderen, weiter entfernten Wand und zweitens noch deutlich gr\u00f6\u00dfer.<\/p>\n<p>Ich habe mal in Schwiegervaters Maurerbuch von einer Methode gelesen, mit der Risse mit einer <em>M\u00f6rtelschl\u00e4mme<\/em> gef\u00fcllt werden k\u00f6nnen. Diese Risse waren n\u00e4mlich zu breit f\u00fcr die Anwendung von Strukturacryl bzw. &#8218;einfach M\u00f6rtel reinschmieren&#8216; vom letzten mal.<\/p>\n<p><a href=\"https:\/\/i2.wp.com\/www.dannwollenwirmal.de\/wp-content\/uploads\/2016\/01\/IMG_4011.jpg\"><img data-attachment-id=\"1261\" data-permalink=\"http:\/\/www.dannwollenwirmal.de\/?attachment_id=1261#main\" data-orig-file=\"https:\/\/i2.wp.com\/www.dannwollenwirmal.de\/wp-content\/uploads\/2016\/01\/IMG_4011.jpg?fit=652%2C652\" data-orig-size=\"652,652\" data-comments-opened=\"1\" data-image-meta=\"{&quot;aperture&quot;:&quot;2.2&quot;,&quot;credit&quot;:&quot;&quot;,&quot;camera&quot;:&quot;iPhone 6&quot;,&quot;caption&quot;:&quot;&quot;,&quot;created_timestamp&quot;:&quot;1452076883&quot;,&quot;copyright&quot;:&quot;&quot;,&quot;focal_length&quot;:&quot;4.15&quot;,&quot;iso&quot;:&quot;125&quot;,&quot;shutter_speed&quot;:&quot;0.03030303030303&quot;,&quot;title&quot;:&quot;&quot;,&quot;orientation&quot;:&quot;1&quot;}\" data-image-title=\"IMG_4011\" data-image-description=\"&lt;p&gt;Riss Mauer&lt;\/p&gt;\n\" data-image-caption=\"\" data-medium-file=\"https:\/\/i2.wp.com\/www.dannwollenwirmal.de\/wp-content\/uploads\/2016\/01\/IMG_4011.jpg?fit=300%2C300\" data-large-file=\"https:\/\/i2.wp.com\/www.dannwollenwirmal.de\/wp-content\/uploads\/2016\/01\/IMG_4011.jpg?fit=652%2C652\" loading=\"lazy\" class=\"alignnone size-full wp-image-1261\" src=\"https:\/\/i2.wp.com\/www.dannwollenwirmal.de\/wp-content\/uploads\/2016\/01\/IMG_4011.jpg?resize=652%2C652\" alt=\"IMG_4011\" width=\"652\" height=\"652\" srcset=\"https:\/\/i2.wp.com\/www.dannwollenwirmal.de\/wp-content\/uploads\/2016\/01\/IMG_4011.jpg?w=652 652w, https:\/\/i2.wp.com\/www.dannwollenwirmal.de\/wp-content\/uploads\/2016\/01\/IMG_4011.jpg?resize=150%2C150 150w, https:\/\/i2.wp.com\/www.dannwollenwirmal.de\/wp-content\/uploads\/2016\/01\/IMG_4011.jpg?resize=300%2C300 300w\" sizes=\"(max-width: 652px) 100vw, 652px\" data-recalc-dims=\"1\" \/><\/a><br \/>\n<em>hier gerissen&#8230;<\/em><\/p>\n<p>Es ist alles ein bi\u00dfchen ambivalent, denn es handelt sich schon um eine Au\u00dfenwand, also irgendwo auch eine <em>tragende<\/em> Wand. Nun steht immerhin kein Geschoss obendrauf, letztendlich tr\u00e4gt die Wand also &#8222;nur&#8220; die <em>Fu\u00dfpfette<\/em> (hei\u00dft das so, liebe Zimmerleute?) des Dachstuhls. Bin ich also befugt, sowas zu richten? Nat\u00fcrlich nicht, eigentlich. Aber erstens ist es besser als gar nichts zu machen und zweitens gab es im gleichen Haus mal einen Fall von vor einigen Jahren, bei dem ein Maurerbetrieb eine rissige Wand abgetragen und neu aufgemauert hat. Ergebnis: Die gleichen Risse wie vorher, nur doppelt so gro\u00df. Soviel dazu. Au\u00dferdem habe ich hier ja einen freien, privaten und rebellischen Blog, von daher,liebe Leser: Flickt doch Eure Risse wie ihr m\u00f6gt! Das schlimmste, was passieren kann, ist, dass die ganze H\u00fctte zusammenbricht. (War das jetzt beruhigend?)<\/p>\n<p><a href=\"https:\/\/i0.wp.com\/www.dannwollenwirmal.de\/wp-content\/uploads\/2016\/01\/IMG_4012.jpg\"><img data-attachment-id=\"1262\" data-permalink=\"http:\/\/www.dannwollenwirmal.de\/?attachment_id=1262#main\" data-orig-file=\"https:\/\/i0.wp.com\/www.dannwollenwirmal.de\/wp-content\/uploads\/2016\/01\/IMG_4012.jpg?fit=652%2C652\" data-orig-size=\"652,652\" data-comments-opened=\"1\" data-image-meta=\"{&quot;aperture&quot;:&quot;2.2&quot;,&quot;credit&quot;:&quot;&quot;,&quot;camera&quot;:&quot;iPhone 6&quot;,&quot;caption&quot;:&quot;&quot;,&quot;created_timestamp&quot;:&quot;1452076887&quot;,&quot;copyright&quot;:&quot;&quot;,&quot;focal_length&quot;:&quot;4.15&quot;,&quot;iso&quot;:&quot;125&quot;,&quot;shutter_speed&quot;:&quot;0.03030303030303&quot;,&quot;title&quot;:&quot;&quot;,&quot;orientation&quot;:&quot;1&quot;}\" data-image-title=\"IMG_4012\" data-image-description=\"&lt;p&gt;Riss Mauerwerk&lt;\/p&gt;\n\" data-image-caption=\"\" data-medium-file=\"https:\/\/i0.wp.com\/www.dannwollenwirmal.de\/wp-content\/uploads\/2016\/01\/IMG_4012.jpg?fit=300%2C300\" data-large-file=\"https:\/\/i0.wp.com\/www.dannwollenwirmal.de\/wp-content\/uploads\/2016\/01\/IMG_4012.jpg?fit=652%2C652\" loading=\"lazy\" class=\"alignnone size-full wp-image-1262\" src=\"https:\/\/i0.wp.com\/www.dannwollenwirmal.de\/wp-content\/uploads\/2016\/01\/IMG_4012.jpg?resize=652%2C652\" alt=\"IMG_4012\" width=\"652\" height=\"652\" srcset=\"https:\/\/i0.wp.com\/www.dannwollenwirmal.de\/wp-content\/uploads\/2016\/01\/IMG_4012.jpg?w=652 652w, https:\/\/i0.wp.com\/www.dannwollenwirmal.de\/wp-content\/uploads\/2016\/01\/IMG_4012.jpg?resize=150%2C150 150w, https:\/\/i0.wp.com\/www.dannwollenwirmal.de\/wp-content\/uploads\/2016\/01\/IMG_4012.jpg?resize=300%2C300 300w\" sizes=\"(max-width: 652px) 100vw, 652px\" data-recalc-dims=\"1\" \/><\/a><br \/>\n<em>&#8230;und da oben&#8230;<\/em><\/p>\n<p>Der Plan ist der folgende: Die Risse im Inneren werden mit der M\u00f6rtelschl\u00e4mme-Methode gef\u00fcllt. Sobald der Boden drau\u00dfen <em>nicht<\/em> mehr vereist und zugeschneit ist, wird neben der Mauer ausgeschachtet, bis unter die Fundamentsohle, und dort das Fundament ert\u00fcchtigt (vermutlich so \u00e4hnlich wie bei dem besagten Projekt vom letzten Jahr). Und dann hei\u00dft es: &#8218;wir beobachten das mal&#8216;. Wenn wieder neue Risse entstehen, muss doch mal einer vom Fach gucken, aber die kochen ja auch nur mit Wasser.<\/p>\n<p><a href=\"https:\/\/i0.wp.com\/www.dannwollenwirmal.de\/wp-content\/uploads\/2016\/01\/IMG_4017.jpg\"><img data-attachment-id=\"1263\" data-permalink=\"http:\/\/www.dannwollenwirmal.de\/?attachment_id=1263#main\" data-orig-file=\"https:\/\/i0.wp.com\/www.dannwollenwirmal.de\/wp-content\/uploads\/2016\/01\/IMG_4017.jpg?fit=652%2C652\" data-orig-size=\"652,652\" data-comments-opened=\"1\" data-image-meta=\"{&quot;aperture&quot;:&quot;2.2&quot;,&quot;credit&quot;:&quot;&quot;,&quot;camera&quot;:&quot;iPhone 6&quot;,&quot;caption&quot;:&quot;&quot;,&quot;created_timestamp&quot;:&quot;1452094861&quot;,&quot;copyright&quot;:&quot;&quot;,&quot;focal_length&quot;:&quot;4.15&quot;,&quot;iso&quot;:&quot;32&quot;,&quot;shutter_speed&quot;:&quot;0.033333333333333&quot;,&quot;title&quot;:&quot;&quot;,&quot;orientation&quot;:&quot;1&quot;}\" data-image-title=\"IMG_4017\" data-image-description=\"&lt;p&gt;Riss Fassade&lt;\/p&gt;\n\" data-image-caption=\"\" data-medium-file=\"https:\/\/i0.wp.com\/www.dannwollenwirmal.de\/wp-content\/uploads\/2016\/01\/IMG_4017.jpg?fit=300%2C300\" data-large-file=\"https:\/\/i0.wp.com\/www.dannwollenwirmal.de\/wp-content\/uploads\/2016\/01\/IMG_4017.jpg?fit=652%2C652\" loading=\"lazy\" class=\"alignnone size-full wp-image-1263\" src=\"https:\/\/i0.wp.com\/www.dannwollenwirmal.de\/wp-content\/uploads\/2016\/01\/IMG_4017.jpg?resize=652%2C652\" alt=\"IMG_4017\" width=\"652\" height=\"652\" srcset=\"https:\/\/i0.wp.com\/www.dannwollenwirmal.de\/wp-content\/uploads\/2016\/01\/IMG_4017.jpg?w=652 652w, https:\/\/i0.wp.com\/www.dannwollenwirmal.de\/wp-content\/uploads\/2016\/01\/IMG_4017.jpg?resize=150%2C150 150w, https:\/\/i0.wp.com\/www.dannwollenwirmal.de\/wp-content\/uploads\/2016\/01\/IMG_4017.jpg?resize=300%2C300 300w\" sizes=\"(max-width: 652px) 100vw, 652px\" data-recalc-dims=\"1\" \/><\/a><br \/>\n<em>&#8230;setzt sich auch au\u00dfen fort!<\/em><\/p>\n<p>Achja, Ursachenforschung! Jede Wand in dem Haus hat eigentlich ein anderes Baujahr, von 1832 (tats\u00e4chlich!) \u00fcber die 50er, 70er, letzte W\u00e4nde aus den 80er Jahren. Es wurde viel selber gemacht, und das Fundament-Thema hatte jetzt, sagen wir mal, nicht Top-Priorit\u00e4t. Auch hier ist es scheinbar ein Streifenfundament (<a href=\"http:\/\/www.dannwollenwirmal.de\/?p=830\"><strong>hier<\/strong> <\/a>war es ja auch so: Sparfundament auf Bauschutt!), und an eben dieser rissigen Stelle war im letzten Jahr die Dachrinne kaputt, da gab es einige kr\u00e4ftige Regeng\u00fcsse, so dass ich denke, dass das Fundament an der Stelle untersp\u00fclt und abgesackt ist. Und entweder sackt es jetzt immer weiter oder es ist zur Ruhe gekommen, aber in jedem Fall muss drau\u00dfen ausgeschachtet und gro\u00dffl\u00e4chig Beton drumrumgegossen werden, je nachdem wie es aussieht auch wieder mit ein paar Ankern.<\/p>\n<p>Meine Schwiergermutter hat mir nun Fotos aus dem besagten Maurerbuch per <em>WhatsApp<\/em> geschickt, so dass ich meine Erinnerung auffrischen und die Arbeiten fachgerecht durchf\u00fchren konnte:<\/p>\n<p><a href=\"https:\/\/i1.wp.com\/www.dannwollenwirmal.de\/wp-content\/uploads\/2016\/01\/IMG_4023.jpg\"><img data-attachment-id=\"1264\" data-permalink=\"http:\/\/www.dannwollenwirmal.de\/?attachment_id=1264#main\" data-orig-file=\"https:\/\/i1.wp.com\/www.dannwollenwirmal.de\/wp-content\/uploads\/2016\/01\/IMG_4023.jpg?fit=652%2C652\" data-orig-size=\"652,652\" data-comments-opened=\"1\" data-image-meta=\"{&quot;aperture&quot;:&quot;0&quot;,&quot;credit&quot;:&quot;&quot;,&quot;camera&quot;:&quot;&quot;,&quot;caption&quot;:&quot;&quot;,&quot;created_timestamp&quot;:&quot;0&quot;,&quot;copyright&quot;:&quot;&quot;,&quot;focal_length&quot;:&quot;0&quot;,&quot;iso&quot;:&quot;0&quot;,&quot;shutter_speed&quot;:&quot;0&quot;,&quot;title&quot;:&quot;&quot;,&quot;orientation&quot;:&quot;1&quot;}\" data-image-title=\"IMG_4023\" data-image-description=\"&lt;p&gt;M\u00f6rtelschl\u00e4mme Risse&lt;\/p&gt;\n\" data-image-caption=\"\" data-medium-file=\"https:\/\/i1.wp.com\/www.dannwollenwirmal.de\/wp-content\/uploads\/2016\/01\/IMG_4023.jpg?fit=300%2C300\" data-large-file=\"https:\/\/i1.wp.com\/www.dannwollenwirmal.de\/wp-content\/uploads\/2016\/01\/IMG_4023.jpg?fit=652%2C652\" loading=\"lazy\" class=\"alignnone size-full wp-image-1264\" src=\"https:\/\/i1.wp.com\/www.dannwollenwirmal.de\/wp-content\/uploads\/2016\/01\/IMG_4023.jpg?resize=652%2C652\" alt=\"IMG_4023\" width=\"652\" height=\"652\" srcset=\"https:\/\/i1.wp.com\/www.dannwollenwirmal.de\/wp-content\/uploads\/2016\/01\/IMG_4023.jpg?w=652 652w, https:\/\/i1.wp.com\/www.dannwollenwirmal.de\/wp-content\/uploads\/2016\/01\/IMG_4023.jpg?resize=150%2C150 150w, https:\/\/i1.wp.com\/www.dannwollenwirmal.de\/wp-content\/uploads\/2016\/01\/IMG_4023.jpg?resize=300%2C300 300w\" sizes=\"(max-width: 652px) 100vw, 652px\" data-recalc-dims=\"1\" \/><\/a><br \/>\n<em>Bild aus dem Buch!<\/em><\/p>\n<p>Der Riss wird also verklebt und durch einen Trichter wird oberhalb M\u00f6rtel eingef\u00fcllt, der entsprechend d\u00fcnn anger\u00fchrt ist, so dass er durch den Trichter passt. Er sollte allerdings auch nicht zu d\u00fcnn anger\u00fchrt werden, weil er sonst beim Trocknen schwindet. Bei l\u00e4ngeren Rissen (&gt; 1m) wird zus\u00e4tzlich abgest\u00fctzt:<\/p>\n<p><a href=\"https:\/\/i1.wp.com\/www.dannwollenwirmal.de\/wp-content\/uploads\/2016\/01\/IMG_4024.jpg\"><img data-attachment-id=\"1265\" data-permalink=\"http:\/\/www.dannwollenwirmal.de\/?attachment_id=1265#main\" data-orig-file=\"https:\/\/i1.wp.com\/www.dannwollenwirmal.de\/wp-content\/uploads\/2016\/01\/IMG_4024.jpg?fit=652%2C652\" data-orig-size=\"652,652\" data-comments-opened=\"1\" data-image-meta=\"{&quot;aperture&quot;:&quot;0&quot;,&quot;credit&quot;:&quot;&quot;,&quot;camera&quot;:&quot;&quot;,&quot;caption&quot;:&quot;&quot;,&quot;created_timestamp&quot;:&quot;0&quot;,&quot;copyright&quot;:&quot;&quot;,&quot;focal_length&quot;:&quot;0&quot;,&quot;iso&quot;:&quot;0&quot;,&quot;shutter_speed&quot;:&quot;0&quot;,&quot;title&quot;:&quot;&quot;,&quot;orientation&quot;:&quot;1&quot;}\" data-image-title=\"IMG_4024\" data-image-description=\"&lt;p&gt;M\u00f6rtelschl\u00e4mme&lt;\/p&gt;\n\" data-image-caption=\"\" data-medium-file=\"https:\/\/i1.wp.com\/www.dannwollenwirmal.de\/wp-content\/uploads\/2016\/01\/IMG_4024.jpg?fit=300%2C300\" data-large-file=\"https:\/\/i1.wp.com\/www.dannwollenwirmal.de\/wp-content\/uploads\/2016\/01\/IMG_4024.jpg?fit=652%2C652\" loading=\"lazy\" class=\"alignnone size-full wp-image-1265\" src=\"https:\/\/i1.wp.com\/www.dannwollenwirmal.de\/wp-content\/uploads\/2016\/01\/IMG_4024.jpg?resize=652%2C652\" alt=\"IMG_4024\" width=\"652\" height=\"652\" srcset=\"https:\/\/i1.wp.com\/www.dannwollenwirmal.de\/wp-content\/uploads\/2016\/01\/IMG_4024.jpg?w=652 652w, https:\/\/i1.wp.com\/www.dannwollenwirmal.de\/wp-content\/uploads\/2016\/01\/IMG_4024.jpg?resize=150%2C150 150w, https:\/\/i1.wp.com\/www.dannwollenwirmal.de\/wp-content\/uploads\/2016\/01\/IMG_4024.jpg?resize=300%2C300 300w\" sizes=\"(max-width: 652px) 100vw, 652px\" data-recalc-dims=\"1\" \/><\/a><br \/>\n<em>Abst\u00fctzung bei l\u00e4ngeren Rissen<\/em><\/p>\n<p><em>(Ob ich wohl \u00c4rger wegen der Bildrechte kriege? Ich w\u00fcrde ja beim Verlag nachfragen, aber ich wei\u00df gerade nicht mal wie das Buch nochmal hei\u00dft? Ach egal, rebellischer Blog, hatten wir ja festgestellt.)<\/em><\/p>\n<p>Auf der Zeichnung sieht das immer akkurat aus, in real habe ich dann den Riss mit <del>Gaffa<\/del> Spezialklebeband abgeklebt und mit einzelnen Holzlatten abgest\u00fctzt, das war ein wenig bastelig, weil der Riss ja nicht so sch\u00f6n gerade wie im Buch verl\u00e4uft:<\/p>\n<p><a href=\"https:\/\/i2.wp.com\/www.dannwollenwirmal.de\/wp-content\/uploads\/2016\/01\/IMG_4014.jpg\"><img data-attachment-id=\"1266\" data-permalink=\"http:\/\/www.dannwollenwirmal.de\/?attachment_id=1266#main\" data-orig-file=\"https:\/\/i2.wp.com\/www.dannwollenwirmal.de\/wp-content\/uploads\/2016\/01\/IMG_4014.jpg?fit=652%2C652\" data-orig-size=\"652,652\" data-comments-opened=\"1\" data-image-meta=\"{&quot;aperture&quot;:&quot;2.2&quot;,&quot;credit&quot;:&quot;&quot;,&quot;camera&quot;:&quot;iPhone 6&quot;,&quot;caption&quot;:&quot;&quot;,&quot;created_timestamp&quot;:&quot;1452084766&quot;,&quot;copyright&quot;:&quot;&quot;,&quot;focal_length&quot;:&quot;4.15&quot;,&quot;iso&quot;:&quot;80&quot;,&quot;shutter_speed&quot;:&quot;0.03030303030303&quot;,&quot;title&quot;:&quot;&quot;,&quot;orientation&quot;:&quot;1&quot;}\" data-image-title=\"IMG_4014\" data-image-description=\"&lt;p&gt;M\u00f6rtelschl\u00e4mme abst\u00fctzen&lt;\/p&gt;\n\" data-image-caption=\"\" data-medium-file=\"https:\/\/i2.wp.com\/www.dannwollenwirmal.de\/wp-content\/uploads\/2016\/01\/IMG_4014.jpg?fit=300%2C300\" data-large-file=\"https:\/\/i2.wp.com\/www.dannwollenwirmal.de\/wp-content\/uploads\/2016\/01\/IMG_4014.jpg?fit=652%2C652\" loading=\"lazy\" class=\"alignnone size-full wp-image-1266\" src=\"https:\/\/i2.wp.com\/www.dannwollenwirmal.de\/wp-content\/uploads\/2016\/01\/IMG_4014.jpg?resize=652%2C652\" alt=\"IMG_4014\" width=\"652\" height=\"652\" srcset=\"https:\/\/i2.wp.com\/www.dannwollenwirmal.de\/wp-content\/uploads\/2016\/01\/IMG_4014.jpg?w=652 652w, https:\/\/i2.wp.com\/www.dannwollenwirmal.de\/wp-content\/uploads\/2016\/01\/IMG_4014.jpg?resize=150%2C150 150w, https:\/\/i2.wp.com\/www.dannwollenwirmal.de\/wp-content\/uploads\/2016\/01\/IMG_4014.jpg?resize=300%2C300 300w\" sizes=\"(max-width: 652px) 100vw, 652px\" data-recalc-dims=\"1\" \/><\/a><br \/>\n<em>Abst\u00fctzung<\/em><\/p>\n<p>Mit dem Klebeband muss man sich schon M\u00fche geben, sonst quillt die Pampe an allen Ecken und Enden raus (nicht, dass mir das passiert w\u00e4re!). Ein weiteres Problemchen ist nat\u00fcrlich der Trichter, denn im unteren Bereich ist alles gut, nur weiter oben ist dann irgendwann die Decke im Weg, und man kann den Trichter nicht mehr hochkippen. Eine alte Geb\u00e4ckspritze aus dem Fundus meiner Mutter hat mir dann dabei geholfen.<\/p>\n<p><a href=\"https:\/\/i2.wp.com\/www.dannwollenwirmal.de\/wp-content\/uploads\/2016\/01\/IMG_4013.jpg\"><img data-attachment-id=\"1267\" data-permalink=\"http:\/\/www.dannwollenwirmal.de\/?attachment_id=1267#main\" data-orig-file=\"https:\/\/i2.wp.com\/www.dannwollenwirmal.de\/wp-content\/uploads\/2016\/01\/IMG_4013.jpg?fit=652%2C652\" data-orig-size=\"652,652\" data-comments-opened=\"1\" data-image-meta=\"{&quot;aperture&quot;:&quot;2.2&quot;,&quot;credit&quot;:&quot;&quot;,&quot;camera&quot;:&quot;iPhone 6&quot;,&quot;caption&quot;:&quot;&quot;,&quot;created_timestamp&quot;:&quot;1452084750&quot;,&quot;copyright&quot;:&quot;&quot;,&quot;focal_length&quot;:&quot;4.15&quot;,&quot;iso&quot;:&quot;100&quot;,&quot;shutter_speed&quot;:&quot;0.03030303030303&quot;,&quot;title&quot;:&quot;&quot;,&quot;orientation&quot;:&quot;1&quot;}\" data-image-title=\"IMG_4013\" data-image-description=\"\" data-image-caption=\"\" data-medium-file=\"https:\/\/i2.wp.com\/www.dannwollenwirmal.de\/wp-content\/uploads\/2016\/01\/IMG_4013.jpg?fit=300%2C300\" data-large-file=\"https:\/\/i2.wp.com\/www.dannwollenwirmal.de\/wp-content\/uploads\/2016\/01\/IMG_4013.jpg?fit=652%2C652\" loading=\"lazy\" class=\"alignnone size-full wp-image-1267\" src=\"https:\/\/i2.wp.com\/www.dannwollenwirmal.de\/wp-content\/uploads\/2016\/01\/IMG_4013.jpg?resize=652%2C652\" alt=\"IMG_4013\" width=\"652\" height=\"652\" srcset=\"https:\/\/i2.wp.com\/www.dannwollenwirmal.de\/wp-content\/uploads\/2016\/01\/IMG_4013.jpg?w=652 652w, https:\/\/i2.wp.com\/www.dannwollenwirmal.de\/wp-content\/uploads\/2016\/01\/IMG_4013.jpg?resize=150%2C150 150w, https:\/\/i2.wp.com\/www.dannwollenwirmal.de\/wp-content\/uploads\/2016\/01\/IMG_4013.jpg?resize=300%2C300 300w\" sizes=\"(max-width: 652px) 100vw, 652px\" data-recalc-dims=\"1\" \/><\/a><br \/>\n<em>Oberer Bereich<\/em><\/p>\n<p>Dann sollte man mal am Klebeband f\u00fchlen, und wenn das Ganze so halb trocken ist, vorsichtig das Tape entfernen. So kann man die Oberfl\u00e4che noch etwas nacharbeiten und gl\u00e4tten. \u00dcbrigens trocknet der M\u00f6rtel, obwohl er so feucht gemischt ist, nicht viele l\u00e4nger als sonst und wer es eilig hat, kann am n\u00e4chsten Tag tapezieren (vorher grundieren!).<\/p>\n<p><a href=\"https:\/\/i1.wp.com\/www.dannwollenwirmal.de\/wp-content\/uploads\/2016\/01\/IMG_4016.jpg\"><img data-attachment-id=\"1268\" data-permalink=\"http:\/\/www.dannwollenwirmal.de\/?attachment_id=1268#main\" data-orig-file=\"https:\/\/i1.wp.com\/www.dannwollenwirmal.de\/wp-content\/uploads\/2016\/01\/IMG_4016.jpg?fit=652%2C652\" data-orig-size=\"652,652\" data-comments-opened=\"1\" data-image-meta=\"{&quot;aperture&quot;:&quot;2.2&quot;,&quot;credit&quot;:&quot;&quot;,&quot;camera&quot;:&quot;iPhone 6&quot;,&quot;caption&quot;:&quot;&quot;,&quot;created_timestamp&quot;:&quot;1452089821&quot;,&quot;copyright&quot;:&quot;&quot;,&quot;focal_length&quot;:&quot;4.15&quot;,&quot;iso&quot;:&quot;64&quot;,&quot;shutter_speed&quot;:&quot;0.03030303030303&quot;,&quot;title&quot;:&quot;&quot;,&quot;orientation&quot;:&quot;1&quot;}\" data-image-title=\"IMG_4016\" data-image-description=\"&lt;p&gt;Riss auff\u00fcllen&lt;\/p&gt;\n\" data-image-caption=\"\" data-medium-file=\"https:\/\/i1.wp.com\/www.dannwollenwirmal.de\/wp-content\/uploads\/2016\/01\/IMG_4016.jpg?fit=300%2C300\" data-large-file=\"https:\/\/i1.wp.com\/www.dannwollenwirmal.de\/wp-content\/uploads\/2016\/01\/IMG_4016.jpg?fit=652%2C652\" loading=\"lazy\" class=\"alignnone size-full wp-image-1268\" src=\"https:\/\/i1.wp.com\/www.dannwollenwirmal.de\/wp-content\/uploads\/2016\/01\/IMG_4016.jpg?resize=652%2C652\" alt=\"IMG_4016\" width=\"652\" height=\"652\" srcset=\"https:\/\/i1.wp.com\/www.dannwollenwirmal.de\/wp-content\/uploads\/2016\/01\/IMG_4016.jpg?w=652 652w, https:\/\/i1.wp.com\/www.dannwollenwirmal.de\/wp-content\/uploads\/2016\/01\/IMG_4016.jpg?resize=150%2C150 150w, https:\/\/i1.wp.com\/www.dannwollenwirmal.de\/wp-content\/uploads\/2016\/01\/IMG_4016.jpg?resize=300%2C300 300w\" sizes=\"(max-width: 652px) 100vw, 652px\" data-recalc-dims=\"1\" \/><\/a><br \/>\n<em>Klebeband entfernt: Sieht doch ganz gut aus!<\/em><\/p>\n<p>M\u00f6glicherweise sind nach dem Entfernen des Klebebandes noch einige L\u00fccken vorhanden, die werden dann konventionell mit M\u00f6rtel verf\u00fcllt (M\u00f6rtel auf die Traufel und mit einer schmalen Fugenkelle in den Riss gedr\u00fcckt).<\/p>\n<p><a href=\"https:\/\/i0.wp.com\/www.dannwollenwirmal.de\/wp-content\/uploads\/2016\/01\/IMG_4015.jpg\"><img data-attachment-id=\"1270\" data-permalink=\"http:\/\/www.dannwollenwirmal.de\/?attachment_id=1270#main\" data-orig-file=\"https:\/\/i0.wp.com\/www.dannwollenwirmal.de\/wp-content\/uploads\/2016\/01\/IMG_4015.jpg?fit=652%2C652\" data-orig-size=\"652,652\" data-comments-opened=\"1\" data-image-meta=\"{&quot;aperture&quot;:&quot;2.2&quot;,&quot;credit&quot;:&quot;&quot;,&quot;camera&quot;:&quot;iPhone 6&quot;,&quot;caption&quot;:&quot;&quot;,&quot;created_timestamp&quot;:&quot;1452089813&quot;,&quot;copyright&quot;:&quot;&quot;,&quot;focal_length&quot;:&quot;4.15&quot;,&quot;iso&quot;:&quot;32&quot;,&quot;shutter_speed&quot;:&quot;0.03030303030303&quot;,&quot;title&quot;:&quot;&quot;,&quot;orientation&quot;:&quot;1&quot;}\" data-image-title=\"IMG_4015\" data-image-description=\"\" data-image-caption=\"\" data-medium-file=\"https:\/\/i0.wp.com\/www.dannwollenwirmal.de\/wp-content\/uploads\/2016\/01\/IMG_4015.jpg?fit=300%2C300\" data-large-file=\"https:\/\/i0.wp.com\/www.dannwollenwirmal.de\/wp-content\/uploads\/2016\/01\/IMG_4015.jpg?fit=652%2C652\" loading=\"lazy\" class=\"alignnone size-full wp-image-1270\" src=\"https:\/\/i0.wp.com\/www.dannwollenwirmal.de\/wp-content\/uploads\/2016\/01\/IMG_4015.jpg?resize=652%2C652\" alt=\"IMG_4015\" width=\"652\" height=\"652\" srcset=\"https:\/\/i0.wp.com\/www.dannwollenwirmal.de\/wp-content\/uploads\/2016\/01\/IMG_4015.jpg?w=652 652w, https:\/\/i0.wp.com\/www.dannwollenwirmal.de\/wp-content\/uploads\/2016\/01\/IMG_4015.jpg?resize=150%2C150 150w, https:\/\/i0.wp.com\/www.dannwollenwirmal.de\/wp-content\/uploads\/2016\/01\/IMG_4015.jpg?resize=300%2C300 300w\" sizes=\"(max-width: 652px) 100vw, 652px\" data-recalc-dims=\"1\" \/><\/a><br \/>\n<em>Besser als vorher!<\/em><\/p>\n<p>Ohne eine weitere Fundamentsanierung w\u00e4re das nat\u00fcrlich eher dem Pfusch zuzuordnen, und es besteht auch die Gefahr der neuen Rissbildung, wenn wir mit dem Fundament zu lange warten. Jetzt, im Winter, ist es nat\u00fcrlich etwas ung\u00fcnstig. da was aufzuhacken. Aber: Beobachten wir das mal.<\/p>\n<p>Es gibt \u00fcbrigens auch, habe ich gelesen, Riss-Sanierung mit Harzen, f\u00fcr Bodenfl\u00e4chen (Estriche) ist das ja schon lange Thema, aber auch f\u00fcr W\u00e4nde gibt&#8217;s da mittlerweile Systeme. Vorteil ist die h\u00f6here Zugfestigkeit, denn Beton ohne Bewehrung ist zwar gut bei Druck, aber Zug mag der eigentlich nicht so.<\/p>\n<p>Also, unverhofft kommt oft, Zack, mal eben die Wand saniert, also zumindet der erste Teil.<\/p>\n<p>Was war noch? N\u00e4chste Woche kommt noch eine spontane Gipskartondecke, da probiere ich mal die Klickfix-Direktbefestiger aus. Und ach, dann ist ja auch bald der Termin mit dem Dachdecker! Irgendwer aus der Leserschaft hatte sich doch damals angeboten zum Dachziegel hochwerfen? Muss ich wohl mal im Archiv w\u00fchlen, wer das denn nochmal war \ud83d\ude42<\/p>\n<p>Also, bleibt gesund, beobachtet Eure Risse, und seid rebellisch! Ich bin&#8217;s auch!<\/p>\n<p>&nbsp;<\/p>\n<p>&nbsp;<\/p>\n<p>Also, zumindest so&#8217;n bi\u00dfchen.<\/p>\n<p>&nbsp;<\/p>\n<div class=\"sharedaddy sd-sharing-enabled\"><div class=\"robots-nocontent sd-block sd-social sd-social-icon-text sd-sharing\"><h3 class=\"sd-title\">Teilen mit:<\/h3><div class=\"sd-content\"><ul><li class=\"share-email\"><a rel=\"nofollow noopener noreferrer\" data-shared=\"\" class=\"share-email sd-button share-icon\" href=\"http:\/\/www.dannwollenwirmal.de\/?p=1260&amp;share=email\" target=\"_blank\" title=\"Klick, um dies einem Freund per E-Mail zu senden\"><span>E-Mail<\/span><\/a><\/li><li class=\"share-print\"><a rel=\"nofollow noopener noreferrer\" data-shared=\"\" class=\"share-print sd-button share-icon\" href=\"http:\/\/www.dannwollenwirmal.de\/?p=1260\" target=\"_blank\" title=\"Klicken zum Ausdrucken\"><span>Drucken<\/span><\/a><\/li><li class=\"share-facebook\"><a rel=\"nofollow noopener noreferrer\" data-shared=\"sharing-facebook-1260\" class=\"share-facebook sd-button share-icon\" href=\"http:\/\/www.dannwollenwirmal.de\/?p=1260&amp;share=facebook\" target=\"_blank\" title=\"Klick, um auf Facebook zu teilen\"><span>Facebook<\/span><\/a><\/li><li class=\"share-twitter\"><a rel=\"nofollow noopener noreferrer\" data-shared=\"sharing-twitter-1260\" class=\"share-twitter sd-button share-icon\" href=\"http:\/\/www.dannwollenwirmal.de\/?p=1260&amp;share=twitter\" target=\"_blank\" title=\"Klick, um \u00fcber Twitter zu teilen\"><span>Twitter<\/span><\/a><\/li><li class=\"share-pinterest\"><a rel=\"nofollow noopener noreferrer\" data-shared=\"sharing-pinterest-1260\" class=\"share-pinterest sd-button share-icon\" href=\"http:\/\/www.dannwollenwirmal.de\/?p=1260&amp;share=pinterest\" target=\"_blank\" title=\"Klick, um auf Pinterest zu teilen\"><span>Pinterest<\/span><\/a><\/li><li class=\"share-linkedin\"><a rel=\"nofollow noopener noreferrer\" data-shared=\"sharing-linkedin-1260\" class=\"share-linkedin sd-button share-icon\" href=\"http:\/\/www.dannwollenwirmal.de\/?p=1260&amp;share=linkedin\" target=\"_blank\" title=\"Klick, um auf LinkedIn zu teilen\"><span>LinkedIn<\/span><\/a><\/li><li class=\"share-end\"><\/li><\/ul><\/div><\/div><\/div>","protected":false},"excerpt":{"rendered":"<p>Vielen Dank, liebste Leser, f\u00fcr die gro\u00dfe Resonanz auf den M\u00fcllbeitrag von letzter Woche! Kaum schreibe ich mal nicht \u00fcber Staub und Dreck, werden alle wieder wach! Viele Leute teilten mir in reichlichen Zuschriften ihre pers\u00f6nlichen M\u00fclltonnengr\u00f6\u00dfen mit, hier im Blog wird noch eifrig \u00fcber Katzenstreu diskutiert (Danke f\u00fcr den Hinweis, Tommy, wir haben es [&hellip;]<\/p>\n<div class=\"sharedaddy sd-sharing-enabled\"><div class=\"robots-nocontent sd-block sd-social sd-social-icon-text sd-sharing\"><h3 class=\"sd-title\">Teilen mit:<\/h3><div class=\"sd-content\"><ul><li class=\"share-email\"><a rel=\"nofollow noopener noreferrer\" data-shared=\"\" class=\"share-email sd-button share-icon\" href=\"http:\/\/www.dannwollenwirmal.de\/?p=1260&amp;share=email\" target=\"_blank\" title=\"Klick, um dies einem Freund per E-Mail zu senden\"><span>E-Mail<\/span><\/a><\/li><li class=\"share-print\"><a rel=\"nofollow noopener noreferrer\" data-shared=\"\" class=\"share-print sd-button share-icon\" href=\"http:\/\/www.dannwollenwirmal.de\/?p=1260\" target=\"_blank\" title=\"Klicken zum Ausdrucken\"><span>Drucken<\/span><\/a><\/li><li class=\"share-facebook\"><a rel=\"nofollow noopener noreferrer\" data-shared=\"sharing-facebook-1260\" class=\"share-facebook sd-button share-icon\" href=\"http:\/\/www.dannwollenwirmal.de\/?p=1260&amp;share=facebook\" target=\"_blank\" title=\"Klick, um auf Facebook zu teilen\"><span>Facebook<\/span><\/a><\/li><li class=\"share-twitter\"><a rel=\"nofollow noopener noreferrer\" data-shared=\"sharing-twitter-1260\" class=\"share-twitter sd-button share-icon\" href=\"http:\/\/www.dannwollenwirmal.de\/?p=1260&amp;share=twitter\" target=\"_blank\" title=\"Klick, um \u00fcber Twitter zu teilen\"><span>Twitter<\/span><\/a><\/li><li class=\"share-pinterest\"><a rel=\"nofollow noopener noreferrer\" data-shared=\"sharing-pinterest-1260\" class=\"share-pinterest sd-button share-icon\" href=\"http:\/\/www.dannwollenwirmal.de\/?p=1260&amp;share=pinterest\" target=\"_blank\" title=\"Klick, um auf Pinterest zu teilen\"><span>Pinterest<\/span><\/a><\/li><li class=\"share-linkedin\"><a rel=\"nofollow noopener noreferrer\" data-shared=\"sharing-linkedin-1260\" class=\"share-linkedin sd-button share-icon\" href=\"http:\/\/www.dannwollenwirmal.de\/?p=1260&amp;share=linkedin\" target=\"_blank\" title=\"Klick, um auf LinkedIn zu teilen\"><span>LinkedIn<\/span><\/a><\/li><li class=\"share-end\"><\/li><\/ul><\/div><\/div><\/div>","protected":false},"author":1,"featured_media":0,"comment_status":"open","ping_status":"open","sticky":false,"template":"","format":"standard","meta":{"advanced_seo_description":"","spay_email":"","jetpack_publicize_message":"","jetpack_is_tweetstorm":false,"jetpack_publicize_feature_enabled":true},"categories":[1,76,313,26],"tags":[309,312,308,311,310],"jetpack_featured_media_url":"","jetpack_publicize_connections":[],"jetpack_shortlink":"https:\/\/wp.me\/p3WtlO-kk","jetpack_sharing_enabled":true,"jetpack-related-posts":[{"id":830,"url":"http:\/\/www.dannwollenwirmal.de\/?p=830","url_meta":{"origin":1260,"position":0},"title":"Die Sache mit dem Fundament","date":"8. Februar 2015","format":false,"excerpt":"Wenn jemand anruft, der sagt, seine Wand ist kaputt, dann suche ich erstmal eine Telefonzelle. (Oh, das wird schwierig...) Ich ziehe mich blitzartig um, werfe mein Cape \u00fcber und schon bin ich...der Wand-Retter! Elegant wie Superman in seinen besten Jahren inspizierte ich diese Wand: Treppenf\u00f6rmige Risse in der Wand Risse,\u2026","rel":"","context":"In &quot;Allgemein&quot;","img":{"alt_text":"","src":"https:\/\/i1.wp.com\/www.dannwollenwirmal.de\/wp-content\/uploads\/2015\/02\/IMG_3245.jpg?resize=350%2C200","width":350,"height":200},"classes":[]},{"id":845,"url":"http:\/\/www.dannwollenwirmal.de\/?p=845","url_meta":{"origin":1260,"position":1},"title":"M\u00e4nnertr\u00e4ume","date":"15. Februar 2015","format":false,"excerpt":"W\u00e4hrend mich der Winter mit seinem nasskalten Wetter und nun auch noch einer Erkl\u00e4tung allm\u00e4hlich nervt, feiert mein Gaumen schon Fr\u00fchling, denn an dem Haribo-Oster-Mix (500g) konnte ich einfach nicht vorbeigehen und ich bin bereits am Boden der Dose angekomen... Apropos Fr\u00fchling: Da hab ich doch glatt Fr\u00fchlingsgef\u00fchle, ich habe\u2026","rel":"","context":"In &quot;Allgemein&quot;","img":{"alt_text":"","src":"https:\/\/i2.wp.com\/www.dannwollenwirmal.de\/wp-content\/uploads\/2015\/02\/IMG_3262.jpg?resize=350%2C200","width":350,"height":200},"classes":[]},{"id":1409,"url":"http:\/\/www.dannwollenwirmal.de\/?p=1409","url_meta":{"origin":1260,"position":2},"title":"Sichtseitige Bimsverk\u00f6tterung","date":"3. April 2016","format":false,"excerpt":"W\u00e4hrend ich nur marginal \u00fcber den Suchbegriff der Woche \"braucht man silikon oder schaum sprai fur den dach boden ausbauen\" (sowas kann ich mir nichtmal ausdenken! Achja, nat\u00fcrlich schaum sprai. Ausschlie\u00dflich schaum sprai.) gestolpert bin, geht es mit der Fassade gut voran und auch die Dachdecker haben schon einiges geschafft.\u2026","rel":"","context":"In &quot;Allgemein&quot;","img":{"alt_text":"","src":"https:\/\/i0.wp.com\/www.dannwollenwirmal.de\/wp-content\/uploads\/2016\/04\/IMG_4193.jpg?resize=350%2C200","width":350,"height":200},"classes":[]},{"id":2106,"url":"http:\/\/www.dannwollenwirmal.de\/?p=2106","url_meta":{"origin":1260,"position":3},"title":"OSB tut Rigips weh","date":"26. November 2017","format":false,"excerpt":"Daraus, dass ich kein besonders gro\u00dfes Freund von OSB-Platten bin, habe ich ja hier nie einen Hehl gemacht. Sicherlich haben sie hier und da ihre Berechtigung, oftmals werden sie aber in den H\u00e4nden von Heimerkern zur t\u00f6dlichen Waffe gegen eine durchdachte Bauphysik. In der Pfuschabteilung des Baumarkts stehen OSB-Platten neben\u2026","rel":"","context":"In &quot;Allgemein&quot;","img":{"alt_text":"","src":"https:\/\/i1.wp.com\/www.dannwollenwirmal.de\/wp-content\/uploads\/2017\/11\/IMG_5948.jpg?resize=350%2C200","width":350,"height":200},"classes":[]},{"id":1645,"url":"http:\/\/www.dannwollenwirmal.de\/?p=1645","url_meta":{"origin":1260,"position":4},"title":"Vliesknispel","date":"9. Oktober 2016","format":false,"excerpt":"Holladiho, wir gehen in die vorletzte #BuiltwithBosch-Testwoche und ich konnte letztes mal tats\u00e4chlich etwas Begeisterung erzeugen mit dem Tip, dass sich das Ger\u00e4t gut zum Tapeten entfernen eignet. Es gab einige Fragen dazu, daher jetzt hier mal gesammelt die Infos: Als Aufsatz habe ich den \"ATZ 52 SC, starr\" benutzt,\u2026","rel":"","context":"In &quot;Allgemein&quot;","img":{"alt_text":"","src":"https:\/\/i1.wp.com\/www.dannwollenwirmal.de\/wp-content\/uploads\/2016\/10\/2.jpg?resize=350%2C200","width":350,"height":200},"classes":[]},{"id":1715,"url":"http:\/\/www.dannwollenwirmal.de\/?p=1715","url_meta":{"origin":1260,"position":5},"title":"Festhalten","date":"27. November 2016","format":false,"excerpt":"Advent ist an sich recht besinnlich Die Kerze brennt, es duftet himmlisch Doch hat die Ruhe oft gelitten, wird laut der T\u00fcrsturz eingeschnitten. In diesem Sinne, werte Leser, allen einen sch\u00f6nen ersten Advent; das mit dem Gedicht hatten wir schon besser, aber sei's drum - der gute Wille z\u00e4hlt und\u2026","rel":"","context":"In &quot;Allgemein&quot;","img":{"alt_text":"","src":"https:\/\/i2.wp.com\/www.dannwollenwirmal.de\/wp-content\/uploads\/2016\/11\/IMG_4995.jpg?resize=350%2C200","width":350,"height":200},"classes":[]}],"_links":{"self":[{"href":"http:\/\/www.dannwollenwirmal.de\/index.php?rest_route=\/wp\/v2\/posts\/1260"}],"collection":[{"href":"http:\/\/www.dannwollenwirmal.de\/index.php?rest_route=\/wp\/v2\/posts"}],"about":[{"href":"http:\/\/www.dannwollenwirmal.de\/index.php?rest_route=\/wp\/v2\/types\/post"}],"author":[{"embeddable":true,"href":"http:\/\/www.dannwollenwirmal.de\/index.php?rest_route=\/wp\/v2\/users\/1"}],"replies":[{"embeddable":true,"href":"http:\/\/www.dannwollenwirmal.de\/index.php?rest_route=%2Fwp%2Fv2%2Fcomments&post=1260"}],"version-history":[{"count":2,"href":"http:\/\/www.dannwollenwirmal.de\/index.php?rest_route=\/wp\/v2\/posts\/1260\/revisions"}],"predecessor-version":[{"id":1271,"href":"http:\/\/www.dannwollenwirmal.de\/index.php?rest_route=\/wp\/v2\/posts\/1260\/revisions\/1271"}],"wp:attachment":[{"href":"http:\/\/www.dannwollenwirmal.de\/index.php?rest_route=%2Fwp%2Fv2%2Fmedia&parent=1260"}],"wp:term":[{"taxonomy":"category","embeddable":true,"href":"http:\/\/www.dannwollenwirmal.de\/index.php?rest_route=%2Fwp%2Fv2%2Fcategories&post=1260"},{"taxonomy":"post_tag","embeddable":true,"href":"http:\/\/www.dannwollenwirmal.de\/index.php?rest_route=%2Fwp%2Fv2%2Ftags&post=1260"}],"curies":[{"name":"wp","href":"https:\/\/api.w.org\/{rel}","templated":true}]}}