{"id":1220,"date":"2015-12-20T09:00:24","date_gmt":"2015-12-20T08:00:24","guid":{"rendered":"http:\/\/www.dannwollenwirmal.de\/?p=1220"},"modified":"2016-01-15T19:59:30","modified_gmt":"2016-01-15T18:59:30","slug":"der-dannwollenwirmal-basteltip","status":"publish","type":"post","link":"http:\/\/www.dannwollenwirmal.de\/?p=1220","title":{"rendered":"Der dannwollenwirmal-Basteltip!"},"content":{"rendered":"<p>Passend zur weihnachtlichen Gem\u00fctlichkeit gibt es heute, ja, Sie haben richtig gelesen, einen Basteltip (oder BasteltipP?) bei dannwollenwirmal! Regelm\u00e4\u00dfige Leser werden wissen, dass meine Basteltips normalerweise auch immer den Abbruch tragender Teile am Haus beinhalten oder wenigstens eine Mulde Bauschutt verursachen. Dieses Mal allerdings musste ich f\u00fcr mein T\u00f6chterchen (4) aktiv werden, und die w\u00fcnscht sich zu Weihnachten eine Lampe f\u00fcr ihr Bett, also eine Art Leselampe, aber nicht irgendeine, sondern in Form einer Krone, und rosa soll sie sein:<\/p>\n<p><a href=\"https:\/\/i2.wp.com\/www.dannwollenwirmal.de\/wp-content\/uploads\/2015\/12\/IMG_3941.jpg\"><img data-attachment-id=\"1243\" data-permalink=\"http:\/\/www.dannwollenwirmal.de\/?attachment_id=1243#main\" data-orig-file=\"https:\/\/i2.wp.com\/www.dannwollenwirmal.de\/wp-content\/uploads\/2015\/12\/IMG_3941.jpg?fit=652%2C652\" data-orig-size=\"652,652\" data-comments-opened=\"1\" data-image-meta=\"{&quot;aperture&quot;:&quot;2.2&quot;,&quot;credit&quot;:&quot;&quot;,&quot;camera&quot;:&quot;iPhone 6&quot;,&quot;caption&quot;:&quot;&quot;,&quot;created_timestamp&quot;:&quot;1450566044&quot;,&quot;copyright&quot;:&quot;&quot;,&quot;focal_length&quot;:&quot;4.15&quot;,&quot;iso&quot;:&quot;400&quot;,&quot;shutter_speed&quot;:&quot;0.066666666666667&quot;,&quot;title&quot;:&quot;&quot;,&quot;orientation&quot;:&quot;1&quot;}\" data-image-title=\"IMG_3941\" data-image-description=\"\" data-image-caption=\"\" data-medium-file=\"https:\/\/i2.wp.com\/www.dannwollenwirmal.de\/wp-content\/uploads\/2015\/12\/IMG_3941.jpg?fit=300%2C300\" data-large-file=\"https:\/\/i2.wp.com\/www.dannwollenwirmal.de\/wp-content\/uploads\/2015\/12\/IMG_3941.jpg?fit=652%2C652\" loading=\"lazy\" class=\"alignnone size-full wp-image-1243\" src=\"https:\/\/i2.wp.com\/www.dannwollenwirmal.de\/wp-content\/uploads\/2015\/12\/IMG_3941.jpg?resize=652%2C652\" alt=\"IMG_3941\" width=\"652\" height=\"652\" srcset=\"https:\/\/i2.wp.com\/www.dannwollenwirmal.de\/wp-content\/uploads\/2015\/12\/IMG_3941.jpg?w=652 652w, https:\/\/i2.wp.com\/www.dannwollenwirmal.de\/wp-content\/uploads\/2015\/12\/IMG_3941.jpg?resize=150%2C150 150w, https:\/\/i2.wp.com\/www.dannwollenwirmal.de\/wp-content\/uploads\/2015\/12\/IMG_3941.jpg?resize=300%2C300 300w\" sizes=\"(max-width: 652px) 100vw, 652px\" data-recalc-dims=\"1\" \/><\/a><br \/>\n<em>Original-Ausschnitt Wunschzettel<\/em><\/p>\n<p>Die im Versandhandel bestellbaren Lampen waren alle doof oder \u00fcberteuert. Wobei es ja so ist, dass der Heimwerker den Preis als Argument bem\u00fcht, es dann selbst zu machen, und dabei dann etwa die dreifache Summe im Vergleich zum fertigen Produkt ausgibt. So war es nat\u00fcrlich auch bei mir. Egal, es kommt aufs Prinzip an!<\/p>\n<p>Also, wer noch ein Geschenk f\u00fcr ein kleines Prinzesschen braucht, ist herzlich eingeladen, hier mitzubasteln. Man braucht:<\/p>\n<p><del>&#8211; Bohrhammer<\/del><\/p>\n<p>&#8211; Sperrholzplatte, z.B. 5mm St\u00e4rke<br \/>\n&#8211; kleines Sammelsurium an Holzresten<br \/>\n&#8211; Lack (2 in 1 Lack, in diesem Fall rosa)<br \/>\n&#8211; eine Lampenfassung<br \/>\n&#8211; ein Leuchtmittel (ich habe LED genommen)<br \/>\n&#8211; ein Lochblech oder sowas<br \/>\n&#8211; Stichs\u00e4ge<br \/>\n&#8211; Schleifer<br \/>\n&#8211; etwas GedulVERDAMMTERMIST!<\/p>\n<p>Theoretisch kann man nach diesem Prinzip auch jede andere beliebige Form basteln, wie eine Star-Wars-Lampe oder eine Bierflaschenlampe oder oder&#8230; In diesem Fall habe ich bei Google Bilder nach &#8222;Krone Prinzessin&#8220; gesucht und habe zuf\u00e4llig ein Bild der Seite <a href=\"http:\/\/kleine-diva.de\/\"><strong>kleine Diva<\/strong><\/a> gefunden, dessen Kronenform ich gut fand. Ich hoffe die kleine Diva-Seite ist mir wohlgesonnen und freut sich \u00fcber die Werbung. Oder ich werde verklagt wegen Bilderklauen und dann zers\u00e4gen.<\/p>\n<p><em>(Vielleicht h\u00e4tte ich vorher mal fragen sollen? Es musste alles so schnell gehen. Und das hier ist ja ein privater Blog. Bin ich kommerziell? Ich glaube nicht.)<\/em><\/p>\n<p><a href=\"https:\/\/i0.wp.com\/www.dannwollenwirmal.de\/wp-content\/uploads\/2015\/12\/IMG_3920.jpg\"><img data-attachment-id=\"1221\" data-permalink=\"http:\/\/www.dannwollenwirmal.de\/?attachment_id=1221#main\" data-orig-file=\"https:\/\/i0.wp.com\/www.dannwollenwirmal.de\/wp-content\/uploads\/2015\/12\/IMG_3920.jpg?fit=652%2C652\" data-orig-size=\"652,652\" data-comments-opened=\"1\" data-image-meta=\"{&quot;aperture&quot;:&quot;2.2&quot;,&quot;credit&quot;:&quot;&quot;,&quot;camera&quot;:&quot;iPhone 6&quot;,&quot;caption&quot;:&quot;&quot;,&quot;created_timestamp&quot;:&quot;1450533905&quot;,&quot;copyright&quot;:&quot;&quot;,&quot;focal_length&quot;:&quot;4.15&quot;,&quot;iso&quot;:&quot;40&quot;,&quot;shutter_speed&quot;:&quot;0.016666666666667&quot;,&quot;title&quot;:&quot;&quot;,&quot;orientation&quot;:&quot;1&quot;}\" data-image-title=\"IMG_3920\" data-image-description=\"&lt;p&gt;Krone Vorlage&lt;\/p&gt;\n\" data-image-caption=\"\" data-medium-file=\"https:\/\/i0.wp.com\/www.dannwollenwirmal.de\/wp-content\/uploads\/2015\/12\/IMG_3920.jpg?fit=300%2C300\" data-large-file=\"https:\/\/i0.wp.com\/www.dannwollenwirmal.de\/wp-content\/uploads\/2015\/12\/IMG_3920.jpg?fit=652%2C652\" loading=\"lazy\" class=\"alignnone size-full wp-image-1221\" src=\"https:\/\/i0.wp.com\/www.dannwollenwirmal.de\/wp-content\/uploads\/2015\/12\/IMG_3920.jpg?resize=652%2C652\" alt=\"IMG_3920\" width=\"652\" height=\"652\" srcset=\"https:\/\/i0.wp.com\/www.dannwollenwirmal.de\/wp-content\/uploads\/2015\/12\/IMG_3920.jpg?w=652 652w, https:\/\/i0.wp.com\/www.dannwollenwirmal.de\/wp-content\/uploads\/2015\/12\/IMG_3920.jpg?resize=150%2C150 150w, https:\/\/i0.wp.com\/www.dannwollenwirmal.de\/wp-content\/uploads\/2015\/12\/IMG_3920.jpg?resize=300%2C300 300w\" sizes=\"(max-width: 652px) 100vw, 652px\" data-recalc-dims=\"1\" \/><\/a><br \/>\n<em>Vorlage<\/em><\/p>\n<p>Die Lampe soll also dreidimensional werden: Vorderer Teil mit drei Kronenzacken, hinterer Teil mit zwei, dazwischen Verbindungsh\u00f6lzer und nat\u00fcrlich die Lampenfassung angebracht. Zun\u00e4chst habe ich das Bild mit Photoshop (keine Werbung! Es gibt nat\u00fcrlich auch andere Bildverarbeitungsprogramme wie <a href=\"http:\/\/images.google.de\/imgres?imgurl=http%3A%2F%2Fwww.daniel-schwamm.de%2Fcmd%2Fdelphi-tutorials%2Fsprite-painter%2Famiga-deluxe-paint.jpg&amp;imgrefurl=http%3A%2F%2Fwww.daniel-schwamm.de%2Findex.php%3Fpg%3Ddelphi-tutorials%2Fsprite-painter&amp;h=332&amp;w=500&amp;tbnid=k5T1P9e2Ei2iMM%3A&amp;docid=xKtfit_no9TmEM&amp;ei=IsV1VvvVMsXVOtiPnHA&amp;tbm=isch&amp;iact=rc&amp;uact=3&amp;dur=1046&amp;page=1&amp;start=0&amp;ndsp=35&amp;ved=0ahUKEwj77rq66OjJAhXFqg4KHdgHBw4QrQMIOzAI\"><strong>Deluxe Paint<\/strong><\/a>!) auf zwei DIN-A-4-Seiten vergr\u00f6\u00dfert:<\/p>\n<p><a href=\"https:\/\/i1.wp.com\/www.dannwollenwirmal.de\/wp-content\/uploads\/2015\/12\/IMG_3921.jpg\"><img data-attachment-id=\"1222\" data-permalink=\"http:\/\/www.dannwollenwirmal.de\/?attachment_id=1222#main\" data-orig-file=\"https:\/\/i1.wp.com\/www.dannwollenwirmal.de\/wp-content\/uploads\/2015\/12\/IMG_3921.jpg?fit=652%2C652\" data-orig-size=\"652,652\" data-comments-opened=\"1\" data-image-meta=\"{&quot;aperture&quot;:&quot;2.2&quot;,&quot;credit&quot;:&quot;&quot;,&quot;camera&quot;:&quot;iPhone 6&quot;,&quot;caption&quot;:&quot;&quot;,&quot;created_timestamp&quot;:&quot;1450534269&quot;,&quot;copyright&quot;:&quot;&quot;,&quot;focal_length&quot;:&quot;4.15&quot;,&quot;iso&quot;:&quot;32&quot;,&quot;shutter_speed&quot;:&quot;0.025&quot;,&quot;title&quot;:&quot;&quot;,&quot;orientation&quot;:&quot;1&quot;}\" data-image-title=\"IMG_3921\" data-image-description=\"\" data-image-caption=\"\" data-medium-file=\"https:\/\/i1.wp.com\/www.dannwollenwirmal.de\/wp-content\/uploads\/2015\/12\/IMG_3921.jpg?fit=300%2C300\" data-large-file=\"https:\/\/i1.wp.com\/www.dannwollenwirmal.de\/wp-content\/uploads\/2015\/12\/IMG_3921.jpg?fit=652%2C652\" loading=\"lazy\" class=\"alignnone size-full wp-image-1222\" src=\"https:\/\/i1.wp.com\/www.dannwollenwirmal.de\/wp-content\/uploads\/2015\/12\/IMG_3921.jpg?resize=652%2C652\" alt=\"IMG_3921\" width=\"652\" height=\"652\" srcset=\"https:\/\/i1.wp.com\/www.dannwollenwirmal.de\/wp-content\/uploads\/2015\/12\/IMG_3921.jpg?w=652 652w, https:\/\/i1.wp.com\/www.dannwollenwirmal.de\/wp-content\/uploads\/2015\/12\/IMG_3921.jpg?resize=150%2C150 150w, https:\/\/i1.wp.com\/www.dannwollenwirmal.de\/wp-content\/uploads\/2015\/12\/IMG_3921.jpg?resize=300%2C300 300w\" sizes=\"(max-width: 652px) 100vw, 652px\" data-recalc-dims=\"1\" \/><\/a><br \/>\nv<em>ergr\u00f6\u00dfern&#8230;<\/em><\/p>\n<p>&#8230;und dann ausgedruckt. Die gedruckte Vorlage wird auf die Sperrholzplatte geklebt und dann mit einem spitzen Bleistift nachgezeichnet, damit sich das im Holz einpr\u00e4gt:<\/p>\n<p><a href=\"https:\/\/i0.wp.com\/www.dannwollenwirmal.de\/wp-content\/uploads\/2015\/12\/IMG_3922.jpg\"><img data-attachment-id=\"1223\" data-permalink=\"http:\/\/www.dannwollenwirmal.de\/?attachment_id=1223#main\" data-orig-file=\"https:\/\/i0.wp.com\/www.dannwollenwirmal.de\/wp-content\/uploads\/2015\/12\/IMG_3922.jpg?fit=652%2C652\" data-orig-size=\"652,652\" data-comments-opened=\"1\" data-image-meta=\"{&quot;aperture&quot;:&quot;2.2&quot;,&quot;credit&quot;:&quot;&quot;,&quot;camera&quot;:&quot;iPhone 6&quot;,&quot;caption&quot;:&quot;&quot;,&quot;created_timestamp&quot;:&quot;1450534648&quot;,&quot;copyright&quot;:&quot;&quot;,&quot;focal_length&quot;:&quot;4.15&quot;,&quot;iso&quot;:&quot;32&quot;,&quot;shutter_speed&quot;:&quot;0.033333333333333&quot;,&quot;title&quot;:&quot;&quot;,&quot;orientation&quot;:&quot;1&quot;}\" data-image-title=\"IMG_3922\" data-image-description=\"\" data-image-caption=\"\" data-medium-file=\"https:\/\/i0.wp.com\/www.dannwollenwirmal.de\/wp-content\/uploads\/2015\/12\/IMG_3922.jpg?fit=300%2C300\" data-large-file=\"https:\/\/i0.wp.com\/www.dannwollenwirmal.de\/wp-content\/uploads\/2015\/12\/IMG_3922.jpg?fit=652%2C652\" loading=\"lazy\" class=\"alignnone size-full wp-image-1223\" src=\"https:\/\/i0.wp.com\/www.dannwollenwirmal.de\/wp-content\/uploads\/2015\/12\/IMG_3922.jpg?resize=652%2C652\" alt=\"IMG_3922\" width=\"652\" height=\"652\" srcset=\"https:\/\/i0.wp.com\/www.dannwollenwirmal.de\/wp-content\/uploads\/2015\/12\/IMG_3922.jpg?w=652 652w, https:\/\/i0.wp.com\/www.dannwollenwirmal.de\/wp-content\/uploads\/2015\/12\/IMG_3922.jpg?resize=150%2C150 150w, https:\/\/i0.wp.com\/www.dannwollenwirmal.de\/wp-content\/uploads\/2015\/12\/IMG_3922.jpg?resize=300%2C300 300w\" sizes=\"(max-width: 652px) 100vw, 652px\" data-recalc-dims=\"1\" \/><\/a><br \/>\n<em>Schablone auf dem Holz<\/em><\/p>\n<p>Die Rillen werden dann per Bleistift nachgezeichnet:<\/p>\n<p><a href=\"https:\/\/i2.wp.com\/www.dannwollenwirmal.de\/wp-content\/uploads\/2015\/12\/IMG_3923.jpg\"><img data-attachment-id=\"1224\" data-permalink=\"http:\/\/www.dannwollenwirmal.de\/?attachment_id=1224#main\" data-orig-file=\"https:\/\/i2.wp.com\/www.dannwollenwirmal.de\/wp-content\/uploads\/2015\/12\/IMG_3923.jpg?fit=652%2C652\" data-orig-size=\"652,652\" data-comments-opened=\"1\" data-image-meta=\"{&quot;aperture&quot;:&quot;2.2&quot;,&quot;credit&quot;:&quot;&quot;,&quot;camera&quot;:&quot;iPhone 6&quot;,&quot;caption&quot;:&quot;&quot;,&quot;created_timestamp&quot;:&quot;1450535005&quot;,&quot;copyright&quot;:&quot;&quot;,&quot;focal_length&quot;:&quot;4.15&quot;,&quot;iso&quot;:&quot;32&quot;,&quot;shutter_speed&quot;:&quot;0.033333333333333&quot;,&quot;title&quot;:&quot;&quot;,&quot;orientation&quot;:&quot;1&quot;}\" data-image-title=\"IMG_3923\" data-image-description=\"\" data-image-caption=\"\" data-medium-file=\"https:\/\/i2.wp.com\/www.dannwollenwirmal.de\/wp-content\/uploads\/2015\/12\/IMG_3923.jpg?fit=300%2C300\" data-large-file=\"https:\/\/i2.wp.com\/www.dannwollenwirmal.de\/wp-content\/uploads\/2015\/12\/IMG_3923.jpg?fit=652%2C652\" loading=\"lazy\" class=\"alignnone size-full wp-image-1224\" src=\"https:\/\/i2.wp.com\/www.dannwollenwirmal.de\/wp-content\/uploads\/2015\/12\/IMG_3923.jpg?resize=652%2C652\" alt=\"IMG_3923\" width=\"652\" height=\"652\" srcset=\"https:\/\/i2.wp.com\/www.dannwollenwirmal.de\/wp-content\/uploads\/2015\/12\/IMG_3923.jpg?w=652 652w, https:\/\/i2.wp.com\/www.dannwollenwirmal.de\/wp-content\/uploads\/2015\/12\/IMG_3923.jpg?resize=150%2C150 150w, https:\/\/i2.wp.com\/www.dannwollenwirmal.de\/wp-content\/uploads\/2015\/12\/IMG_3923.jpg?resize=300%2C300 300w\" sizes=\"(max-width: 652px) 100vw, 652px\" data-recalc-dims=\"1\" \/><\/a><br \/>\n<em>n<\/em><em>achzeichnen<\/em><\/p>\n<p>Nun ist das Auss\u00e4gen dran! Ich habe hier eine Stichs\u00e4ge mit feinem S\u00e4geblatt benutzt. Den Pendelhub sollte man ausstellen, damit es nicht zu schnell geht und nicht ausfranst. Das ist wirklich eine Geduldsaufgabe. Ich habe es erst mit Schraubzwingen gemacht, aber wenn man die Kronenspitzen zu weit herausstehen l\u00e4sst, sind die ruckzuck abgebrochen. Und so ist mir am Ende der ersten Form tats\u00e4chlich ein Zacken aus der Krone gebrochen:<\/p>\n<p><a href=\"https:\/\/i0.wp.com\/www.dannwollenwirmal.de\/wp-content\/uploads\/2015\/12\/IMG_3926.jpg\"><img data-attachment-id=\"1225\" data-permalink=\"http:\/\/www.dannwollenwirmal.de\/?attachment_id=1225#main\" data-orig-file=\"https:\/\/i0.wp.com\/www.dannwollenwirmal.de\/wp-content\/uploads\/2015\/12\/IMG_3926.jpg?fit=652%2C652\" data-orig-size=\"652,652\" data-comments-opened=\"1\" data-image-meta=\"{&quot;aperture&quot;:&quot;2.2&quot;,&quot;credit&quot;:&quot;&quot;,&quot;camera&quot;:&quot;iPhone 6&quot;,&quot;caption&quot;:&quot;&quot;,&quot;created_timestamp&quot;:&quot;1450536809&quot;,&quot;copyright&quot;:&quot;&quot;,&quot;focal_length&quot;:&quot;4.15&quot;,&quot;iso&quot;:&quot;250&quot;,&quot;shutter_speed&quot;:&quot;0.05&quot;,&quot;title&quot;:&quot;&quot;,&quot;orientation&quot;:&quot;1&quot;}\" data-image-title=\"IMG_3926\" data-image-description=\"\" data-image-caption=\"\" data-medium-file=\"https:\/\/i0.wp.com\/www.dannwollenwirmal.de\/wp-content\/uploads\/2015\/12\/IMG_3926.jpg?fit=300%2C300\" data-large-file=\"https:\/\/i0.wp.com\/www.dannwollenwirmal.de\/wp-content\/uploads\/2015\/12\/IMG_3926.jpg?fit=652%2C652\" loading=\"lazy\" class=\"alignnone size-full wp-image-1225\" src=\"https:\/\/i0.wp.com\/www.dannwollenwirmal.de\/wp-content\/uploads\/2015\/12\/IMG_3926.jpg?resize=652%2C652\" alt=\"IMG_3926\" width=\"652\" height=\"652\" srcset=\"https:\/\/i0.wp.com\/www.dannwollenwirmal.de\/wp-content\/uploads\/2015\/12\/IMG_3926.jpg?w=652 652w, https:\/\/i0.wp.com\/www.dannwollenwirmal.de\/wp-content\/uploads\/2015\/12\/IMG_3926.jpg?resize=150%2C150 150w, https:\/\/i0.wp.com\/www.dannwollenwirmal.de\/wp-content\/uploads\/2015\/12\/IMG_3926.jpg?resize=300%2C300 300w\" sizes=\"(max-width: 652px) 100vw, 652px\" data-recalc-dims=\"1\" \/><\/a><br \/>\n<em>Grrrrr!<\/em><\/p>\n<p>Dabei musste ich an die Bloggerkollegen denken, die sich wirklich mit Holz auskennen und beispielsweise diese <a href=\"http:\/\/holz-und-metall.blogspot.de\/2014\/11\/weihnachtlicher-schwibbogen.html\"><strong>Schwibb\u00f6gen<\/strong> <\/a>machen! Der werte Kollege Reschenauer s\u00e4gt ein Vierteljahr an dem Ding herum! Was ist denn, wenn kurz vorm ersten Advent das Ohr vom Esel oder der Ochsenschwanz abbricht? Ich glaube, ich w\u00fcrde den ganzen Mist hochkant in die Biotonne treten!<\/p>\n<p>Ich habe dann einfach tief durchgeatmet und bin nochmal neu angefangen:<\/p>\n<p><a href=\"https:\/\/i1.wp.com\/www.dannwollenwirmal.de\/wp-content\/uploads\/2015\/12\/IMG_3924.jpg\"><img data-attachment-id=\"1226\" data-permalink=\"http:\/\/www.dannwollenwirmal.de\/?attachment_id=1226#main\" data-orig-file=\"https:\/\/i1.wp.com\/www.dannwollenwirmal.de\/wp-content\/uploads\/2015\/12\/IMG_3924.jpg?fit=652%2C652\" data-orig-size=\"652,652\" data-comments-opened=\"1\" data-image-meta=\"{&quot;aperture&quot;:&quot;2.2&quot;,&quot;credit&quot;:&quot;&quot;,&quot;camera&quot;:&quot;iPhone 6&quot;,&quot;caption&quot;:&quot;&quot;,&quot;created_timestamp&quot;:&quot;1450535722&quot;,&quot;copyright&quot;:&quot;&quot;,&quot;focal_length&quot;:&quot;4.15&quot;,&quot;iso&quot;:&quot;250&quot;,&quot;shutter_speed&quot;:&quot;0.058823529411765&quot;,&quot;title&quot;:&quot;&quot;,&quot;orientation&quot;:&quot;1&quot;}\" data-image-title=\"IMG_3924\" data-image-description=\"\" data-image-caption=\"\" data-medium-file=\"https:\/\/i1.wp.com\/www.dannwollenwirmal.de\/wp-content\/uploads\/2015\/12\/IMG_3924.jpg?fit=300%2C300\" data-large-file=\"https:\/\/i1.wp.com\/www.dannwollenwirmal.de\/wp-content\/uploads\/2015\/12\/IMG_3924.jpg?fit=652%2C652\" loading=\"lazy\" class=\"alignnone size-full wp-image-1226\" src=\"https:\/\/i1.wp.com\/www.dannwollenwirmal.de\/wp-content\/uploads\/2015\/12\/IMG_3924.jpg?resize=652%2C652\" alt=\"IMG_3924\" width=\"652\" height=\"652\" srcset=\"https:\/\/i1.wp.com\/www.dannwollenwirmal.de\/wp-content\/uploads\/2015\/12\/IMG_3924.jpg?w=652 652w, https:\/\/i1.wp.com\/www.dannwollenwirmal.de\/wp-content\/uploads\/2015\/12\/IMG_3924.jpg?resize=150%2C150 150w, https:\/\/i1.wp.com\/www.dannwollenwirmal.de\/wp-content\/uploads\/2015\/12\/IMG_3924.jpg?resize=300%2C300 300w\" sizes=\"(max-width: 652px) 100vw, 652px\" data-recalc-dims=\"1\" \/><\/a><br \/>\n<em>S\u00e4gen, hier noch mit Schraubzwinge<\/em><\/p>\n<p>Es hat sich als g\u00fcnstiger erwiesen, mit der Hand zu f\u00fchren, \u00e4hnlich wie beim Laubs\u00e4gen, und immer dicht an der Kante entlangzus\u00e4gen. Ab und zu kann man mal ein Loch bohren, um mit dem S\u00e4geblatt an ung\u00fcnstige Stellen heranzukommen:<\/p>\n<p><a href=\"https:\/\/i0.wp.com\/www.dannwollenwirmal.de\/wp-content\/uploads\/2015\/12\/IMG_3925.jpg\"><img data-attachment-id=\"1227\" data-permalink=\"http:\/\/www.dannwollenwirmal.de\/?attachment_id=1227#main\" data-orig-file=\"https:\/\/i0.wp.com\/www.dannwollenwirmal.de\/wp-content\/uploads\/2015\/12\/IMG_3925.jpg?fit=652%2C652\" data-orig-size=\"652,652\" data-comments-opened=\"1\" data-image-meta=\"{&quot;aperture&quot;:&quot;2.2&quot;,&quot;credit&quot;:&quot;&quot;,&quot;camera&quot;:&quot;iPhone 6&quot;,&quot;caption&quot;:&quot;&quot;,&quot;created_timestamp&quot;:&quot;1450536079&quot;,&quot;copyright&quot;:&quot;&quot;,&quot;focal_length&quot;:&quot;4.15&quot;,&quot;iso&quot;:&quot;250&quot;,&quot;shutter_speed&quot;:&quot;0.033333333333333&quot;,&quot;title&quot;:&quot;&quot;,&quot;orientation&quot;:&quot;1&quot;}\" data-image-title=\"IMG_3925\" data-image-description=\"&lt;p&gt;Loch&lt;\/p&gt;\n\" data-image-caption=\"\" data-medium-file=\"https:\/\/i0.wp.com\/www.dannwollenwirmal.de\/wp-content\/uploads\/2015\/12\/IMG_3925.jpg?fit=300%2C300\" data-large-file=\"https:\/\/i0.wp.com\/www.dannwollenwirmal.de\/wp-content\/uploads\/2015\/12\/IMG_3925.jpg?fit=652%2C652\" loading=\"lazy\" class=\"alignnone size-full wp-image-1227\" src=\"https:\/\/i0.wp.com\/www.dannwollenwirmal.de\/wp-content\/uploads\/2015\/12\/IMG_3925.jpg?resize=652%2C652\" alt=\"IMG_3925\" width=\"652\" height=\"652\" srcset=\"https:\/\/i0.wp.com\/www.dannwollenwirmal.de\/wp-content\/uploads\/2015\/12\/IMG_3925.jpg?w=652 652w, https:\/\/i0.wp.com\/www.dannwollenwirmal.de\/wp-content\/uploads\/2015\/12\/IMG_3925.jpg?resize=150%2C150 150w, https:\/\/i0.wp.com\/www.dannwollenwirmal.de\/wp-content\/uploads\/2015\/12\/IMG_3925.jpg?resize=300%2C300 300w\" sizes=\"(max-width: 652px) 100vw, 652px\" data-recalc-dims=\"1\" \/><\/a><br \/>\n<em>Loch<\/em><\/p>\n<p>Irgendwann waren dann beide Formen fertig:<\/p>\n<p><a href=\"https:\/\/i0.wp.com\/www.dannwollenwirmal.de\/wp-content\/uploads\/2015\/12\/IMG_3927.jpg\"><img data-attachment-id=\"1228\" data-permalink=\"http:\/\/www.dannwollenwirmal.de\/?attachment_id=1228#main\" data-orig-file=\"https:\/\/i0.wp.com\/www.dannwollenwirmal.de\/wp-content\/uploads\/2015\/12\/IMG_3927.jpg?fit=652%2C652\" data-orig-size=\"652,652\" data-comments-opened=\"1\" data-image-meta=\"{&quot;aperture&quot;:&quot;2.2&quot;,&quot;credit&quot;:&quot;&quot;,&quot;camera&quot;:&quot;iPhone 6&quot;,&quot;caption&quot;:&quot;&quot;,&quot;created_timestamp&quot;:&quot;1450537879&quot;,&quot;copyright&quot;:&quot;&quot;,&quot;focal_length&quot;:&quot;4.15&quot;,&quot;iso&quot;:&quot;320&quot;,&quot;shutter_speed&quot;:&quot;0.066666666666667&quot;,&quot;title&quot;:&quot;&quot;,&quot;orientation&quot;:&quot;1&quot;}\" data-image-title=\"IMG_3927\" data-image-description=\"\" data-image-caption=\"\" data-medium-file=\"https:\/\/i0.wp.com\/www.dannwollenwirmal.de\/wp-content\/uploads\/2015\/12\/IMG_3927.jpg?fit=300%2C300\" data-large-file=\"https:\/\/i0.wp.com\/www.dannwollenwirmal.de\/wp-content\/uploads\/2015\/12\/IMG_3927.jpg?fit=652%2C652\" loading=\"lazy\" class=\"alignnone size-full wp-image-1228\" src=\"https:\/\/i0.wp.com\/www.dannwollenwirmal.de\/wp-content\/uploads\/2015\/12\/IMG_3927.jpg?resize=652%2C652\" alt=\"IMG_3927\" width=\"652\" height=\"652\" srcset=\"https:\/\/i0.wp.com\/www.dannwollenwirmal.de\/wp-content\/uploads\/2015\/12\/IMG_3927.jpg?w=652 652w, https:\/\/i0.wp.com\/www.dannwollenwirmal.de\/wp-content\/uploads\/2015\/12\/IMG_3927.jpg?resize=150%2C150 150w, https:\/\/i0.wp.com\/www.dannwollenwirmal.de\/wp-content\/uploads\/2015\/12\/IMG_3927.jpg?resize=300%2C300 300w\" sizes=\"(max-width: 652px) 100vw, 652px\" data-recalc-dims=\"1\" \/><\/a><br \/>\n<em>Oooh! Aaah!<\/em><\/p>\n<p>Das Sch\u00f6ne ist ja, dass das Kr\u00f6nchen schon von der Vorlage her sehr <em>organisch<\/em> und ein wenig verspielt, also nicht besonders gerade und symmetrisch ist. Das erleichtert irgendwie das S\u00e4gen. Und: nach dem S\u00e4gen kommt das Schleifen! Mit den hier bereits vorgestellten <a href=\"http:\/\/www.dannwollenwirmal.de\/?p=823\"><strong>Schleifern<\/strong> <\/a>war das wieder ein Vergn\u00fcgen; den Makita Tellerschleifer f\u00fcr die Fl\u00e4chen und die langen Kanten, und die Bosch Primo-Maus f\u00fcr kleine Ecken. Und danach sieht das Ges\u00e4ge dann auch schon doppelt so gut aus. Jetz mal das Leuchtmittel einpassen:<\/p>\n<p><a href=\"https:\/\/i0.wp.com\/www.dannwollenwirmal.de\/wp-content\/uploads\/2015\/12\/IMG_3928.jpg\"><img data-attachment-id=\"1229\" data-permalink=\"http:\/\/www.dannwollenwirmal.de\/?attachment_id=1229#main\" data-orig-file=\"https:\/\/i0.wp.com\/www.dannwollenwirmal.de\/wp-content\/uploads\/2015\/12\/IMG_3928.jpg?fit=652%2C652\" data-orig-size=\"652,652\" data-comments-opened=\"1\" data-image-meta=\"{&quot;aperture&quot;:&quot;2.2&quot;,&quot;credit&quot;:&quot;&quot;,&quot;camera&quot;:&quot;iPhone 6&quot;,&quot;caption&quot;:&quot;&quot;,&quot;created_timestamp&quot;:&quot;1450539285&quot;,&quot;copyright&quot;:&quot;&quot;,&quot;focal_length&quot;:&quot;4.15&quot;,&quot;iso&quot;:&quot;320&quot;,&quot;shutter_speed&quot;:&quot;0.066666666666667&quot;,&quot;title&quot;:&quot;&quot;,&quot;orientation&quot;:&quot;1&quot;}\" data-image-title=\"IMG_3928\" data-image-description=\"\" data-image-caption=\"\" data-medium-file=\"https:\/\/i0.wp.com\/www.dannwollenwirmal.de\/wp-content\/uploads\/2015\/12\/IMG_3928.jpg?fit=300%2C300\" data-large-file=\"https:\/\/i0.wp.com\/www.dannwollenwirmal.de\/wp-content\/uploads\/2015\/12\/IMG_3928.jpg?fit=652%2C652\" loading=\"lazy\" class=\"alignnone size-full wp-image-1229\" src=\"https:\/\/i0.wp.com\/www.dannwollenwirmal.de\/wp-content\/uploads\/2015\/12\/IMG_3928.jpg?resize=652%2C652\" alt=\"IMG_3928\" width=\"652\" height=\"652\" srcset=\"https:\/\/i0.wp.com\/www.dannwollenwirmal.de\/wp-content\/uploads\/2015\/12\/IMG_3928.jpg?w=652 652w, https:\/\/i0.wp.com\/www.dannwollenwirmal.de\/wp-content\/uploads\/2015\/12\/IMG_3928.jpg?resize=150%2C150 150w, https:\/\/i0.wp.com\/www.dannwollenwirmal.de\/wp-content\/uploads\/2015\/12\/IMG_3928.jpg?resize=300%2C300 300w\" sizes=\"(max-width: 652px) 100vw, 652px\" data-recalc-dims=\"1\" \/><\/a><br \/>\n<em>Fassung und Leuchtmittel<\/em><\/p>\n<p>Ich habe hier ein LED-Leuchmittel gew\u00e4hlt, erstens, weil ich Selbiges in unserer Dunstzabzugshaube eingesetzt habe und begeistert bin vom Output, und zweitens, weil es eben <em>nicht<\/em> warm wird und die Lampe dann vielleicht <em>nicht<\/em> sofort in Flammen aufgeht, und drittens, weils Strom spart, und viertens, weil man es idealerweise niemals wechseln muss.<\/p>\n<p>Die Gr\u00f6\u00dfe der Fassung definiert also ein bi\u00dfchen den Abstand zwischen den beiden Ebenen, und jetzt schaut man mal in der Holz-Restekiste, was man als Abstandshalter nehmen kann. Ich hatte noch etwas Rundstab von <a href=\"http:\/\/www.dannwollenwirmal.de\/?p=919\"><strong>diesem<\/strong> <\/a>Projekt \u00fcbrig, habe daraus dann vier St\u00fccke (etwa 7 cm lang) ges\u00e4gt:<\/p>\n<p><a href=\"https:\/\/i1.wp.com\/www.dannwollenwirmal.de\/wp-content\/uploads\/2015\/12\/IMG_3929.jpg\"><img data-attachment-id=\"1230\" data-permalink=\"http:\/\/www.dannwollenwirmal.de\/?attachment_id=1230#main\" data-orig-file=\"https:\/\/i1.wp.com\/www.dannwollenwirmal.de\/wp-content\/uploads\/2015\/12\/IMG_3929.jpg?fit=652%2C652\" data-orig-size=\"652,652\" data-comments-opened=\"1\" data-image-meta=\"{&quot;aperture&quot;:&quot;2.2&quot;,&quot;credit&quot;:&quot;&quot;,&quot;camera&quot;:&quot;iPhone 6&quot;,&quot;caption&quot;:&quot;&quot;,&quot;created_timestamp&quot;:&quot;1450539290&quot;,&quot;copyright&quot;:&quot;&quot;,&quot;focal_length&quot;:&quot;4.15&quot;,&quot;iso&quot;:&quot;250&quot;,&quot;shutter_speed&quot;:&quot;0.066666666666667&quot;,&quot;title&quot;:&quot;&quot;,&quot;orientation&quot;:&quot;1&quot;}\" data-image-title=\"IMG_3929\" data-image-description=\"\" data-image-caption=\"\" data-medium-file=\"https:\/\/i1.wp.com\/www.dannwollenwirmal.de\/wp-content\/uploads\/2015\/12\/IMG_3929.jpg?fit=300%2C300\" data-large-file=\"https:\/\/i1.wp.com\/www.dannwollenwirmal.de\/wp-content\/uploads\/2015\/12\/IMG_3929.jpg?fit=652%2C652\" loading=\"lazy\" class=\"alignnone size-full wp-image-1230\" src=\"https:\/\/i1.wp.com\/www.dannwollenwirmal.de\/wp-content\/uploads\/2015\/12\/IMG_3929.jpg?resize=652%2C652\" alt=\"IMG_3929\" width=\"652\" height=\"652\" srcset=\"https:\/\/i1.wp.com\/www.dannwollenwirmal.de\/wp-content\/uploads\/2015\/12\/IMG_3929.jpg?w=652 652w, https:\/\/i1.wp.com\/www.dannwollenwirmal.de\/wp-content\/uploads\/2015\/12\/IMG_3929.jpg?resize=150%2C150 150w, https:\/\/i1.wp.com\/www.dannwollenwirmal.de\/wp-content\/uploads\/2015\/12\/IMG_3929.jpg?resize=300%2C300 300w\" sizes=\"(max-width: 652px) 100vw, 652px\" data-recalc-dims=\"1\" \/><\/a><br \/>\n<em>Rundh\u00f6lzer als Verbinder zwischen den beiden Platten<\/em><\/p>\n<p>Diese werden dann sch\u00f6n aufgeleimt:<\/p>\n<p><a href=\"https:\/\/i1.wp.com\/www.dannwollenwirmal.de\/wp-content\/uploads\/2015\/12\/IMG_3931.jpg\"><img data-attachment-id=\"1231\" data-permalink=\"http:\/\/www.dannwollenwirmal.de\/?attachment_id=1231#main\" data-orig-file=\"https:\/\/i1.wp.com\/www.dannwollenwirmal.de\/wp-content\/uploads\/2015\/12\/IMG_3931.jpg?fit=652%2C652\" data-orig-size=\"652,652\" data-comments-opened=\"1\" data-image-meta=\"{&quot;aperture&quot;:&quot;2.2&quot;,&quot;credit&quot;:&quot;&quot;,&quot;camera&quot;:&quot;iPhone 6&quot;,&quot;caption&quot;:&quot;&quot;,&quot;created_timestamp&quot;:&quot;1450539772&quot;,&quot;copyright&quot;:&quot;&quot;,&quot;focal_length&quot;:&quot;4.15&quot;,&quot;iso&quot;:&quot;400&quot;,&quot;shutter_speed&quot;:&quot;0.066666666666667&quot;,&quot;title&quot;:&quot;&quot;,&quot;orientation&quot;:&quot;1&quot;}\" data-image-title=\"IMG_3931\" data-image-description=\"\" data-image-caption=\"\" data-medium-file=\"https:\/\/i1.wp.com\/www.dannwollenwirmal.de\/wp-content\/uploads\/2015\/12\/IMG_3931.jpg?fit=300%2C300\" data-large-file=\"https:\/\/i1.wp.com\/www.dannwollenwirmal.de\/wp-content\/uploads\/2015\/12\/IMG_3931.jpg?fit=652%2C652\" loading=\"lazy\" class=\"alignnone size-full wp-image-1231\" src=\"https:\/\/i1.wp.com\/www.dannwollenwirmal.de\/wp-content\/uploads\/2015\/12\/IMG_3931.jpg?resize=652%2C652\" alt=\"IMG_3931\" width=\"652\" height=\"652\" srcset=\"https:\/\/i1.wp.com\/www.dannwollenwirmal.de\/wp-content\/uploads\/2015\/12\/IMG_3931.jpg?w=652 652w, https:\/\/i1.wp.com\/www.dannwollenwirmal.de\/wp-content\/uploads\/2015\/12\/IMG_3931.jpg?resize=150%2C150 150w, https:\/\/i1.wp.com\/www.dannwollenwirmal.de\/wp-content\/uploads\/2015\/12\/IMG_3931.jpg?resize=300%2C300 300w\" sizes=\"(max-width: 652px) 100vw, 652px\" data-recalc-dims=\"1\" \/><\/a><em><br \/>\nLeimung<\/em><\/p>\n<p>und das Ganze dann mit Schraubzwingen verpresst. Man sollte auch hier Geduld haben und nicht zu fr\u00fch entspannen und daran rumfummeln, dann geht n\u00e4mlich alles wieder auseinander. Nicht das mir das passiert w\u00e4re! *h\u00fcstel*<\/p>\n<p><a href=\"https:\/\/i2.wp.com\/www.dannwollenwirmal.de\/wp-content\/uploads\/2015\/12\/IMG_3932.jpg\"><img data-attachment-id=\"1232\" data-permalink=\"http:\/\/www.dannwollenwirmal.de\/?attachment_id=1232#main\" data-orig-file=\"https:\/\/i2.wp.com\/www.dannwollenwirmal.de\/wp-content\/uploads\/2015\/12\/IMG_3932.jpg?fit=652%2C652\" data-orig-size=\"652,652\" data-comments-opened=\"1\" data-image-meta=\"{&quot;aperture&quot;:&quot;2.2&quot;,&quot;credit&quot;:&quot;&quot;,&quot;camera&quot;:&quot;iPhone 6&quot;,&quot;caption&quot;:&quot;&quot;,&quot;created_timestamp&quot;:&quot;1450539923&quot;,&quot;copyright&quot;:&quot;&quot;,&quot;focal_length&quot;:&quot;4.15&quot;,&quot;iso&quot;:&quot;400&quot;,&quot;shutter_speed&quot;:&quot;0.066666666666667&quot;,&quot;title&quot;:&quot;&quot;,&quot;orientation&quot;:&quot;1&quot;}\" data-image-title=\"IMG_3932\" data-image-description=\"\" data-image-caption=\"\" data-medium-file=\"https:\/\/i2.wp.com\/www.dannwollenwirmal.de\/wp-content\/uploads\/2015\/12\/IMG_3932.jpg?fit=300%2C300\" data-large-file=\"https:\/\/i2.wp.com\/www.dannwollenwirmal.de\/wp-content\/uploads\/2015\/12\/IMG_3932.jpg?fit=652%2C652\" loading=\"lazy\" class=\"alignnone size-full wp-image-1232\" src=\"https:\/\/i2.wp.com\/www.dannwollenwirmal.de\/wp-content\/uploads\/2015\/12\/IMG_3932.jpg?resize=652%2C652\" alt=\"IMG_3932\" width=\"652\" height=\"652\" srcset=\"https:\/\/i2.wp.com\/www.dannwollenwirmal.de\/wp-content\/uploads\/2015\/12\/IMG_3932.jpg?w=652 652w, https:\/\/i2.wp.com\/www.dannwollenwirmal.de\/wp-content\/uploads\/2015\/12\/IMG_3932.jpg?resize=150%2C150 150w, https:\/\/i2.wp.com\/www.dannwollenwirmal.de\/wp-content\/uploads\/2015\/12\/IMG_3932.jpg?resize=300%2C300 300w\" sizes=\"(max-width: 652px) 100vw, 652px\" data-recalc-dims=\"1\" \/><\/a><br \/>\n<em>spannende Angelegenheit<\/em><\/p>\n<p>W\u00e4hrenddessen kann man die &#8222;Lampenbr\u00fccke&#8220; zusammenbauen. Auf ein l\u00e4ngeres Brettchen wird ein kleines Brettchen hochkant <del>aufgeleimt<\/del> (h\u00e4lt nicht) aufgeschraubt. In das kleine Brettchen wird vorher per Forstner-Bohrer ein Loch gebohrt:<\/p>\n<p><a href=\"https:\/\/i1.wp.com\/www.dannwollenwirmal.de\/wp-content\/uploads\/2015\/12\/IMG_3933.jpg\"><img data-attachment-id=\"1233\" data-permalink=\"http:\/\/www.dannwollenwirmal.de\/?attachment_id=1233#main\" data-orig-file=\"https:\/\/i1.wp.com\/www.dannwollenwirmal.de\/wp-content\/uploads\/2015\/12\/IMG_3933.jpg?fit=652%2C652\" data-orig-size=\"652,652\" data-comments-opened=\"1\" data-image-meta=\"{&quot;aperture&quot;:&quot;2.2&quot;,&quot;credit&quot;:&quot;&quot;,&quot;camera&quot;:&quot;iPhone 6&quot;,&quot;caption&quot;:&quot;&quot;,&quot;created_timestamp&quot;:&quot;1450540317&quot;,&quot;copyright&quot;:&quot;&quot;,&quot;focal_length&quot;:&quot;4.15&quot;,&quot;iso&quot;:&quot;400&quot;,&quot;shutter_speed&quot;:&quot;0.058823529411765&quot;,&quot;title&quot;:&quot;&quot;,&quot;orientation&quot;:&quot;1&quot;}\" data-image-title=\"IMG_3933\" data-image-description=\"\" data-image-caption=\"\" data-medium-file=\"https:\/\/i1.wp.com\/www.dannwollenwirmal.de\/wp-content\/uploads\/2015\/12\/IMG_3933.jpg?fit=300%2C300\" data-large-file=\"https:\/\/i1.wp.com\/www.dannwollenwirmal.de\/wp-content\/uploads\/2015\/12\/IMG_3933.jpg?fit=652%2C652\" loading=\"lazy\" class=\"alignnone size-full wp-image-1233\" src=\"https:\/\/i1.wp.com\/www.dannwollenwirmal.de\/wp-content\/uploads\/2015\/12\/IMG_3933.jpg?resize=652%2C652\" alt=\"IMG_3933\" width=\"652\" height=\"652\" srcset=\"https:\/\/i1.wp.com\/www.dannwollenwirmal.de\/wp-content\/uploads\/2015\/12\/IMG_3933.jpg?w=652 652w, https:\/\/i1.wp.com\/www.dannwollenwirmal.de\/wp-content\/uploads\/2015\/12\/IMG_3933.jpg?resize=150%2C150 150w, https:\/\/i1.wp.com\/www.dannwollenwirmal.de\/wp-content\/uploads\/2015\/12\/IMG_3933.jpg?resize=300%2C300 300w\" sizes=\"(max-width: 652px) 100vw, 652px\" data-recalc-dims=\"1\" \/><\/a><br \/>\n<em>Lampen-Br\u00fccke<\/em><\/p>\n<p>Das kleine Brettchen wird mit zwei SPAX (na endlich mal wieder Spax!)-Schrauben 3&#215;30 von hinten an dem langen Steg befestigt. Die fertige Br\u00fccke wird, ebenfalls mit zwei 3&#215;30-Spax an den beiden unteren Abstandhaltern befestigt:<\/p>\n<p><img data-attachment-id=\"1234\" data-permalink=\"http:\/\/www.dannwollenwirmal.de\/?attachment_id=1234#main\" data-orig-file=\"https:\/\/i0.wp.com\/www.dannwollenwirmal.de\/wp-content\/uploads\/2015\/12\/IMG_3934.jpg?fit=652%2C652\" data-orig-size=\"652,652\" data-comments-opened=\"1\" data-image-meta=\"{&quot;aperture&quot;:&quot;2.2&quot;,&quot;credit&quot;:&quot;&quot;,&quot;camera&quot;:&quot;iPhone 6&quot;,&quot;caption&quot;:&quot;&quot;,&quot;created_timestamp&quot;:&quot;1450558104&quot;,&quot;copyright&quot;:&quot;&quot;,&quot;focal_length&quot;:&quot;4.15&quot;,&quot;iso&quot;:&quot;500&quot;,&quot;shutter_speed&quot;:&quot;0.066666666666667&quot;,&quot;title&quot;:&quot;&quot;,&quot;orientation&quot;:&quot;1&quot;}\" data-image-title=\"IMG_3934\" data-image-description=\"\" data-image-caption=\"\" data-medium-file=\"https:\/\/i0.wp.com\/www.dannwollenwirmal.de\/wp-content\/uploads\/2015\/12\/IMG_3934.jpg?fit=300%2C300\" data-large-file=\"https:\/\/i0.wp.com\/www.dannwollenwirmal.de\/wp-content\/uploads\/2015\/12\/IMG_3934.jpg?fit=652%2C652\" loading=\"lazy\" class=\"alignnone size-full wp-image-1234\" src=\"https:\/\/i0.wp.com\/www.dannwollenwirmal.de\/wp-content\/uploads\/2015\/12\/IMG_3934.jpg?resize=652%2C652\" alt=\"IMG_3934\" width=\"652\" height=\"652\" srcset=\"https:\/\/i0.wp.com\/www.dannwollenwirmal.de\/wp-content\/uploads\/2015\/12\/IMG_3934.jpg?w=652 652w, https:\/\/i0.wp.com\/www.dannwollenwirmal.de\/wp-content\/uploads\/2015\/12\/IMG_3934.jpg?resize=150%2C150 150w, https:\/\/i0.wp.com\/www.dannwollenwirmal.de\/wp-content\/uploads\/2015\/12\/IMG_3934.jpg?resize=300%2C300 300w\" sizes=\"(max-width: 652px) 100vw, 652px\" data-recalc-dims=\"1\" \/><br \/>\n<em>Lampenbr\u00fccke<\/em><\/p>\n<p>In das Loch wird dann die Fassung gesetzt (daher wichtig, eine Fassung f\u00fcr einen Lampenschirm zu kaufen, denn die haben zwei Kunststoffmuttern zur Befestigung!):<\/p>\n<p><a href=\"https:\/\/i2.wp.com\/www.dannwollenwirmal.de\/wp-content\/uploads\/2015\/12\/IMG_3935.jpg\"><img data-attachment-id=\"1235\" data-permalink=\"http:\/\/www.dannwollenwirmal.de\/?attachment_id=1235#main\" data-orig-file=\"https:\/\/i2.wp.com\/www.dannwollenwirmal.de\/wp-content\/uploads\/2015\/12\/IMG_3935.jpg?fit=652%2C652\" data-orig-size=\"652,652\" data-comments-opened=\"1\" data-image-meta=\"{&quot;aperture&quot;:&quot;2.2&quot;,&quot;credit&quot;:&quot;&quot;,&quot;camera&quot;:&quot;iPhone 6&quot;,&quot;caption&quot;:&quot;&quot;,&quot;created_timestamp&quot;:&quot;1450558460&quot;,&quot;copyright&quot;:&quot;&quot;,&quot;focal_length&quot;:&quot;4.15&quot;,&quot;iso&quot;:&quot;500&quot;,&quot;shutter_speed&quot;:&quot;0.058823529411765&quot;,&quot;title&quot;:&quot;&quot;,&quot;orientation&quot;:&quot;1&quot;}\" data-image-title=\"IMG_3935\" data-image-description=\"\" data-image-caption=\"\" data-medium-file=\"https:\/\/i2.wp.com\/www.dannwollenwirmal.de\/wp-content\/uploads\/2015\/12\/IMG_3935.jpg?fit=300%2C300\" data-large-file=\"https:\/\/i2.wp.com\/www.dannwollenwirmal.de\/wp-content\/uploads\/2015\/12\/IMG_3935.jpg?fit=652%2C652\" loading=\"lazy\" class=\"alignnone size-full wp-image-1235\" src=\"https:\/\/i2.wp.com\/www.dannwollenwirmal.de\/wp-content\/uploads\/2015\/12\/IMG_3935.jpg?resize=652%2C652\" alt=\"IMG_3935\" width=\"652\" height=\"652\" srcset=\"https:\/\/i2.wp.com\/www.dannwollenwirmal.de\/wp-content\/uploads\/2015\/12\/IMG_3935.jpg?w=652 652w, https:\/\/i2.wp.com\/www.dannwollenwirmal.de\/wp-content\/uploads\/2015\/12\/IMG_3935.jpg?resize=150%2C150 150w, https:\/\/i2.wp.com\/www.dannwollenwirmal.de\/wp-content\/uploads\/2015\/12\/IMG_3935.jpg?resize=300%2C300 300w\" sizes=\"(max-width: 652px) 100vw, 652px\" data-recalc-dims=\"1\" \/><\/a><br \/>\n<em>Fassung<\/em><\/p>\n<p>Zwischendurch habe ich auch immer schonmal etwas Lack aufgetragen! Den Lack kann man sich im Baumarkt (Hurra) mischen lassen. Nat\u00fcrlich hatte man die kleinste Dose nicht vorr\u00e4tig (irgendwas ist ja immer), so dass ich die Lackdose f\u00fcr 15,99 \u20ac kaufen musste &#8211; so viel zum Thema: es wird nachher dann doch teurer als das Fertigprodukt. Nun, vielleicht kann ich ja noch andere Sachen rosa anpinseln, denn f\u00fcr die Lampe braucht man nur gef\u00fchlte Nullkommanullnullf\u00fcnf Milliliter. Oder wenn das hier jemand nachbaut, ich kann den Lack zur Verf\u00fcgung stellen.<\/p>\n<p>\u00dcBerteuert fand ich auch das Lochblech, das ich f\u00fcr die Lampenabdeckung benutzt habe. Das hat genau so viel gekostet wie der Lack und so bin ich mit allem drum und dran dann irgendwann bei 45 Euro gelandet. F\u00fcr&#8217;s Kind nur das Beste. Ein Kind kostet, bis es 18 ist, statistisch gesehen rund 120.000 Euro. Kein Wunder, wenn man immer so teure Sachen basteln muss!<\/p>\n<p><a href=\"https:\/\/i0.wp.com\/www.dannwollenwirmal.de\/wp-content\/uploads\/2015\/12\/IMG_3940.jpg\"><img data-attachment-id=\"1236\" data-permalink=\"http:\/\/www.dannwollenwirmal.de\/?attachment_id=1236#main\" data-orig-file=\"https:\/\/i0.wp.com\/www.dannwollenwirmal.de\/wp-content\/uploads\/2015\/12\/IMG_3940.jpg?fit=652%2C652\" data-orig-size=\"652,652\" data-comments-opened=\"1\" data-image-meta=\"{&quot;aperture&quot;:&quot;2.2&quot;,&quot;credit&quot;:&quot;&quot;,&quot;camera&quot;:&quot;iPhone 6&quot;,&quot;caption&quot;:&quot;&quot;,&quot;created_timestamp&quot;:&quot;1450560218&quot;,&quot;copyright&quot;:&quot;&quot;,&quot;focal_length&quot;:&quot;4.15&quot;,&quot;iso&quot;:&quot;500&quot;,&quot;shutter_speed&quot;:&quot;0.058823529411765&quot;,&quot;title&quot;:&quot;&quot;,&quot;orientation&quot;:&quot;1&quot;}\" data-image-title=\"IMG_3940\" data-image-description=\"\" data-image-caption=\"\" data-medium-file=\"https:\/\/i0.wp.com\/www.dannwollenwirmal.de\/wp-content\/uploads\/2015\/12\/IMG_3940.jpg?fit=300%2C300\" data-large-file=\"https:\/\/i0.wp.com\/www.dannwollenwirmal.de\/wp-content\/uploads\/2015\/12\/IMG_3940.jpg?fit=652%2C652\" loading=\"lazy\" class=\"alignnone size-full wp-image-1236\" src=\"https:\/\/i0.wp.com\/www.dannwollenwirmal.de\/wp-content\/uploads\/2015\/12\/IMG_3940.jpg?resize=652%2C652\" alt=\"IMG_3940\" width=\"652\" height=\"652\" srcset=\"https:\/\/i0.wp.com\/www.dannwollenwirmal.de\/wp-content\/uploads\/2015\/12\/IMG_3940.jpg?w=652 652w, https:\/\/i0.wp.com\/www.dannwollenwirmal.de\/wp-content\/uploads\/2015\/12\/IMG_3940.jpg?resize=150%2C150 150w, https:\/\/i0.wp.com\/www.dannwollenwirmal.de\/wp-content\/uploads\/2015\/12\/IMG_3940.jpg?resize=300%2C300 300w\" sizes=\"(max-width: 652px) 100vw, 652px\" data-recalc-dims=\"1\" \/><\/a><br \/>\n<em>\u00dcberteuertes Lochblech<\/em><\/p>\n<p>Von dem Lochblech habe ich mit der Blechschere einen Streifen abgeschnitten, der zwischen die beiden Kronenteile passt und diesen, ebenfalls mit 3&#215;30-Spax, an den Rundh\u00f6lzern angeschraubt. Zum Schluss wurde auch das Blech rosa lackiert und ZACK! Fertig ist die Laube, oder eben die Lampe:<\/p>\n<p><a href=\"https:\/\/i0.wp.com\/www.dannwollenwirmal.de\/wp-content\/uploads\/2015\/12\/IMG_3939.jpg\"><img data-attachment-id=\"1237\" data-permalink=\"http:\/\/www.dannwollenwirmal.de\/?attachment_id=1237#main\" data-orig-file=\"https:\/\/i0.wp.com\/www.dannwollenwirmal.de\/wp-content\/uploads\/2015\/12\/IMG_3939.jpg?fit=652%2C652\" data-orig-size=\"652,652\" data-comments-opened=\"1\" data-image-meta=\"{&quot;aperture&quot;:&quot;2.2&quot;,&quot;credit&quot;:&quot;&quot;,&quot;camera&quot;:&quot;iPhone 6&quot;,&quot;caption&quot;:&quot;&quot;,&quot;created_timestamp&quot;:&quot;1450560200&quot;,&quot;copyright&quot;:&quot;&quot;,&quot;focal_length&quot;:&quot;4.15&quot;,&quot;iso&quot;:&quot;500&quot;,&quot;shutter_speed&quot;:&quot;0.066666666666667&quot;,&quot;title&quot;:&quot;&quot;,&quot;orientation&quot;:&quot;1&quot;}\" data-image-title=\"IMG_3939\" data-image-description=\"\" data-image-caption=\"\" data-medium-file=\"https:\/\/i0.wp.com\/www.dannwollenwirmal.de\/wp-content\/uploads\/2015\/12\/IMG_3939.jpg?fit=300%2C300\" data-large-file=\"https:\/\/i0.wp.com\/www.dannwollenwirmal.de\/wp-content\/uploads\/2015\/12\/IMG_3939.jpg?fit=652%2C652\" loading=\"lazy\" class=\"alignnone wp-image-1237 size-full\" src=\"https:\/\/i0.wp.com\/www.dannwollenwirmal.de\/wp-content\/uploads\/2015\/12\/IMG_3939.jpg?resize=652%2C652\" alt=\"Kronen Lampe\" width=\"652\" height=\"652\" srcset=\"https:\/\/i0.wp.com\/www.dannwollenwirmal.de\/wp-content\/uploads\/2015\/12\/IMG_3939.jpg?w=652 652w, https:\/\/i0.wp.com\/www.dannwollenwirmal.de\/wp-content\/uploads\/2015\/12\/IMG_3939.jpg?resize=150%2C150 150w, https:\/\/i0.wp.com\/www.dannwollenwirmal.de\/wp-content\/uploads\/2015\/12\/IMG_3939.jpg?resize=300%2C300 300w\" sizes=\"(max-width: 652px) 100vw, 652px\" data-recalc-dims=\"1\" \/><\/a><br \/>\n<em>Fertig!<\/em><\/p>\n<p>Sie ist nat\u00fcrlich noch nicht <em>richtig<\/em> fertig (weil richtig fertig ist ja langweilig), sondern bekommt eventuell noch ein, zwei Lackschichten und die Gattin m\u00f6chte das Ganze noch mit ein paar Glitzersteinchen verzieren. Achja, leuchten tut sie nat\u00fcrlich auch:<\/p>\n<p><a href=\"https:\/\/i1.wp.com\/www.dannwollenwirmal.de\/wp-content\/uploads\/2015\/12\/IMG_3937.jpg\"><img data-attachment-id=\"1238\" data-permalink=\"http:\/\/www.dannwollenwirmal.de\/?attachment_id=1238#main\" data-orig-file=\"https:\/\/i1.wp.com\/www.dannwollenwirmal.de\/wp-content\/uploads\/2015\/12\/IMG_3937.jpg?fit=652%2C652\" data-orig-size=\"652,652\" data-comments-opened=\"1\" data-image-meta=\"{&quot;aperture&quot;:&quot;2.2&quot;,&quot;credit&quot;:&quot;&quot;,&quot;camera&quot;:&quot;iPhone 6&quot;,&quot;caption&quot;:&quot;&quot;,&quot;created_timestamp&quot;:&quot;1450559496&quot;,&quot;copyright&quot;:&quot;&quot;,&quot;focal_length&quot;:&quot;4.15&quot;,&quot;iso&quot;:&quot;2000&quot;,&quot;shutter_speed&quot;:&quot;0.058823529411765&quot;,&quot;title&quot;:&quot;&quot;,&quot;orientation&quot;:&quot;1&quot;}\" data-image-title=\"IMG_3937\" data-image-description=\"\" data-image-caption=\"\" data-medium-file=\"https:\/\/i1.wp.com\/www.dannwollenwirmal.de\/wp-content\/uploads\/2015\/12\/IMG_3937.jpg?fit=300%2C300\" data-large-file=\"https:\/\/i1.wp.com\/www.dannwollenwirmal.de\/wp-content\/uploads\/2015\/12\/IMG_3937.jpg?fit=652%2C652\" loading=\"lazy\" class=\"alignnone size-full wp-image-1238\" src=\"https:\/\/i1.wp.com\/www.dannwollenwirmal.de\/wp-content\/uploads\/2015\/12\/IMG_3937.jpg?resize=652%2C652\" alt=\"IMG_3937\" width=\"652\" height=\"652\" srcset=\"https:\/\/i1.wp.com\/www.dannwollenwirmal.de\/wp-content\/uploads\/2015\/12\/IMG_3937.jpg?w=652 652w, https:\/\/i1.wp.com\/www.dannwollenwirmal.de\/wp-content\/uploads\/2015\/12\/IMG_3937.jpg?resize=150%2C150 150w, https:\/\/i1.wp.com\/www.dannwollenwirmal.de\/wp-content\/uploads\/2015\/12\/IMG_3937.jpg?resize=300%2C300 300w\" sizes=\"(max-width: 652px) 100vw, 652px\" data-recalc-dims=\"1\" \/><em><br \/>\n<\/em><\/a><em>Klick!<\/em><\/p>\n<p>Daf\u00fcr, dass ich Geschenke oft erst auf den letzten Dr\u00fccker besorge (ich brauche den Zeitdruck, um wirklich kreativ zu werden), bin ich dieses Jahr f\u00fcr meine Verh\u00e4ltnisse recht fr\u00fch dran und mir fehlen, Stand heute, nur noch zwei Geschenke. Najagut, drei. Eventuell vier. Aber die Lampe ist fertig! F\u00fcr einen Nicht-Holzwurm ziemlich gut. Und wehe, die gef\u00e4llt dem Prinzesschen nicht! Dann gibt&#8217;s n\u00e4chstes Jahr ein Schaf aus Bauschaum.<\/p>\n<p>Allen Lesern ein frohes Weihnachtsfest!<\/p>\n<p>&nbsp;<\/p>\n<div class=\"sharedaddy sd-sharing-enabled\"><div class=\"robots-nocontent sd-block sd-social sd-social-icon-text sd-sharing\"><h3 class=\"sd-title\">Teilen mit:<\/h3><div class=\"sd-content\"><ul><li class=\"share-email\"><a rel=\"nofollow noopener noreferrer\" data-shared=\"\" class=\"share-email sd-button share-icon\" href=\"http:\/\/www.dannwollenwirmal.de\/?p=1220&amp;share=email\" target=\"_blank\" title=\"Klick, um dies einem Freund per E-Mail zu senden\"><span>E-Mail<\/span><\/a><\/li><li class=\"share-print\"><a rel=\"nofollow noopener noreferrer\" data-shared=\"\" class=\"share-print sd-button share-icon\" href=\"http:\/\/www.dannwollenwirmal.de\/?p=1220\" target=\"_blank\" title=\"Klicken zum Ausdrucken\"><span>Drucken<\/span><\/a><\/li><li class=\"share-facebook\"><a rel=\"nofollow noopener noreferrer\" data-shared=\"sharing-facebook-1220\" class=\"share-facebook sd-button share-icon\" href=\"http:\/\/www.dannwollenwirmal.de\/?p=1220&amp;share=facebook\" target=\"_blank\" title=\"Klick, um auf Facebook zu teilen\"><span>Facebook<\/span><\/a><\/li><li class=\"share-twitter\"><a rel=\"nofollow noopener noreferrer\" data-shared=\"sharing-twitter-1220\" class=\"share-twitter sd-button share-icon\" href=\"http:\/\/www.dannwollenwirmal.de\/?p=1220&amp;share=twitter\" target=\"_blank\" title=\"Klick, um \u00fcber Twitter zu teilen\"><span>Twitter<\/span><\/a><\/li><li class=\"share-pinterest\"><a rel=\"nofollow noopener noreferrer\" data-shared=\"sharing-pinterest-1220\" class=\"share-pinterest sd-button share-icon\" href=\"http:\/\/www.dannwollenwirmal.de\/?p=1220&amp;share=pinterest\" target=\"_blank\" title=\"Klick, um auf Pinterest zu teilen\"><span>Pinterest<\/span><\/a><\/li><li class=\"share-linkedin\"><a rel=\"nofollow noopener noreferrer\" data-shared=\"sharing-linkedin-1220\" class=\"share-linkedin sd-button share-icon\" href=\"http:\/\/www.dannwollenwirmal.de\/?p=1220&amp;share=linkedin\" target=\"_blank\" title=\"Klick, um auf LinkedIn zu teilen\"><span>LinkedIn<\/span><\/a><\/li><li class=\"share-end\"><\/li><\/ul><\/div><\/div><\/div>","protected":false},"excerpt":{"rendered":"<p>Passend zur weihnachtlichen Gem\u00fctlichkeit gibt es heute, ja, Sie haben richtig gelesen, einen Basteltip (oder BasteltipP?) bei dannwollenwirmal! Regelm\u00e4\u00dfige Leser werden wissen, dass meine Basteltips normalerweise auch immer den Abbruch tragender Teile am Haus beinhalten oder wenigstens eine Mulde Bauschutt verursachen. Dieses Mal allerdings musste ich f\u00fcr mein T\u00f6chterchen (4) aktiv werden, und die w\u00fcnscht [&hellip;]<\/p>\n<div class=\"sharedaddy sd-sharing-enabled\"><div class=\"robots-nocontent sd-block sd-social sd-social-icon-text sd-sharing\"><h3 class=\"sd-title\">Teilen mit:<\/h3><div class=\"sd-content\"><ul><li class=\"share-email\"><a rel=\"nofollow noopener noreferrer\" data-shared=\"\" class=\"share-email sd-button share-icon\" href=\"http:\/\/www.dannwollenwirmal.de\/?p=1220&amp;share=email\" target=\"_blank\" title=\"Klick, um dies einem Freund per E-Mail zu senden\"><span>E-Mail<\/span><\/a><\/li><li class=\"share-print\"><a rel=\"nofollow noopener noreferrer\" data-shared=\"\" class=\"share-print sd-button share-icon\" href=\"http:\/\/www.dannwollenwirmal.de\/?p=1220\" target=\"_blank\" title=\"Klicken zum Ausdrucken\"><span>Drucken<\/span><\/a><\/li><li class=\"share-facebook\"><a rel=\"nofollow noopener noreferrer\" data-shared=\"sharing-facebook-1220\" class=\"share-facebook sd-button share-icon\" href=\"http:\/\/www.dannwollenwirmal.de\/?p=1220&amp;share=facebook\" target=\"_blank\" title=\"Klick, um auf Facebook zu teilen\"><span>Facebook<\/span><\/a><\/li><li class=\"share-twitter\"><a rel=\"nofollow noopener noreferrer\" data-shared=\"sharing-twitter-1220\" class=\"share-twitter sd-button share-icon\" href=\"http:\/\/www.dannwollenwirmal.de\/?p=1220&amp;share=twitter\" target=\"_blank\" title=\"Klick, um \u00fcber Twitter zu teilen\"><span>Twitter<\/span><\/a><\/li><li class=\"share-pinterest\"><a rel=\"nofollow noopener noreferrer\" data-shared=\"sharing-pinterest-1220\" class=\"share-pinterest sd-button share-icon\" href=\"http:\/\/www.dannwollenwirmal.de\/?p=1220&amp;share=pinterest\" target=\"_blank\" title=\"Klick, um auf Pinterest zu teilen\"><span>Pinterest<\/span><\/a><\/li><li class=\"share-linkedin\"><a rel=\"nofollow noopener noreferrer\" data-shared=\"sharing-linkedin-1220\" class=\"share-linkedin sd-button share-icon\" href=\"http:\/\/www.dannwollenwirmal.de\/?p=1220&amp;share=linkedin\" target=\"_blank\" title=\"Klick, um auf LinkedIn zu teilen\"><span>LinkedIn<\/span><\/a><\/li><li class=\"share-end\"><\/li><\/ul><\/div><\/div><\/div>","protected":false},"author":1,"featured_media":0,"comment_status":"open","ping_status":"open","sticky":false,"template":"","format":"standard","meta":{"advanced_seo_description":"","spay_email":"","jetpack_publicize_message":"","jetpack_is_tweetstorm":false,"jetpack_publicize_feature_enabled":true},"categories":[1,121,314,26,15],"tags":[304,301,302,303],"jetpack_featured_media_url":"","jetpack_publicize_connections":[],"jetpack_shortlink":"https:\/\/wp.me\/p3WtlO-jG","jetpack_sharing_enabled":true,"jetpack-related-posts":[{"id":1723,"url":"http:\/\/www.dannwollenwirmal.de\/?p=1723","url_meta":{"origin":1220,"position":0},"title":"Der dannwollenwirmal-Basteltip: Leuchtsterne","date":"4. Dezember 2016","format":false,"excerpt":"Der heutige dannwollenwirmal-Basteltip widmet sich einer kleinen adventlichen Bastelei, die f\u00fcr besinnliche Gef\u00fchle und leuchtende Kinderaugen sorgen wird: Leuchtsterne! Keine Sorge, es handelt sich um ein leichtes Projekt, das auch von unge\u00fcbten Heimwerkern schnell und m\u00fchelos angegangen werden kann. Schwierigkeitsgrad: leicht bis sehr leicht Das brauchen wir: - Bohrhammer -\u2026","rel":"","context":"In &quot;Allgemein&quot;","img":{"alt_text":"","src":"","width":0,"height":0},"classes":[]},{"id":2309,"url":"http:\/\/www.dannwollenwirmal.de\/?p=2309","url_meta":{"origin":1220,"position":1},"title":"Der dannwollenwirmal-\u00dcberraschungs-Basteltip","date":"17. Juni 2018","format":false,"excerpt":"Als kleine \u00dcberraschung f\u00fcr die Lieben zuhause, als Geschenk f\u00fcr Freunde oder Kinder oder einfach nur als Aufmerksamkeit: der dannwollenwirmal-Basteltip passt heute f\u00fcr viele Gelegenheiten und ist auch f\u00fcr Anf\u00e4nger geeignet. Das Besondere: erst am Ende erkennt man, was es nicht geworden ist. 1. Das Obholz auftrennen, parallel bes\u00e4umen und\u2026","rel":"","context":"In &quot;Allgemein&quot;","img":{"alt_text":"","src":"","width":0,"height":0},"classes":[]},{"id":2320,"url":"http:\/\/www.dannwollenwirmal.de\/?p=2320","url_meta":{"origin":1220,"position":2},"title":"VAU\u00dcV und geordneter R\u00fcckzug","date":"1. Juli 2018","format":false,"excerpt":"Wie ihr wisst, liebe Leser, unterziehe ich ja gern Hotelzimmer und Ferienwohnungen, die ich so bereise, einer genaueren Untersuchung und informiere \u00fcber die Unzul\u00e4nglichkeiten hier im Blog. Sympathisch, oder? Ich denke auch. Letzte Woche habe ich diese sch\u00f6nen Details vorgefunden: Eckpfusch Hier h\u00e4tte eine Eckschiene sicherlich gut getan. Und unten\u2026","rel":"","context":"In &quot;Allgemein&quot;","img":{"alt_text":"","src":"https:\/\/i0.wp.com\/www.dannwollenwirmal.de\/wp-content\/uploads\/2018\/06\/IMG_6598.jpg?resize=350%2C200","width":350,"height":200},"classes":[]},{"id":1561,"url":"http:\/\/www.dannwollenwirmal.de\/?p=1561","url_meta":{"origin":1220,"position":3},"title":"Die dannwollenwirmal-Fachtage","date":"17. Juli 2016","format":false,"excerpt":"Die dannwollenwirmal-Sommerpause r\u00fcckt mit gro\u00dfen Schritten n\u00e4her! Da letztes Jahr einige Leser unter Entzugserscheinungen, Sch\u00fcttelfrost und handwerklicher Ratlosigkeit litten, habe ich mich entschlossen, in diesem Sommer einige Live-Seminare und Workshops anzubieten. Ich bitte um fr\u00fchzeitige Anmeldung, denn die Pl\u00e4tze sind begrenzt. 31.7.: Leben ohne Bauschaum Es ist m\u00f6glich! In diesem\u2026","rel":"","context":"In &quot;Allgemein&quot;","img":{"alt_text":"","src":"","width":0,"height":0},"classes":[]},{"id":1042,"url":"http:\/\/www.dannwollenwirmal.de\/?p=1042","url_meta":{"origin":1220,"position":4},"title":"Freigelegt!","date":"23. August 2015","format":false,"excerpt":"Endlich herrscht im Haus wieder ein Klima nach meinem Geschmack! Staub, Dreck, Baul\u00e4rm und der liebliche Geruch von 89 Jahre altem Schutt l\u00e4sst doch jedes Heimwerkerherz h\u00f6her schlagen? Nun, ehrlich gesagt finde ich es auch netter, wenn alles fertig und das traute Heim keine Baustelle ist. Ein Grund mehr, schnell\u2026","rel":"","context":"In &quot;Allgemein&quot;","img":{"alt_text":"","src":"https:\/\/i2.wp.com\/www.dannwollenwirmal.de\/wp-content\/uploads\/2015\/08\/IMG_3617.jpg?resize=350%2C200","width":350,"height":200},"classes":[]},{"id":1624,"url":"http:\/\/www.dannwollenwirmal.de\/?p=1624","url_meta":{"origin":1220,"position":5},"title":"Bewegte Bilder","date":"25. September 2016","format":false,"excerpt":"Unverhofft kommt oft, und so bin ich , eh ich's mich versehe, direkt im n\u00e4chsten Projekt. Das hatte ich doch f\u00fcr den Herbst geplant? Ups, ist ja schon Herbst. Kommt ja genau so pl\u00f6tzlich wie Weihnachten! F\u00fcr die Zweiwochenbadfamilie trage ich n\u00e4mlich zur Versch\u00f6nerung des Wohnraums bei und h\u00e4nge in\u2026","rel":"","context":"In &quot;Allgemein&quot;","img":{"alt_text":"","src":"https:\/\/i1.wp.com\/www.dannwollenwirmal.de\/wp-content\/uploads\/2016\/09\/IMG_4810.jpg?resize=350%2C200","width":350,"height":200},"classes":[]}],"_links":{"self":[{"href":"http:\/\/www.dannwollenwirmal.de\/index.php?rest_route=\/wp\/v2\/posts\/1220"}],"collection":[{"href":"http:\/\/www.dannwollenwirmal.de\/index.php?rest_route=\/wp\/v2\/posts"}],"about":[{"href":"http:\/\/www.dannwollenwirmal.de\/index.php?rest_route=\/wp\/v2\/types\/post"}],"author":[{"embeddable":true,"href":"http:\/\/www.dannwollenwirmal.de\/index.php?rest_route=\/wp\/v2\/users\/1"}],"replies":[{"embeddable":true,"href":"http:\/\/www.dannwollenwirmal.de\/index.php?rest_route=%2Fwp%2Fv2%2Fcomments&post=1220"}],"version-history":[{"count":5,"href":"http:\/\/www.dannwollenwirmal.de\/index.php?rest_route=\/wp\/v2\/posts\/1220\/revisions"}],"predecessor-version":[{"id":1244,"href":"http:\/\/www.dannwollenwirmal.de\/index.php?rest_route=\/wp\/v2\/posts\/1220\/revisions\/1244"}],"wp:attachment":[{"href":"http:\/\/www.dannwollenwirmal.de\/index.php?rest_route=%2Fwp%2Fv2%2Fmedia&parent=1220"}],"wp:term":[{"taxonomy":"category","embeddable":true,"href":"http:\/\/www.dannwollenwirmal.de\/index.php?rest_route=%2Fwp%2Fv2%2Fcategories&post=1220"},{"taxonomy":"post_tag","embeddable":true,"href":"http:\/\/www.dannwollenwirmal.de\/index.php?rest_route=%2Fwp%2Fv2%2Ftags&post=1220"}],"curies":[{"name":"wp","href":"https:\/\/api.w.org\/{rel}","templated":true}]}}