{"id":1215,"date":"2015-12-13T08:00:15","date_gmt":"2015-12-13T07:00:15","guid":{"rendered":"http:\/\/www.dannwollenwirmal.de\/?p=1215"},"modified":"2016-01-15T19:59:44","modified_gmt":"2016-01-15T18:59:44","slug":"haette-sollte-muesste-koennte","status":"publish","type":"post","link":"http:\/\/www.dannwollenwirmal.de\/?p=1215","title":{"rendered":"H\u00e4tte sollte m\u00fcsste k\u00f6nnte"},"content":{"rendered":"<p>Den nahenden Winter habe ich zum Anlass genommen, das <a href=\"http:\/\/www.dannwollenwirmal.de\/?p=1118\"><strong>Gartenschuppen-Projekt<\/strong> <\/a>zum Ende zu f\u00fchren. Fangen wir mal mit den vorher-nachher-Bildern an:<\/p>\n<p><a href=\"https:\/\/i1.wp.com\/www.dannwollenwirmal.de\/wp-content\/uploads\/2015\/10\/IMG_3753.jpg\"><img data-attachment-id=\"1132\" data-permalink=\"http:\/\/www.dannwollenwirmal.de\/?attachment_id=1132#main\" data-orig-file=\"https:\/\/i1.wp.com\/www.dannwollenwirmal.de\/wp-content\/uploads\/2015\/10\/IMG_3753.jpg?fit=652%2C652\" data-orig-size=\"652,652\" data-comments-opened=\"1\" data-image-meta=\"{&quot;aperture&quot;:&quot;2.2&quot;,&quot;credit&quot;:&quot;&quot;,&quot;camera&quot;:&quot;iPhone 6&quot;,&quot;caption&quot;:&quot;&quot;,&quot;created_timestamp&quot;:&quot;1444059738&quot;,&quot;copyright&quot;:&quot;&quot;,&quot;focal_length&quot;:&quot;4.15&quot;,&quot;iso&quot;:&quot;32&quot;,&quot;shutter_speed&quot;:&quot;0.0083333333333333&quot;,&quot;title&quot;:&quot;&quot;,&quot;orientation&quot;:&quot;1&quot;}\" data-image-title=\"IMG_3753\" data-image-description=\"&lt;p&gt;Gartenh\u00e4uschen&lt;\/p&gt;\n\" data-image-caption=\"\" data-medium-file=\"https:\/\/i1.wp.com\/www.dannwollenwirmal.de\/wp-content\/uploads\/2015\/10\/IMG_3753.jpg?fit=300%2C300\" data-large-file=\"https:\/\/i1.wp.com\/www.dannwollenwirmal.de\/wp-content\/uploads\/2015\/10\/IMG_3753.jpg?fit=652%2C652\" loading=\"lazy\" class=\"alignnone size-full wp-image-1132\" src=\"https:\/\/i1.wp.com\/www.dannwollenwirmal.de\/wp-content\/uploads\/2015\/10\/IMG_3753.jpg?resize=652%2C652\" alt=\"IMG_3753\" width=\"652\" height=\"652\" srcset=\"https:\/\/i1.wp.com\/www.dannwollenwirmal.de\/wp-content\/uploads\/2015\/10\/IMG_3753.jpg?w=652 652w, https:\/\/i1.wp.com\/www.dannwollenwirmal.de\/wp-content\/uploads\/2015\/10\/IMG_3753.jpg?resize=150%2C150 150w, https:\/\/i1.wp.com\/www.dannwollenwirmal.de\/wp-content\/uploads\/2015\/10\/IMG_3753.jpg?resize=300%2C300 300w\" sizes=\"(max-width: 652px) 100vw, 652px\" data-recalc-dims=\"1\" \/><\/a><br \/>\n<em>vorher&#8230;<\/em><\/p>\n<p><a href=\"https:\/\/i1.wp.com\/www.dannwollenwirmal.de\/wp-content\/uploads\/2015\/12\/IMG_3902.jpg\"><img data-attachment-id=\"1216\" data-permalink=\"http:\/\/www.dannwollenwirmal.de\/?attachment_id=1216#main\" data-orig-file=\"https:\/\/i1.wp.com\/www.dannwollenwirmal.de\/wp-content\/uploads\/2015\/12\/IMG_3902.jpg?fit=652%2C652\" data-orig-size=\"652,652\" data-comments-opened=\"1\" data-image-meta=\"{&quot;aperture&quot;:&quot;2.2&quot;,&quot;credit&quot;:&quot;&quot;,&quot;camera&quot;:&quot;iPhone 6&quot;,&quot;caption&quot;:&quot;&quot;,&quot;created_timestamp&quot;:&quot;1449839136&quot;,&quot;copyright&quot;:&quot;&quot;,&quot;focal_length&quot;:&quot;4.15&quot;,&quot;iso&quot;:&quot;125&quot;,&quot;shutter_speed&quot;:&quot;0.033333333333333&quot;,&quot;title&quot;:&quot;&quot;,&quot;orientation&quot;:&quot;1&quot;}\" data-image-title=\"IMG_3902\" data-image-description=\"&lt;p&gt;Gartenh\u00e4uschen renoviert&lt;\/p&gt;\n\" data-image-caption=\"\" data-medium-file=\"https:\/\/i1.wp.com\/www.dannwollenwirmal.de\/wp-content\/uploads\/2015\/12\/IMG_3902.jpg?fit=300%2C300\" data-large-file=\"https:\/\/i1.wp.com\/www.dannwollenwirmal.de\/wp-content\/uploads\/2015\/12\/IMG_3902.jpg?fit=652%2C652\" loading=\"lazy\" class=\"alignnone size-full wp-image-1216\" src=\"https:\/\/i1.wp.com\/www.dannwollenwirmal.de\/wp-content\/uploads\/2015\/12\/IMG_3902.jpg?resize=652%2C652\" alt=\"IMG_3902\" width=\"652\" height=\"652\" srcset=\"https:\/\/i1.wp.com\/www.dannwollenwirmal.de\/wp-content\/uploads\/2015\/12\/IMG_3902.jpg?w=652 652w, https:\/\/i1.wp.com\/www.dannwollenwirmal.de\/wp-content\/uploads\/2015\/12\/IMG_3902.jpg?resize=150%2C150 150w, https:\/\/i1.wp.com\/www.dannwollenwirmal.de\/wp-content\/uploads\/2015\/12\/IMG_3902.jpg?resize=300%2C300 300w\" sizes=\"(max-width: 652px) 100vw, 652px\" data-recalc-dims=\"1\" \/><\/a><br \/>\n<em>&#8230;und nachher!<\/em><\/p>\n<p>Was ein bi\u00dfchen Farbe doch ausmacht \ud83d\ude42 Sag ich ja immer!<\/p>\n<p>Die alte Wetterschutzlasur, oder was davon \u00fcbrig war, habe ich mit einem B\u00fcrstenaufsatz f\u00fcr den Akkukschrauber einigerma\u00dfen entfernt. Dann&#8230;<\/p>\n<p>(&#8230;warte mal-jetzt wo ich die Bilder sehe, merke ich, dass ich die Sprossen im T\u00fcrfenster falschrum eingesetzt habe! ach Mist!&#8230;)<\/p>\n<p>wurden die alten Sprossen in T\u00fcr und Fenster vorsichtig entfernt und die Kunststoffscheiben rausgenommen. Die Sprossen habe ich dann einzeln gr\u00fcn gestrichen und auch die T\u00fcr, Zarge und Fenster gleich ohne Glas eingegr\u00fcnt. Bei den Sprossen die vorhandenen N\u00e4gel von hinten ein St\u00fcck mit dem Hammer rausschlagen, dann kann man das sp\u00e4ter wieder so einsetzen.<\/p>\n<p>Die neuen Scheiben habe ich mir beim Glaser zuschneiden lassen, das ist tats\u00e4chlich sehr unkompliziert und gar nicht so teuer. Es ist einfaches Fensterglas (&#8222;Float&#8220;) in 3mm St\u00e4rke. Die Scheiben wurden dann in ein Silikonbett (nicht zu viel nehmen und am besten transparentes) gelegt (vor und hinter das Glas) und die Sprossen dann vorsichtig wieder eingenagelt.<\/p>\n<p>Oben am Giebel wurde dann noch das Holz erneuert und schlie\u00dflich alles in Schwedenrot gestrichen. Ich habe es ausschlie\u00dflich mit Schaumwalzen gemacht; die Fugen zwischen den Brettern mit einer schmalen und die Fl\u00e4chen mit einer breiten Rolle. Ehrlicherweise muss man doch noch ein zweites mal dr\u00fcbergehen, aber da kam mir jetzt mal das Wetter in die Quere.<\/p>\n<p>Sowieso fehlt mir noch eine Wand: Vorne hui, hinten pfui. Da muss ich auch noch das Holz erneuern und anstreichen, habe ich auch nicht geschafft. Wo ich doch letzte Woche noch vor schnell-schnell-Werkeln gewarnt habe,wenn auch &#8218;poetisch&#8216; und mit Augenzwinkern, habe ich&#8217;s nun selbst so gemacht: Renovierungszeit gerade mal ein halber Tag. (OK, die Kinder haben ein bi\u00dfchen mit gepinselt).<\/p>\n<p>Also H\u00c4TTE man mehr Zeit gehabt W\u00c4RE es vielleicht noch etwas besser geworden und W\u00c4RE es nicht so fr\u00fch dunkel geworden dann H\u00c4TTE ich nicht mit einem Fluter arbeiten m\u00fcssen und dann W\u00c4RE der Anstrich noch etwas gleichm\u00e4\u00dfiger geworden und ja, man M\u00dcSSTE sich tats\u00e4chlich etwas mehr Zeit daf\u00fcr nehmen.<\/p>\n<p>Aber andererseits ist es nur ein Gartenh\u00e4uschen, und es kommt ja noch ein zweiter Anstrich und die R\u00fcckseite, W\u00c4RE nicht die Zeit so knapp und W\u00dcRDE es nicht gerade regnen und SOLLTE es dann vielleicht mal etwas l\u00e4nger hell bleiben, dann WIRD es wohl demn\u00e4chst fertig. Cheerio!<\/p>\n<div class=\"sharedaddy sd-sharing-enabled\"><div class=\"robots-nocontent sd-block sd-social sd-social-icon-text sd-sharing\"><h3 class=\"sd-title\">Teilen mit:<\/h3><div class=\"sd-content\"><ul><li class=\"share-email\"><a rel=\"nofollow noopener noreferrer\" data-shared=\"\" class=\"share-email sd-button share-icon\" href=\"http:\/\/www.dannwollenwirmal.de\/?p=1215&amp;share=email\" target=\"_blank\" title=\"Klick, um dies einem Freund per E-Mail zu senden\"><span>E-Mail<\/span><\/a><\/li><li class=\"share-print\"><a rel=\"nofollow noopener noreferrer\" data-shared=\"\" class=\"share-print sd-button share-icon\" href=\"http:\/\/www.dannwollenwirmal.de\/?p=1215\" target=\"_blank\" title=\"Klicken zum Ausdrucken\"><span>Drucken<\/span><\/a><\/li><li class=\"share-facebook\"><a rel=\"nofollow noopener noreferrer\" data-shared=\"sharing-facebook-1215\" class=\"share-facebook sd-button share-icon\" href=\"http:\/\/www.dannwollenwirmal.de\/?p=1215&amp;share=facebook\" target=\"_blank\" title=\"Klick, um auf Facebook zu teilen\"><span>Facebook<\/span><\/a><\/li><li class=\"share-twitter\"><a rel=\"nofollow noopener noreferrer\" data-shared=\"sharing-twitter-1215\" class=\"share-twitter sd-button share-icon\" href=\"http:\/\/www.dannwollenwirmal.de\/?p=1215&amp;share=twitter\" target=\"_blank\" title=\"Klick, um \u00fcber Twitter zu teilen\"><span>Twitter<\/span><\/a><\/li><li class=\"share-pinterest\"><a rel=\"nofollow noopener noreferrer\" data-shared=\"sharing-pinterest-1215\" class=\"share-pinterest sd-button share-icon\" href=\"http:\/\/www.dannwollenwirmal.de\/?p=1215&amp;share=pinterest\" target=\"_blank\" title=\"Klick, um auf Pinterest zu teilen\"><span>Pinterest<\/span><\/a><\/li><li class=\"share-linkedin\"><a rel=\"nofollow noopener noreferrer\" data-shared=\"sharing-linkedin-1215\" class=\"share-linkedin sd-button share-icon\" href=\"http:\/\/www.dannwollenwirmal.de\/?p=1215&amp;share=linkedin\" target=\"_blank\" title=\"Klick, um auf LinkedIn zu teilen\"><span>LinkedIn<\/span><\/a><\/li><li class=\"share-end\"><\/li><\/ul><\/div><\/div><\/div>","protected":false},"excerpt":{"rendered":"<p>Den nahenden Winter habe ich zum Anlass genommen, das Gartenschuppen-Projekt zum Ende zu f\u00fchren. Fangen wir mal mit den vorher-nachher-Bildern an: vorher&#8230; &#8230;und nachher! Was ein bi\u00dfchen Farbe doch ausmacht \ud83d\ude42 Sag ich ja immer! Die alte Wetterschutzlasur, oder was davon \u00fcbrig war, habe ich mit einem B\u00fcrstenaufsatz f\u00fcr den Akkukschrauber einigerma\u00dfen entfernt. Dann&#8230; (&#8230;warte [&hellip;]<\/p>\n<div class=\"sharedaddy sd-sharing-enabled\"><div class=\"robots-nocontent sd-block sd-social sd-social-icon-text sd-sharing\"><h3 class=\"sd-title\">Teilen mit:<\/h3><div class=\"sd-content\"><ul><li class=\"share-email\"><a rel=\"nofollow noopener noreferrer\" data-shared=\"\" class=\"share-email sd-button share-icon\" href=\"http:\/\/www.dannwollenwirmal.de\/?p=1215&amp;share=email\" target=\"_blank\" title=\"Klick, um dies einem Freund per E-Mail zu senden\"><span>E-Mail<\/span><\/a><\/li><li class=\"share-print\"><a rel=\"nofollow noopener noreferrer\" data-shared=\"\" class=\"share-print sd-button share-icon\" href=\"http:\/\/www.dannwollenwirmal.de\/?p=1215\" target=\"_blank\" title=\"Klicken zum Ausdrucken\"><span>Drucken<\/span><\/a><\/li><li class=\"share-facebook\"><a rel=\"nofollow noopener noreferrer\" data-shared=\"sharing-facebook-1215\" class=\"share-facebook sd-button share-icon\" href=\"http:\/\/www.dannwollenwirmal.de\/?p=1215&amp;share=facebook\" target=\"_blank\" title=\"Klick, um auf Facebook zu teilen\"><span>Facebook<\/span><\/a><\/li><li class=\"share-twitter\"><a rel=\"nofollow noopener noreferrer\" data-shared=\"sharing-twitter-1215\" class=\"share-twitter sd-button share-icon\" href=\"http:\/\/www.dannwollenwirmal.de\/?p=1215&amp;share=twitter\" target=\"_blank\" title=\"Klick, um \u00fcber Twitter zu teilen\"><span>Twitter<\/span><\/a><\/li><li class=\"share-pinterest\"><a rel=\"nofollow noopener noreferrer\" data-shared=\"sharing-pinterest-1215\" class=\"share-pinterest sd-button share-icon\" href=\"http:\/\/www.dannwollenwirmal.de\/?p=1215&amp;share=pinterest\" target=\"_blank\" title=\"Klick, um auf Pinterest zu teilen\"><span>Pinterest<\/span><\/a><\/li><li class=\"share-linkedin\"><a rel=\"nofollow noopener noreferrer\" data-shared=\"sharing-linkedin-1215\" class=\"share-linkedin sd-button share-icon\" href=\"http:\/\/www.dannwollenwirmal.de\/?p=1215&amp;share=linkedin\" target=\"_blank\" title=\"Klick, um auf LinkedIn zu teilen\"><span>LinkedIn<\/span><\/a><\/li><li class=\"share-end\"><\/li><\/ul><\/div><\/div><\/div>","protected":false},"author":1,"featured_media":0,"comment_status":"open","ping_status":"open","sticky":false,"template":"","format":"standard","meta":{"advanced_seo_description":"","spay_email":"","jetpack_publicize_message":"","jetpack_is_tweetstorm":false,"jetpack_publicize_feature_enabled":true},"categories":[1,120,121,175,315],"tags":[300],"jetpack_featured_media_url":"","jetpack_publicize_connections":[],"jetpack_shortlink":"https:\/\/wp.me\/p3WtlO-jB","jetpack_sharing_enabled":true,"jetpack-related-posts":[{"id":813,"url":"http:\/\/www.dannwollenwirmal.de\/?p=813","url_meta":{"origin":1215,"position":0},"title":"Schluss, Aus, Ende!","date":"25. Januar 2015","format":false,"excerpt":"Wie sch\u00f6n, wie sch\u00f6n, es ist vollbracht-und ich ziehe einen dicken Schlu\u00dfstrich unter das Kapitel \u201eDachboden-Ausbau\u201c! Wenn ich vorher geahnt h\u00e4tte, wie viel Arbeit das Ganze wird, h\u00e4tte ich es mir sicher dreimal \u00fcberlegt. Es ist ja einiges abgearbeitet worden, um aus einem Dachboden mit \u201enackten Pfannen\u201c einen isolierten Wohnraum\u2026","rel":"","context":"In &quot;Allgemein&quot;","img":{"alt_text":"","src":"https:\/\/i1.wp.com\/www.dannwollenwirmal.de\/wp-content\/uploads\/2015\/01\/IMG_3159.jpg?resize=350%2C200","width":350,"height":200},"classes":[]},{"id":1459,"url":"http:\/\/www.dannwollenwirmal.de\/?p=1459","url_meta":{"origin":1215,"position":1},"title":"Finale Grande","date":"24. April 2016","format":false,"excerpt":"Es ist vollbracht! Das Projekt Dach & Fassade ist gestern tats\u00e4chlich fertig gestellt worden. Wobei, so richtig fertig ist man ja nie, und so werde ich mich beispielsweise noch den Dachfenstern widmen m\u00fcssen, die jetzt durch die Konterlattung ein St\u00fcck h\u00f6her gekommen sind: Dachfenster: Spalt durch Konterlattung Aber das hat\u2026","rel":"","context":"In &quot;Allgemein&quot;","img":{"alt_text":"","src":"https:\/\/i2.wp.com\/www.dannwollenwirmal.de\/wp-content\/uploads\/2016\/04\/IMG_42871.jpg?resize=350%2C200","width":350,"height":200},"classes":[]},{"id":218,"url":"http:\/\/www.dannwollenwirmal.de\/?p=218","url_meta":{"origin":1215,"position":2},"title":"Badrenovierung, Teil 1","date":"26. November 2013","format":false,"excerpt":"Wie versprochen starte ich heute mit meinem Ausflug in die B\u00e4derwelt. Die Arbeiten liegen nun schon zwei Jahre zur\u00fcck und meine Erinnerungen sind etwas l\u00fcckenhaft, aber ich glaube anhand der Fotos kriege ich es noch zusammen. Damit alle wissen, worum es geht, hier erstmal der klassische vorher-nachher-Vergleich: vorher... nachher. Vergr\u00f6\u00dferung\u2026","rel":"","context":"In &quot;Allgemein&quot;","img":{"alt_text":"","src":"https:\/\/i0.wp.com\/www.dannwollenwirmal.de\/wp-content\/uploads\/2013\/11\/trockenb.jpg?resize=350%2C200","width":350,"height":200},"classes":[]},{"id":764,"url":"http:\/\/www.dannwollenwirmal.de\/?p=764","url_meta":{"origin":1215,"position":3},"title":"Fu\u00dfleistenfinish","date":"11. Januar 2015","format":false,"excerpt":"W\u00e4hrend ich noch \u00fcber den Suchbegriff der Woche \"muss ich bei reibeputz ordentlich spachteln\" (gefolgt von \"kann ich fliesen auf einer laufenden fussbodenheizung verlegen\") schmunzeln muss, hatte ich ja versprochen, noch etwas zum Thema Fu\u00dfleisten - sozusagen als letzten Bauabschnitt- zu berichten. V\u00f6llig unterschlagen habe ich \u00fcbrigens meine Aufstiegsl\u00f6sung zum\u2026","rel":"","context":"In &quot;Allgemein&quot;","img":{"alt_text":"","src":"https:\/\/i1.wp.com\/www.dannwollenwirmal.de\/wp-content\/uploads\/2015\/01\/IMG_3220.jpg?resize=350%2C200","width":350,"height":200},"classes":[]},{"id":2228,"url":"http:\/\/www.dannwollenwirmal.de\/?p=2228","url_meta":{"origin":1215,"position":4},"title":"Wer schreibt, der bleibt","date":"25. M\u00e4rz 2018","format":false,"excerpt":"Tadaaa, fertig ist unser gro\u00dfes Fassaden- und Schriftzug-Projekt. Letzte Woche habe ich \u00fcber die Malerarbeiten berichtet, nun folgt der zweite Teil \u00fcber den Schriftzug. F\u00fcr alle Nachbauer: hier geht's zum ersten Teil. F\u00fcr den eigenen Firmennamen sollte man sich nur vielleicht andere Buchstaben aussuchen. Oder man vertauscht die Reihenfolge, das\u2026","rel":"","context":"In &quot;Allgemein&quot;","img":{"alt_text":"","src":"https:\/\/i1.wp.com\/www.dannwollenwirmal.de\/wp-content\/uploads\/2018\/03\/IMG_6131.jpg?resize=350%2C200","width":350,"height":200},"classes":[]},{"id":1166,"url":"http:\/\/www.dannwollenwirmal.de\/?p=1166","url_meta":{"origin":1215,"position":5},"title":"Das zwei-Wochen-Bad, Teil 2","date":"1. November 2015","format":false,"excerpt":"Geschafft! Auf den Punkt nach zwei Wochen ist das Badprojekt fertiggestellt und man kann drauflosplanschen. Lediglich die Klempnerabteilung muss Montag nochmal ran, einen Heizk\u00f6rper und die Duschabtrennung anbringen, aber ich pers\u00f6nlich habe es p\u00fcnktlich (okay, mit einer \"Nachtschicht\") geschafft und werde nun die f\u00fcnfstellige Bonuszahlung einstreichen. Leider f\u00fchle ich mich\u2026","rel":"","context":"In &quot;Allgemein&quot;","img":{"alt_text":"","src":"https:\/\/i2.wp.com\/www.dannwollenwirmal.de\/wp-content\/uploads\/2015\/10\/IMG_3824.jpg?resize=350%2C200","width":350,"height":200},"classes":[]}],"_links":{"self":[{"href":"http:\/\/www.dannwollenwirmal.de\/index.php?rest_route=\/wp\/v2\/posts\/1215"}],"collection":[{"href":"http:\/\/www.dannwollenwirmal.de\/index.php?rest_route=\/wp\/v2\/posts"}],"about":[{"href":"http:\/\/www.dannwollenwirmal.de\/index.php?rest_route=\/wp\/v2\/types\/post"}],"author":[{"embeddable":true,"href":"http:\/\/www.dannwollenwirmal.de\/index.php?rest_route=\/wp\/v2\/users\/1"}],"replies":[{"embeddable":true,"href":"http:\/\/www.dannwollenwirmal.de\/index.php?rest_route=%2Fwp%2Fv2%2Fcomments&post=1215"}],"version-history":[{"count":2,"href":"http:\/\/www.dannwollenwirmal.de\/index.php?rest_route=\/wp\/v2\/posts\/1215\/revisions"}],"predecessor-version":[{"id":1218,"href":"http:\/\/www.dannwollenwirmal.de\/index.php?rest_route=\/wp\/v2\/posts\/1215\/revisions\/1218"}],"wp:attachment":[{"href":"http:\/\/www.dannwollenwirmal.de\/index.php?rest_route=%2Fwp%2Fv2%2Fmedia&parent=1215"}],"wp:term":[{"taxonomy":"category","embeddable":true,"href":"http:\/\/www.dannwollenwirmal.de\/index.php?rest_route=%2Fwp%2Fv2%2Fcategories&post=1215"},{"taxonomy":"post_tag","embeddable":true,"href":"http:\/\/www.dannwollenwirmal.de\/index.php?rest_route=%2Fwp%2Fv2%2Ftags&post=1215"}],"curies":[{"name":"wp","href":"https:\/\/api.w.org\/{rel}","templated":true}]}}