{"id":120,"date":"2013-10-09T07:59:16","date_gmt":"2013-10-09T05:59:16","guid":{"rendered":"http:\/\/www.dannwollenwirmal.de\/?p=120"},"modified":"2016-01-15T20:17:02","modified_gmt":"2016-01-15T19:17:02","slug":"traufenkasten-kasten","status":"publish","type":"post","link":"http:\/\/www.dannwollenwirmal.de\/?p=120","title":{"rendered":"Traufenkasten-Kasten"},"content":{"rendered":"<p>In den letzten Tagen war ich wenig zuhause und konnte daher auch wenig Produktives dort leisten. Heute habe ich dann das erste Dach-Viertel fertig verholzt (also der Norden ist dicht! Da kann mir keiner mehr was!) und k\u00fcmmerte mich um die kleinen Ecken.<\/p>\n<p>Man ist ja geneigt, in den Winkeln und Ecken wo man nur liegend, kriechend oder keuchend hin kommt, wo Spinnennetze, Dreck und Marderk\u00f6ttel sind, schludrig zu werden. In die Ecke kriechen, sich mehrfach den Kopf sto\u00dfen und irgendwas aufsch\u00fcrfen, merken, dass man ein Werkzeug vergessen hat, zur\u00fcckkriechen, Werkzeug holen, wieder reinkriechen, Schraube verloren, wieder zur\u00fcckkriechen&#8230;. und so weiter; dann schnell das N\u00f6tigste irgendwo hinschrauben oder irgend eine Pampe in ein Loch schmieren und nix wie raus da. So \u00e4hnlich, als m\u00fcsste man im Dschungelcamp unter Wassser und mit ekligem Getier eine Schatztruhe \u00f6ffnen-die wird man dann auch nicht erstmal entgraten.<\/p>\n<p>Das ist nat\u00fcrlich falsch und verwerflich! Gerade in doofen Ecken muss man sorgf\u00e4ltig arbeiten. Und ehrlich zu sich selber sein. Und nicht alles auf den n\u00e4chsten\/\u00fcbern\u00e4chsten Arbeitsgang schieben (&#8222;Warte ab, wenn erstmal Farbe drauf ist! Du siehst nix mehr davon!&#8220;). Je besser man den Grund macht, desto besser (und einfacher) werden die darauf aufbauenden Arbeiten. Wenn das Fundament zum Haus schief ist, k\u00f6nnen auch die Tapeten das nicht wieder rausrei\u00dfen.<\/p>\n<p>Das also als Appell an mich selbst.<\/p>\n<p><a href=\"https:\/\/i2.wp.com\/www.dannwollenwirmal.de\/wp-content\/uploads\/2013\/10\/kas1.jpeg\"><img data-attachment-id=\"121\" data-permalink=\"http:\/\/www.dannwollenwirmal.de\/?attachment_id=121#main\" data-orig-file=\"https:\/\/i2.wp.com\/www.dannwollenwirmal.de\/wp-content\/uploads\/2013\/10\/kas1.jpeg?fit=652%2C489\" data-orig-size=\"652,489\" data-comments-opened=\"1\" data-image-meta=\"{&quot;aperture&quot;:&quot;2.4&quot;,&quot;credit&quot;:&quot;&quot;,&quot;camera&quot;:&quot;iPhone 5&quot;,&quot;caption&quot;:&quot;&quot;,&quot;created_timestamp&quot;:&quot;1381233205&quot;,&quot;copyright&quot;:&quot;&quot;,&quot;focal_length&quot;:&quot;4.13&quot;,&quot;iso&quot;:&quot;800&quot;,&quot;shutter_speed&quot;:&quot;0.066666666666667&quot;,&quot;title&quot;:&quot;&quot;}\" data-image-title=\"kas1\" data-image-description=\"&lt;p&gt;Vorbereitung f\u00fcr die Verkleidung eines Traufenkastens mit Holzfaser-D\u00e4mmplatten ohne Unterspannbahn&lt;\/p&gt;\n\" data-image-caption=\"&lt;p&gt;Traufenkasten von Innen&lt;\/p&gt;\n\" data-medium-file=\"https:\/\/i2.wp.com\/www.dannwollenwirmal.de\/wp-content\/uploads\/2013\/10\/kas1.jpeg?fit=300%2C225\" data-large-file=\"https:\/\/i2.wp.com\/www.dannwollenwirmal.de\/wp-content\/uploads\/2013\/10\/kas1.jpeg?fit=652%2C489\" loading=\"lazy\" class=\"alignnone size-full wp-image-121\" alt=\"kas1\" src=\"https:\/\/i2.wp.com\/www.dannwollenwirmal.de\/wp-content\/uploads\/2013\/10\/kas1.jpeg?resize=652%2C489\" width=\"652\" height=\"489\" srcset=\"https:\/\/i2.wp.com\/www.dannwollenwirmal.de\/wp-content\/uploads\/2013\/10\/kas1.jpeg?w=652 652w, https:\/\/i2.wp.com\/www.dannwollenwirmal.de\/wp-content\/uploads\/2013\/10\/kas1.jpeg?resize=300%2C225 300w\" sizes=\"(max-width: 652px) 100vw, 652px\" data-recalc-dims=\"1\" \/><\/a><br \/>\n<em>Traufenkasten unverkleidet, mit zwei Latten zur Aufnahme der DWD-Platte<\/em><\/p>\n<p>Doch ich schweife ab; eigentlich wollte ich berichten, dass ich heute die DWD-Beplankung dahingehend verbessert habe, dass die Traufenk\u00e4sten nun von Innen verkleidet sind. Traufenkasten ist die Verkleidung des Dach\u00fcberstandes. In der Traufe (also dort, wo die Dachziegel &#8218;zuende&#8216; sind), hatte ich ja die Traufbleche untergeschoben und diese an die Unterdeckung angeschlossen. Diese Traufbleche sind nat\u00fcrlich, weil nachtr\u00e4glich eingebaut, nicht durchg\u00e4ngig sondern liegen immer zwischen zwei Sparren. Dadurch entsteht naturgem\u00e4\u00df zumindest die M\u00f6glichkeit, dass dieser Traufenkasten von Innen Kontakt mit Feuchtigkeit hat, sei es durch einen schr\u00e4gen Regentropfen oder einfach die Au\u00dfenluft. Ihn einfach mit Glaswolle vollzu<a href=\"http:\/\/www.duden.de\/rechtschreibung\/Proppen\">proppen <\/a>w\u00e4re also nicht besonders ratsam, weil die Isolierung dann hier Feuchtigkeit ziehen k\u00f6nnte und was n\u00fctzt die sch\u00f6nste Unterdeckung, wenn man dann doch wieder solch eine Schwachstelle hat.<\/p>\n<p><a href=\"https:\/\/i0.wp.com\/www.dannwollenwirmal.de\/wp-content\/uploads\/2013\/10\/kas2.jpeg\"><img data-attachment-id=\"122\" data-permalink=\"http:\/\/www.dannwollenwirmal.de\/?attachment_id=122#main\" data-orig-file=\"https:\/\/i0.wp.com\/www.dannwollenwirmal.de\/wp-content\/uploads\/2013\/10\/kas2.jpeg?fit=652%2C489\" data-orig-size=\"652,489\" data-comments-opened=\"1\" data-image-meta=\"{&quot;aperture&quot;:&quot;2.4&quot;,&quot;credit&quot;:&quot;&quot;,&quot;camera&quot;:&quot;iPhone 5&quot;,&quot;caption&quot;:&quot;&quot;,&quot;created_timestamp&quot;:&quot;1381234041&quot;,&quot;copyright&quot;:&quot;&quot;,&quot;focal_length&quot;:&quot;4.13&quot;,&quot;iso&quot;:&quot;640&quot;,&quot;shutter_speed&quot;:&quot;0.066666666666667&quot;,&quot;title&quot;:&quot;&quot;}\" data-image-title=\"kas2\" data-image-description=\"\" data-image-caption=\"\" data-medium-file=\"https:\/\/i0.wp.com\/www.dannwollenwirmal.de\/wp-content\/uploads\/2013\/10\/kas2.jpeg?fit=300%2C225\" data-large-file=\"https:\/\/i0.wp.com\/www.dannwollenwirmal.de\/wp-content\/uploads\/2013\/10\/kas2.jpeg?fit=652%2C489\" loading=\"lazy\" class=\"alignnone size-full wp-image-122\" alt=\"kas2\" src=\"https:\/\/i0.wp.com\/www.dannwollenwirmal.de\/wp-content\/uploads\/2013\/10\/kas2.jpeg?resize=652%2C489\" width=\"652\" height=\"489\" srcset=\"https:\/\/i0.wp.com\/www.dannwollenwirmal.de\/wp-content\/uploads\/2013\/10\/kas2.jpeg?w=652 652w, https:\/\/i0.wp.com\/www.dannwollenwirmal.de\/wp-content\/uploads\/2013\/10\/kas2.jpeg?resize=300%2C225 300w\" sizes=\"(max-width: 652px) 100vw, 652px\" data-recalc-dims=\"1\" \/><\/a><br \/>\n<em>Fertige Verkleidungen<\/em><\/p>\n<p>Also habe ich mich entschlossen, die Isolierung komplett von diesem Traufenkasten zu entkoppeln und diesen, wie im Bild oben zu sehen, mit einer DWD-Platte zu verschlie\u00dfen. Dazu am unteren Ende der Sparren zwei kleine Latten befestigen und dann mit Restst\u00fccken der Holzfaserplatten das Ganze verschlie\u00dfen. So bleibt der Traufenkasten auch frei und wird bel\u00fcftet (&#8222;kann atmen&#8220;, das ist ja immer ein gefl\u00fcgeltes Wort bei s\u00e4mtlichen Baubeurteilungen), denn wir haben ja hier schon festgestellt dass es beim Haus eben nicht so ist wie an der Wursttheke, denn bei Letzterem ist es immer gut, wenn alles ordentlich eingepackt ist.<\/p>\n<p>Auch auf die Gefahr hin, wieder abzuschweifen, kommt mir der Gedanke, ob der ganze D\u00e4mmungs-Boom (WDVS) wirklich der Weisheit letzter Schluss ist. Als die &#8222;Altbauten&#8220;, wie hier 1926, errichtet wurden, hatte die Menschheit schon einige Jahrhunderte Erfahrung im Hausbau fernab vom H\u00f6hlenleben. Also unterstelle ich, dass die H\u00e4uslebauer Anfang des 20. Jahrhunderts nicht v\u00f6llig d\u00e4mlich waren und sich bei gewissen Sachen was gedacht haben, zum Beispiel was den Aufbau und die Bel\u00fcftung von Au\u00dfenw\u00e4nden angeht.<\/p>\n<p>Nicht mal 100 Jahre sp\u00e4ter stellen wir das alles komplett in Frage und packen unsere H\u00e4user in dicke D\u00e4mmstoffhauben ein, die schon zerbr\u00f6seln wenn man ein Fahrrad dagegenlehnt oder sich ein Specht verirrt. Das ist zwar f\u00fcr die Heizkosten und die Umwelt sch\u00f6n und gut, aber was da bauphysikalisch passiert ist zumindest auf lange Sicht noch ziemlich unklar. Denn so lange gibt es das Ganze noch nicht (seit 1990 etwa werden die aktuellen D\u00e4mmstoffe verbaut), und \u00fcber Langzeitsch\u00e4den kann man daher noch nichts sagen. Im \u00dcbrigen finde ich den Gedanken, dass irgendwann alle H\u00e4user gleich aussehen, ziemlich abschreckend.<\/p>\n<p>Ich bin da kein Experte und es ist auch nur eine subjektive Einsch\u00e4tzung, aber vielleicht sollte man nicht alles uneingeschr\u00e4nkt toll finden, was auf den ersten Blick &#8218;logisch&#8216; erscheint und auch noch gut <del>propagiert<\/del> beworben wird.<\/p>\n<p>Der Umweltaspekt brennt unter den F\u00fc\u00dfen, und daher bin ich gro\u00dfer Freund energetischer Verbesserungen; da gibt es ja auch viele andere Stellschrauben, an denen man drehen kann. Ich bin gespannt, wann WDVS wieder &#8222;out&#8220; ist und das ganze Poroflopp wieder von den angeschimmelten Fassaden runtergekratzt werden muss; wobei auch da freut sich das Malerhandwerk \ud83d\ude09<\/p>\n<p>&nbsp;<\/p>\n<div class=\"sharedaddy sd-sharing-enabled\"><div class=\"robots-nocontent sd-block sd-social sd-social-icon-text sd-sharing\"><h3 class=\"sd-title\">Teilen mit:<\/h3><div class=\"sd-content\"><ul><li class=\"share-email\"><a rel=\"nofollow noopener noreferrer\" data-shared=\"\" class=\"share-email sd-button share-icon\" href=\"http:\/\/www.dannwollenwirmal.de\/?p=120&amp;share=email\" target=\"_blank\" title=\"Klick, um dies einem Freund per E-Mail zu senden\"><span>E-Mail<\/span><\/a><\/li><li class=\"share-print\"><a rel=\"nofollow noopener noreferrer\" data-shared=\"\" class=\"share-print sd-button share-icon\" href=\"http:\/\/www.dannwollenwirmal.de\/?p=120\" target=\"_blank\" title=\"Klicken zum Ausdrucken\"><span>Drucken<\/span><\/a><\/li><li class=\"share-facebook\"><a rel=\"nofollow noopener noreferrer\" data-shared=\"sharing-facebook-120\" class=\"share-facebook sd-button share-icon\" href=\"http:\/\/www.dannwollenwirmal.de\/?p=120&amp;share=facebook\" target=\"_blank\" title=\"Klick, um auf Facebook zu teilen\"><span>Facebook<\/span><\/a><\/li><li class=\"share-twitter\"><a rel=\"nofollow noopener noreferrer\" data-shared=\"sharing-twitter-120\" class=\"share-twitter sd-button share-icon\" href=\"http:\/\/www.dannwollenwirmal.de\/?p=120&amp;share=twitter\" target=\"_blank\" title=\"Klick, um \u00fcber Twitter zu teilen\"><span>Twitter<\/span><\/a><\/li><li class=\"share-pinterest\"><a rel=\"nofollow noopener noreferrer\" data-shared=\"sharing-pinterest-120\" class=\"share-pinterest sd-button share-icon\" href=\"http:\/\/www.dannwollenwirmal.de\/?p=120&amp;share=pinterest\" target=\"_blank\" title=\"Klick, um auf Pinterest zu teilen\"><span>Pinterest<\/span><\/a><\/li><li class=\"share-linkedin\"><a rel=\"nofollow noopener noreferrer\" data-shared=\"sharing-linkedin-120\" class=\"share-linkedin sd-button share-icon\" href=\"http:\/\/www.dannwollenwirmal.de\/?p=120&amp;share=linkedin\" target=\"_blank\" title=\"Klick, um auf LinkedIn zu teilen\"><span>LinkedIn<\/span><\/a><\/li><li class=\"share-end\"><\/li><\/ul><\/div><\/div><\/div>","protected":false},"excerpt":{"rendered":"<p>In den letzten Tagen war ich wenig zuhause und konnte daher auch wenig Produktives dort leisten. Heute habe ich dann das erste Dach-Viertel fertig verholzt (also der Norden ist dicht! Da kann mir keiner mehr was!) und k\u00fcmmerte mich um die kleinen Ecken. Man ist ja geneigt, in den Winkeln und Ecken wo man nur [&hellip;]<\/p>\n<div class=\"sharedaddy sd-sharing-enabled\"><div class=\"robots-nocontent sd-block sd-social sd-social-icon-text sd-sharing\"><h3 class=\"sd-title\">Teilen mit:<\/h3><div class=\"sd-content\"><ul><li class=\"share-email\"><a rel=\"nofollow noopener noreferrer\" data-shared=\"\" class=\"share-email sd-button share-icon\" href=\"http:\/\/www.dannwollenwirmal.de\/?p=120&amp;share=email\" target=\"_blank\" title=\"Klick, um dies einem Freund per E-Mail zu senden\"><span>E-Mail<\/span><\/a><\/li><li class=\"share-print\"><a rel=\"nofollow noopener noreferrer\" data-shared=\"\" class=\"share-print sd-button share-icon\" href=\"http:\/\/www.dannwollenwirmal.de\/?p=120\" target=\"_blank\" title=\"Klicken zum Ausdrucken\"><span>Drucken<\/span><\/a><\/li><li class=\"share-facebook\"><a rel=\"nofollow noopener noreferrer\" data-shared=\"sharing-facebook-120\" class=\"share-facebook sd-button share-icon\" href=\"http:\/\/www.dannwollenwirmal.de\/?p=120&amp;share=facebook\" target=\"_blank\" title=\"Klick, um auf Facebook zu teilen\"><span>Facebook<\/span><\/a><\/li><li class=\"share-twitter\"><a rel=\"nofollow noopener noreferrer\" data-shared=\"sharing-twitter-120\" class=\"share-twitter sd-button share-icon\" href=\"http:\/\/www.dannwollenwirmal.de\/?p=120&amp;share=twitter\" target=\"_blank\" title=\"Klick, um \u00fcber Twitter zu teilen\"><span>Twitter<\/span><\/a><\/li><li class=\"share-pinterest\"><a rel=\"nofollow noopener noreferrer\" data-shared=\"sharing-pinterest-120\" class=\"share-pinterest sd-button share-icon\" href=\"http:\/\/www.dannwollenwirmal.de\/?p=120&amp;share=pinterest\" target=\"_blank\" title=\"Klick, um auf Pinterest zu teilen\"><span>Pinterest<\/span><\/a><\/li><li class=\"share-linkedin\"><a rel=\"nofollow noopener noreferrer\" data-shared=\"sharing-linkedin-120\" class=\"share-linkedin sd-button share-icon\" href=\"http:\/\/www.dannwollenwirmal.de\/?p=120&amp;share=linkedin\" target=\"_blank\" title=\"Klick, um auf LinkedIn zu teilen\"><span>LinkedIn<\/span><\/a><\/li><li class=\"share-end\"><\/li><\/ul><\/div><\/div><\/div>","protected":false},"author":1,"featured_media":0,"comment_status":"open","ping_status":"open","sticky":false,"template":"","format":"standard","meta":{"advanced_seo_description":"","spay_email":"","jetpack_publicize_message":"","jetpack_is_tweetstorm":false,"jetpack_publicize_feature_enabled":true},"categories":[1,3,21,35,334],"tags":[10,36,37,38],"jetpack_featured_media_url":"","jetpack_publicize_connections":[],"jetpack_shortlink":"https:\/\/wp.me\/p3WtlO-1W","jetpack_sharing_enabled":true,"jetpack-related-posts":[{"id":2351,"url":"http:\/\/www.dannwollenwirmal.de\/?p=2351","url_meta":{"origin":120,"position":0},"title":"R\u00fcckenwind","date":"9. September 2018","format":false,"excerpt":"So, allm\u00e4hlich wollen wir mal aufr\u00e4umen hier. Was? Ich wei\u00df, ich wei\u00df, f\u00fcnf Jahre ist schon ganz sch\u00f6n lang f\u00fcr ne Baustelle. Aber ich hatte ja auch mit einigen Problemen zu k\u00e4mpfen. Damals, die falsch gemischte Farbe? Oder die Sache mit der Bauschaumdose? Na, also. Das da hinten? Jaaaa, ist\u2026","rel":"","context":"In &quot;Allgemein&quot;","img":{"alt_text":"","src":"","width":0,"height":0},"classes":[]},{"id":36,"url":"http:\/\/www.dannwollenwirmal.de\/?p=36","url_meta":{"origin":120,"position":1},"title":"Immer mit der Ruhe","date":"18. September 2013","format":false,"excerpt":"Beruhigt Euch, Leute! Ich renne nicht ins Verderben. Heute vier (!) Anrufe von besorgten Leuten, ob ich mir das wirklich gut \u00fcberlegt h\u00e4tte und die Isolation einfach so \"unters Dach proppen\" m\u00f6chte. Nein, nein! Ich habe mich mit dem Thema \u00e4u\u00dfest lange besch\u00e4ftigt und nun eine f\u00fcr mich gute L\u00f6sung\u2026","rel":"","context":"In &quot;Allgemeines&quot;","img":{"alt_text":"Sch\u00fcrhaken-Werkzeug","src":"https:\/\/i1.wp.com\/www.dannwollenwirmal.de\/wp-content\/uploads\/2013\/09\/img_2203.jpg?resize=350%2C200","width":350,"height":200},"classes":[]},{"id":2050,"url":"http:\/\/www.dannwollenwirmal.de\/?p=2050","url_meta":{"origin":120,"position":2},"title":"Leser fragen &#8211; dannwollenwirmal antwortet","date":"8. Oktober 2017","format":false,"excerpt":"Mein Beitrag \u00fcber die Radiokultur von letzter Woche hat ja scheinbar einen Nerv getroffen; ich habe viel Zuspruch erhalten und bin nun gewiss, nicht der einzige zu sein, dem es so geht. Von Nord bis S\u00fcd und Ost und West, \u00fcberalll das gleiche! Bremen eins hat sich bei mir gemeldet\u2026","rel":"","context":"In &quot;Allgemein&quot;","img":{"alt_text":"","src":"","width":0,"height":0},"classes":[]},{"id":1351,"url":"http:\/\/www.dannwollenwirmal.de\/?p=1351","url_meta":{"origin":120,"position":3},"title":"Die Datsche in Kl\u00f6sewitz","date":"28. Februar 2016","format":false,"excerpt":"Planung ist das halbe Leben! Oder so. Oder war es gutes Werkzeug? Das ist jedenfalls die halbe Arbeit. Die anstehende Fassadensanierung (immerhin n\u00e4hert sich der M\u00e4rz in gro\u00dfen Schritten) will wohl \u00fcberlegt sein und je mehr man sich bei sowas im Vorfeld Gedanken macht, desto schneller und reibungsloser (Der Auftrag\u2026","rel":"","context":"In &quot;Allgemein&quot;","img":{"alt_text":"","src":"https:\/\/i2.wp.com\/www.dannwollenwirmal.de\/wp-content\/uploads\/2016\/02\/IMG_4102.jpg?resize=350%2C200","width":350,"height":200},"classes":[]},{"id":641,"url":"http:\/\/www.dannwollenwirmal.de\/?p=641","url_meta":{"origin":120,"position":4},"title":"Die kleine Spachtelschule","date":"16. November 2014","format":false,"excerpt":"Ja, aber Holla die Waldfee, Baby! Da hab ich Teufelskerl doch in netto zwei Tagen quasi die ganze Spachtelei geschafft. Der Reibeputz ist bestellt und kommt Anfang n\u00e4chster Woche (K\u00f6rnung 1,5! Die muss bestellt werden. 2mm war mir - zumindest von diesem Hersteller -\u00a0 zu grob) und bis dahin will\u2026","rel":"","context":"In &quot;Allgemein&quot;","img":{"alt_text":"","src":"https:\/\/i1.wp.com\/www.dannwollenwirmal.de\/wp-content\/uploads\/2014\/11\/Schleifen.jpg?resize=350%2C200","width":350,"height":200},"classes":[]},{"id":1166,"url":"http:\/\/www.dannwollenwirmal.de\/?p=1166","url_meta":{"origin":120,"position":5},"title":"Das zwei-Wochen-Bad, Teil 2","date":"1. November 2015","format":false,"excerpt":"Geschafft! Auf den Punkt nach zwei Wochen ist das Badprojekt fertiggestellt und man kann drauflosplanschen. Lediglich die Klempnerabteilung muss Montag nochmal ran, einen Heizk\u00f6rper und die Duschabtrennung anbringen, aber ich pers\u00f6nlich habe es p\u00fcnktlich (okay, mit einer \"Nachtschicht\") geschafft und werde nun die f\u00fcnfstellige Bonuszahlung einstreichen. Leider f\u00fchle ich mich\u2026","rel":"","context":"In &quot;Allgemein&quot;","img":{"alt_text":"","src":"https:\/\/i2.wp.com\/www.dannwollenwirmal.de\/wp-content\/uploads\/2015\/10\/IMG_3824.jpg?resize=350%2C200","width":350,"height":200},"classes":[]}],"_links":{"self":[{"href":"http:\/\/www.dannwollenwirmal.de\/index.php?rest_route=\/wp\/v2\/posts\/120"}],"collection":[{"href":"http:\/\/www.dannwollenwirmal.de\/index.php?rest_route=\/wp\/v2\/posts"}],"about":[{"href":"http:\/\/www.dannwollenwirmal.de\/index.php?rest_route=\/wp\/v2\/types\/post"}],"author":[{"embeddable":true,"href":"http:\/\/www.dannwollenwirmal.de\/index.php?rest_route=\/wp\/v2\/users\/1"}],"replies":[{"embeddable":true,"href":"http:\/\/www.dannwollenwirmal.de\/index.php?rest_route=%2Fwp%2Fv2%2Fcomments&post=120"}],"version-history":[{"count":4,"href":"http:\/\/www.dannwollenwirmal.de\/index.php?rest_route=\/wp\/v2\/posts\/120\/revisions"}],"predecessor-version":[{"id":127,"href":"http:\/\/www.dannwollenwirmal.de\/index.php?rest_route=\/wp\/v2\/posts\/120\/revisions\/127"}],"wp:attachment":[{"href":"http:\/\/www.dannwollenwirmal.de\/index.php?rest_route=%2Fwp%2Fv2%2Fmedia&parent=120"}],"wp:term":[{"taxonomy":"category","embeddable":true,"href":"http:\/\/www.dannwollenwirmal.de\/index.php?rest_route=%2Fwp%2Fv2%2Fcategories&post=120"},{"taxonomy":"post_tag","embeddable":true,"href":"http:\/\/www.dannwollenwirmal.de\/index.php?rest_route=%2Fwp%2Fv2%2Ftags&post=120"}],"curies":[{"name":"wp","href":"https:\/\/api.w.org\/{rel}","templated":true}]}}