{"id":1190,"date":"2015-11-15T08:00:25","date_gmt":"2015-11-15T07:00:25","guid":{"rendered":"http:\/\/www.dannwollenwirmal.de\/?p=1190"},"modified":"2015-11-14T17:04:45","modified_gmt":"2015-11-14T16:04:45","slug":"fugen-gyver","status":"publish","type":"post","link":"http:\/\/www.dannwollenwirmal.de\/?p=1190","title":{"rendered":"Fugen-Gyver"},"content":{"rendered":"<p>Bei Terminbaustellen ist es ja irgendwie immer so, dass es am Ende knapp wird. Dabei ist es fast egal, ob man zwei Wochen oder zwei Monate f\u00fcr Projekt XY Zeit hat, wenn der Termin n\u00e4her r\u00fcckt, dr\u00e4ngt die Zeit, und immer wenn&#8217;s <em>schnell gehen<\/em> muss, bleibt schonmal qualitativ was auf der Strecke. Und auch ich kann mich davon nicht v\u00f6llig freisprechen und musste beim letzten Badprojekt <em>nachbessern<\/em>, es hat sich tats\u00e4chlich etwas Fugenm\u00f6rtel aus einer Bodenfuge gel\u00f6st, und gerade im Eingangsbereich ist das ja schon recht \u00e4rgerlich. Und: Das hatte ich noch nie! (Klingt wie die typische Handwerkerausrede, ist aber mal wirklich so.)<\/p>\n<p>Als m\u00f6gliche Gr\u00fcnde fallen mir dazu ein: <em>Entweder <\/em>habe ich die Fuge beim Verfugen nicht genug ausgekratzt. Hei\u00dft, es ist noch zu viel Fliesenkleber in der Fuge und daher nicht genug Platz f\u00fcr den Fugenm\u00f6rtel. Eigentlich kratze ich fast gar nicht mehr aus. Wenn die neue Fliese direkt an die Kanten der alten angelegt wird, kann man sie erstens gut ausrichten um keine Vers\u00e4tze zu haben, und beim Schieben auf die Endposition schiebt sich der Kleber automatisch aus der Fuge raus, so dass man eigentlich kaum noch freikratzen muss. Dieses Kratzen hat im \u00dcbrigen auch den Nachteil, dass es erstens eine sehr stupide und totlangweile Arbeit ist, zweitens zu lange aufh\u00e4lt und drittens beim Abrutschen des Werkzeugs eine empfindliche Fliesenoberfl\u00e4che schonmal besch\u00e4digt werden kann.<\/p>\n<p>Langer Rede, kurzer Sinn, es ist also wom\u00f6glich trotzdem zu viel Kleber an dieser Stelle der Fuge verblieben, <em>oder<\/em> unter der Fliesenecke ist nicht genug Kleber und daher wippt die Ecke leicht beim Betreten, wodurch sich der M\u00f6rtel l\u00f6sen kann.<\/p>\n<p>Behoben habe ich das Ganze nun, indem ich beide m\u00f6glichen Ursachen (vielleicht gibt es ja auch noch eine andere Ursache, das werde ich dann aber erst nach dem Verfugen feststellen k\u00f6nnen. Dann muss allerdings KOMPLETT ALLES WIEDER RAUSGERISSEN WERDEN. Ja, auch W\u00e4nde und Decke. Alles.)<\/p>\n<p>Zun\u00e4chst habe ich die betroffenen Fugen akribisch ausgekratzt:<\/p>\n<p><a href=\"https:\/\/i0.wp.com\/www.dannwollenwirmal.de\/wp-content\/uploads\/2015\/11\/IMG_3849.jpg\"><img data-attachment-id=\"1191\" data-permalink=\"http:\/\/www.dannwollenwirmal.de\/?attachment_id=1191#main\" data-orig-file=\"https:\/\/i0.wp.com\/www.dannwollenwirmal.de\/wp-content\/uploads\/2015\/11\/IMG_3849.jpg?fit=652%2C652\" data-orig-size=\"652,652\" data-comments-opened=\"1\" data-image-meta=\"{&quot;aperture&quot;:&quot;2.2&quot;,&quot;credit&quot;:&quot;&quot;,&quot;camera&quot;:&quot;iPhone 6&quot;,&quot;caption&quot;:&quot;&quot;,&quot;created_timestamp&quot;:&quot;1447512142&quot;,&quot;copyright&quot;:&quot;&quot;,&quot;focal_length&quot;:&quot;4.15&quot;,&quot;iso&quot;:&quot;250&quot;,&quot;shutter_speed&quot;:&quot;0.058823529411765&quot;,&quot;title&quot;:&quot;&quot;,&quot;orientation&quot;:&quot;1&quot;}\" data-image-title=\"IMG_3849\" data-image-description=\"&lt;p&gt;Fugen auskratzen&lt;\/p&gt;\n\" data-image-caption=\"\" data-medium-file=\"https:\/\/i0.wp.com\/www.dannwollenwirmal.de\/wp-content\/uploads\/2015\/11\/IMG_3849.jpg?fit=300%2C300\" data-large-file=\"https:\/\/i0.wp.com\/www.dannwollenwirmal.de\/wp-content\/uploads\/2015\/11\/IMG_3849.jpg?fit=652%2C652\" loading=\"lazy\" class=\"alignnone size-full wp-image-1191\" src=\"https:\/\/i0.wp.com\/www.dannwollenwirmal.de\/wp-content\/uploads\/2015\/11\/IMG_3849.jpg?resize=652%2C652\" alt=\"Fugen auskratzen\" width=\"652\" height=\"652\" srcset=\"https:\/\/i0.wp.com\/www.dannwollenwirmal.de\/wp-content\/uploads\/2015\/11\/IMG_3849.jpg?w=652 652w, https:\/\/i0.wp.com\/www.dannwollenwirmal.de\/wp-content\/uploads\/2015\/11\/IMG_3849.jpg?resize=150%2C150 150w, https:\/\/i0.wp.com\/www.dannwollenwirmal.de\/wp-content\/uploads\/2015\/11\/IMG_3849.jpg?resize=300%2C300 300w\" sizes=\"(max-width: 652px) 100vw, 652px\" data-recalc-dims=\"1\" \/><\/a><br \/>\n<em>Fugen auskratzen<\/em><\/p>\n<p>Dabei immer wieder kratzen und staubsaugen, die Kelle auch mal schr\u00e4g halten, und darauf achten, die Fliesen nicht zu besch\u00e4digen.<\/p>\n<p>Dann habe ich mir in der Apotheke eine Spritze besorgt und mit einem Strohhalm verl\u00e4ngert. MacGyver l\u00e4sst gr\u00fc\u00dfen! Den recht fl\u00fcssig anger\u00fchrten Kleber habe ich damit in die ausgekratzten Fugen gespritzt und dabei auch etwas unter die Fliese gezielt. Durch abwechselndes Anklopfen der Fliese mit der Faust und Nachf\u00fcllen des Klebers gelangt dieser in alle Ritzen. Zwischendurch immer mit der Kelle nachschwabbeln, so wie beim Estrich \ud83d\ude42<\/p>\n<p><a href=\"https:\/\/i0.wp.com\/www.dannwollenwirmal.de\/wp-content\/uploads\/2015\/11\/IMG_3850.jpg\"><img data-attachment-id=\"1192\" data-permalink=\"http:\/\/www.dannwollenwirmal.de\/?attachment_id=1192#main\" data-orig-file=\"https:\/\/i0.wp.com\/www.dannwollenwirmal.de\/wp-content\/uploads\/2015\/11\/IMG_3850.jpg?fit=652%2C652\" data-orig-size=\"652,652\" data-comments-opened=\"1\" data-image-meta=\"{&quot;aperture&quot;:&quot;2.2&quot;,&quot;credit&quot;:&quot;&quot;,&quot;camera&quot;:&quot;iPhone 6&quot;,&quot;caption&quot;:&quot;&quot;,&quot;created_timestamp&quot;:&quot;1447512722&quot;,&quot;copyright&quot;:&quot;&quot;,&quot;focal_length&quot;:&quot;4.15&quot;,&quot;iso&quot;:&quot;250&quot;,&quot;shutter_speed&quot;:&quot;0.041666666666667&quot;,&quot;title&quot;:&quot;&quot;,&quot;orientation&quot;:&quot;1&quot;}\" data-image-title=\"IMG_3850\" data-image-description=\"&lt;p&gt;Fliesenkleber spritzen&lt;\/p&gt;\n\" data-image-caption=\"\" data-medium-file=\"https:\/\/i0.wp.com\/www.dannwollenwirmal.de\/wp-content\/uploads\/2015\/11\/IMG_3850.jpg?fit=300%2C300\" data-large-file=\"https:\/\/i0.wp.com\/www.dannwollenwirmal.de\/wp-content\/uploads\/2015\/11\/IMG_3850.jpg?fit=652%2C652\" loading=\"lazy\" class=\"alignnone size-full wp-image-1192\" src=\"https:\/\/i0.wp.com\/www.dannwollenwirmal.de\/wp-content\/uploads\/2015\/11\/IMG_3850.jpg?resize=652%2C652\" alt=\"Fliesenkleber spritzen\" width=\"652\" height=\"652\" srcset=\"https:\/\/i0.wp.com\/www.dannwollenwirmal.de\/wp-content\/uploads\/2015\/11\/IMG_3850.jpg?w=652 652w, https:\/\/i0.wp.com\/www.dannwollenwirmal.de\/wp-content\/uploads\/2015\/11\/IMG_3850.jpg?resize=150%2C150 150w, https:\/\/i0.wp.com\/www.dannwollenwirmal.de\/wp-content\/uploads\/2015\/11\/IMG_3850.jpg?resize=300%2C300 300w\" sizes=\"(max-width: 652px) 100vw, 652px\" data-recalc-dims=\"1\" \/><\/a><br \/>\n<em>Fliesenkleber spritzen mit medizinischem Besteck<br \/>\n<\/em><\/p>\n<p>Danach dann das Ganze mit einem Tuch abgewischt und die Fugen etwa bis zur H\u00e4lfte ausgewischt. Das soll jetzt mal zwei Tage so trocknen, danach kratze ich den Rest Kleber aus und verfuge neu. Dieses mal dann allerdings mit Bauschaum und grobem Kies.<\/p>\n<p>Wo wir grad bei Fugen sind, das hier sind die Fugen in unserem Erdgeschoss-Bad:<\/p>\n<p><a href=\"https:\/\/i1.wp.com\/www.dannwollenwirmal.de\/wp-content\/uploads\/2015\/11\/IMG_3851.jpg\"><img data-attachment-id=\"1194\" data-permalink=\"http:\/\/www.dannwollenwirmal.de\/?attachment_id=1194#main\" data-orig-file=\"https:\/\/i1.wp.com\/www.dannwollenwirmal.de\/wp-content\/uploads\/2015\/11\/IMG_3851.jpg?fit=652%2C652\" data-orig-size=\"652,652\" data-comments-opened=\"1\" data-image-meta=\"{&quot;aperture&quot;:&quot;2.2&quot;,&quot;credit&quot;:&quot;&quot;,&quot;camera&quot;:&quot;iPhone 6&quot;,&quot;caption&quot;:&quot;&quot;,&quot;created_timestamp&quot;:&quot;1447517659&quot;,&quot;copyright&quot;:&quot;&quot;,&quot;focal_length&quot;:&quot;4.15&quot;,&quot;iso&quot;:&quot;400&quot;,&quot;shutter_speed&quot;:&quot;0.058823529411765&quot;,&quot;title&quot;:&quot;&quot;,&quot;orientation&quot;:&quot;1&quot;}\" data-image-title=\"IMG_3851\" data-image-description=\"&lt;p&gt;gebrochene Fliesen&lt;\/p&gt;\n\" data-image-caption=\"\" data-medium-file=\"https:\/\/i1.wp.com\/www.dannwollenwirmal.de\/wp-content\/uploads\/2015\/11\/IMG_3851.jpg?fit=300%2C300\" data-large-file=\"https:\/\/i1.wp.com\/www.dannwollenwirmal.de\/wp-content\/uploads\/2015\/11\/IMG_3851.jpg?fit=652%2C652\" loading=\"lazy\" class=\"alignnone size-full wp-image-1194\" src=\"https:\/\/i1.wp.com\/www.dannwollenwirmal.de\/wp-content\/uploads\/2015\/11\/IMG_3851.jpg?resize=652%2C652\" alt=\"gebrochene Fliesen\" width=\"652\" height=\"652\" srcset=\"https:\/\/i1.wp.com\/www.dannwollenwirmal.de\/wp-content\/uploads\/2015\/11\/IMG_3851.jpg?w=652 652w, https:\/\/i1.wp.com\/www.dannwollenwirmal.de\/wp-content\/uploads\/2015\/11\/IMG_3851.jpg?resize=150%2C150 150w, https:\/\/i1.wp.com\/www.dannwollenwirmal.de\/wp-content\/uploads\/2015\/11\/IMG_3851.jpg?resize=300%2C300 300w\" sizes=\"(max-width: 652px) 100vw, 652px\" data-recalc-dims=\"1\" \/><\/a><br \/>\n<em>Gebrochene Fliesen und defekte Fugen in einem alten Bad<\/em><\/p>\n<p>Das war in Ans\u00e4tzen schon so, als wir das Haus gekauft haben und wird jedes Jahr etwas schlimmer. Wie man sieht, sind auch einige Fliesen gebrochen, daher tippe ich mal auf den falschen Untergrund. Auf Holzbalkendecken geht eigentlich nur Rigidur (oder vergleichbares), ggf. mit Entkopplungsmatte. Bei uns hat man damals wahrscheinlich einfach Spanplatte genommen.<\/p>\n<p>Irgendwann kommt das Bad auch mal neu, aber bis es soweit ist sollte ich vielleicht doch mal an diesen Stellen ein wenig nachfugen. Okay, kommt mit auf die ToDo-Liste.<\/p>\n<p>Oh, voll \ud83d\ude42<\/p>\n<p>&nbsp;<\/p>\n<p>&nbsp;<\/p>\n<div class=\"sharedaddy sd-sharing-enabled\"><div class=\"robots-nocontent sd-block sd-social sd-social-icon-text sd-sharing\"><h3 class=\"sd-title\">Teilen mit:<\/h3><div class=\"sd-content\"><ul><li class=\"share-email\"><a rel=\"nofollow noopener noreferrer\" data-shared=\"\" class=\"share-email sd-button share-icon\" href=\"http:\/\/www.dannwollenwirmal.de\/?p=1190&amp;share=email\" target=\"_blank\" title=\"Klick, um dies einem Freund per E-Mail zu senden\"><span>E-Mail<\/span><\/a><\/li><li class=\"share-print\"><a rel=\"nofollow noopener noreferrer\" data-shared=\"\" class=\"share-print sd-button share-icon\" href=\"http:\/\/www.dannwollenwirmal.de\/?p=1190\" target=\"_blank\" title=\"Klicken zum Ausdrucken\"><span>Drucken<\/span><\/a><\/li><li class=\"share-facebook\"><a rel=\"nofollow noopener noreferrer\" data-shared=\"sharing-facebook-1190\" class=\"share-facebook sd-button share-icon\" href=\"http:\/\/www.dannwollenwirmal.de\/?p=1190&amp;share=facebook\" target=\"_blank\" title=\"Klick, um auf Facebook zu teilen\"><span>Facebook<\/span><\/a><\/li><li class=\"share-twitter\"><a rel=\"nofollow noopener noreferrer\" data-shared=\"sharing-twitter-1190\" class=\"share-twitter sd-button share-icon\" href=\"http:\/\/www.dannwollenwirmal.de\/?p=1190&amp;share=twitter\" target=\"_blank\" title=\"Klick, um \u00fcber Twitter zu teilen\"><span>Twitter<\/span><\/a><\/li><li class=\"share-pinterest\"><a rel=\"nofollow noopener noreferrer\" data-shared=\"sharing-pinterest-1190\" class=\"share-pinterest sd-button share-icon\" href=\"http:\/\/www.dannwollenwirmal.de\/?p=1190&amp;share=pinterest\" target=\"_blank\" title=\"Klick, um auf Pinterest zu teilen\"><span>Pinterest<\/span><\/a><\/li><li class=\"share-linkedin\"><a rel=\"nofollow noopener noreferrer\" data-shared=\"sharing-linkedin-1190\" class=\"share-linkedin sd-button share-icon\" href=\"http:\/\/www.dannwollenwirmal.de\/?p=1190&amp;share=linkedin\" target=\"_blank\" title=\"Klick, um auf LinkedIn zu teilen\"><span>LinkedIn<\/span><\/a><\/li><li class=\"share-end\"><\/li><\/ul><\/div><\/div><\/div>","protected":false},"excerpt":{"rendered":"<p>Bei Terminbaustellen ist es ja irgendwie immer so, dass es am Ende knapp wird. Dabei ist es fast egal, ob man zwei Wochen oder zwei Monate f\u00fcr Projekt XY Zeit hat, wenn der Termin n\u00e4her r\u00fcckt, dr\u00e4ngt die Zeit, und immer wenn&#8217;s schnell gehen muss, bleibt schonmal qualitativ was auf der Strecke. Und auch ich [&hellip;]<\/p>\n<div class=\"sharedaddy sd-sharing-enabled\"><div class=\"robots-nocontent sd-block sd-social sd-social-icon-text sd-sharing\"><h3 class=\"sd-title\">Teilen mit:<\/h3><div class=\"sd-content\"><ul><li class=\"share-email\"><a rel=\"nofollow noopener noreferrer\" data-shared=\"\" class=\"share-email sd-button share-icon\" href=\"http:\/\/www.dannwollenwirmal.de\/?p=1190&amp;share=email\" target=\"_blank\" title=\"Klick, um dies einem Freund per E-Mail zu senden\"><span>E-Mail<\/span><\/a><\/li><li class=\"share-print\"><a rel=\"nofollow noopener noreferrer\" data-shared=\"\" class=\"share-print sd-button share-icon\" href=\"http:\/\/www.dannwollenwirmal.de\/?p=1190\" target=\"_blank\" title=\"Klicken zum Ausdrucken\"><span>Drucken<\/span><\/a><\/li><li class=\"share-facebook\"><a rel=\"nofollow noopener noreferrer\" data-shared=\"sharing-facebook-1190\" class=\"share-facebook sd-button share-icon\" href=\"http:\/\/www.dannwollenwirmal.de\/?p=1190&amp;share=facebook\" target=\"_blank\" title=\"Klick, um auf Facebook zu teilen\"><span>Facebook<\/span><\/a><\/li><li class=\"share-twitter\"><a rel=\"nofollow noopener noreferrer\" data-shared=\"sharing-twitter-1190\" class=\"share-twitter sd-button share-icon\" href=\"http:\/\/www.dannwollenwirmal.de\/?p=1190&amp;share=twitter\" target=\"_blank\" title=\"Klick, um \u00fcber Twitter zu teilen\"><span>Twitter<\/span><\/a><\/li><li class=\"share-pinterest\"><a rel=\"nofollow noopener noreferrer\" data-shared=\"sharing-pinterest-1190\" class=\"share-pinterest sd-button share-icon\" href=\"http:\/\/www.dannwollenwirmal.de\/?p=1190&amp;share=pinterest\" target=\"_blank\" title=\"Klick, um auf Pinterest zu teilen\"><span>Pinterest<\/span><\/a><\/li><li class=\"share-linkedin\"><a rel=\"nofollow noopener noreferrer\" data-shared=\"sharing-linkedin-1190\" class=\"share-linkedin sd-button share-icon\" href=\"http:\/\/www.dannwollenwirmal.de\/?p=1190&amp;share=linkedin\" target=\"_blank\" title=\"Klick, um auf LinkedIn zu teilen\"><span>LinkedIn<\/span><\/a><\/li><li class=\"share-end\"><\/li><\/ul><\/div><\/div><\/div>","protected":false},"author":1,"featured_media":0,"comment_status":"open","ping_status":"open","sticky":false,"template":"","format":"standard","meta":{"advanced_seo_description":"","spay_email":"","jetpack_publicize_message":"","jetpack_is_tweetstorm":false,"jetpack_publicize_feature_enabled":true},"categories":[1,61,26],"tags":[295,294],"jetpack_featured_media_url":"","jetpack_publicize_connections":[],"jetpack_shortlink":"https:\/\/wp.me\/p3WtlO-jc","jetpack_sharing_enabled":true,"jetpack-related-posts":[{"id":1654,"url":"http:\/\/www.dannwollenwirmal.de\/?p=1654","url_meta":{"origin":1190,"position":0},"title":"Das tapfere Schneiderlein","date":"16. Oktober 2016","format":false,"excerpt":"Ist das nicht sch\u00f6n? Stimmt, das ist nicht sch\u00f6n! Wobei, eigentlich ist das schon alles ganz sch\u00f6n. Nachdem ich tagelang dem M\u00fc\u00dfiggang gefr\u00f6nt habe (Familientreffen werden linear entspannender, je \u00e4lter die Kinder sind!), wird jetzt am Wochenende kr\u00e4ftig reingehauen, damit die aktuelle Baustelle fertig wird. Also w\u00e4hrend ihr, liebe Leser,\u2026","rel":"","context":"In &quot;Allgemein&quot;","img":{"alt_text":"","src":"https:\/\/i1.wp.com\/www.dannwollenwirmal.de\/wp-content\/uploads\/2016\/10\/IMG_4890.jpg?resize=350%2C200","width":350,"height":200},"classes":[]},{"id":903,"url":"http:\/\/www.dannwollenwirmal.de\/?p=903","url_meta":{"origin":1190,"position":1},"title":"Das wird ja immer sch\u00f6ner!","date":"22. M\u00e4rz 2015","format":false,"excerpt":"Es wird spannend, Trommelwirbel und Tusch: Der Gewinner des Dyson-AM05 Heizl\u00fcfters ist: Tanja Hermann! Herzlichen Gl\u00fcckwunsch. Das Ger\u00e4t wird direkt von Dyson verschickt, ich schreibe Dir eine eMail wegen der Adresse. Allen anderen Danke f\u00fcrs Mitmachen und nicht traurig sein, sicher gibt es demn\u00e4chst wieder ein Gewinnspiel. W\u00e4hrend schon wieder\u2026","rel":"","context":"In &quot;Allgemein&quot;","img":{"alt_text":"","src":"https:\/\/i1.wp.com\/www.dannwollenwirmal.de\/wp-content\/uploads\/2015\/03\/IMG_3319.jpg?resize=350%2C200","width":350,"height":200},"classes":[]},{"id":641,"url":"http:\/\/www.dannwollenwirmal.de\/?p=641","url_meta":{"origin":1190,"position":2},"title":"Die kleine Spachtelschule","date":"16. November 2014","format":false,"excerpt":"Ja, aber Holla die Waldfee, Baby! Da hab ich Teufelskerl doch in netto zwei Tagen quasi die ganze Spachtelei geschafft. Der Reibeputz ist bestellt und kommt Anfang n\u00e4chster Woche (K\u00f6rnung 1,5! Die muss bestellt werden. 2mm war mir - zumindest von diesem Hersteller -\u00a0 zu grob) und bis dahin will\u2026","rel":"","context":"In &quot;Allgemein&quot;","img":{"alt_text":"","src":"https:\/\/i1.wp.com\/www.dannwollenwirmal.de\/wp-content\/uploads\/2014\/11\/Schleifen.jpg?resize=350%2C200","width":350,"height":200},"classes":[]},{"id":2198,"url":"http:\/\/www.dannwollenwirmal.de\/?p=2198","url_meta":{"origin":1190,"position":3},"title":"Ausgeschaltet","date":"25. Februar 2018","format":false,"excerpt":"Heute melde ich mich nur kurz, liebste Leser, denn seit gestern hat es mich dahingerafft. Mit M\u00e4nnergrippe ist nicht zu spa\u00dfen! Selbst Fieber ist dabei! Da werde ich wohl den heutigen Tag mal im Bett verbringen. Aber wenigstens ein Lebenszeichen wollte ich Euch geben. Die \u00fcblichen Bauarbeiten, die ich sonst\u2026","rel":"","context":"In &quot;Allgemein&quot;","img":{"alt_text":"","src":"","width":0,"height":0},"classes":[]},{"id":873,"url":"http:\/\/www.dannwollenwirmal.de\/?p=873","url_meta":{"origin":1190,"position":4},"title":"Zipperlein &#038; Wehwehchen","date":"1. M\u00e4rz 2015","format":false,"excerpt":"Jetzt habe ich diesen Monat so viel gewerkelt und gebaut, dass ich fast, also man k\u00f6nnte sagen beinahe, also zumindest heute mal, so wirklich die Schnauze voll habe. Alle Knochen tun mir weh, Knie und R\u00fccken sowieso, Reizhusten vom Staub und ausklingender Erk\u00e4ltung, Fliesenkleber auf den Fingern\u00e4geln. W\u00fcrde ich diese\u2026","rel":"","context":"In &quot;Allgemein&quot;","img":{"alt_text":"","src":"https:\/\/i1.wp.com\/www.dannwollenwirmal.de\/wp-content\/uploads\/2015\/02\/IMG_3287.jpg?resize=350%2C200","width":350,"height":200},"classes":[]},{"id":236,"url":"http:\/\/www.dannwollenwirmal.de\/?p=236","url_meta":{"origin":1190,"position":5},"title":"Badrenovierung: Finale!","date":"2. Dezember 2013","format":false,"excerpt":"Wenn der Untergrund (80% der Arbeit) fertig ist, kann man eine h\u00fcbsche Oberfl\u00e4che (20% der Arbeit) schaffen. Irgendwann war es soweit und es ging los mit den Fliesen. Auch hier ist Planung das A & O: Vorher haben wir genau \u00fcberlegt und aufgezeichnet,welche Fliesensorte wie wo hin kommt. Die Dehnungsfuge\u2026","rel":"","context":"In &quot;Allgemein&quot;","img":{"alt_text":"","src":"https:\/\/i1.wp.com\/www.dannwollenwirmal.de\/wp-content\/uploads\/2013\/12\/wanne.jpg?resize=350%2C200","width":350,"height":200},"classes":[]}],"_links":{"self":[{"href":"http:\/\/www.dannwollenwirmal.de\/index.php?rest_route=\/wp\/v2\/posts\/1190"}],"collection":[{"href":"http:\/\/www.dannwollenwirmal.de\/index.php?rest_route=\/wp\/v2\/posts"}],"about":[{"href":"http:\/\/www.dannwollenwirmal.de\/index.php?rest_route=\/wp\/v2\/types\/post"}],"author":[{"embeddable":true,"href":"http:\/\/www.dannwollenwirmal.de\/index.php?rest_route=\/wp\/v2\/users\/1"}],"replies":[{"embeddable":true,"href":"http:\/\/www.dannwollenwirmal.de\/index.php?rest_route=%2Fwp%2Fv2%2Fcomments&post=1190"}],"version-history":[{"count":4,"href":"http:\/\/www.dannwollenwirmal.de\/index.php?rest_route=\/wp\/v2\/posts\/1190\/revisions"}],"predecessor-version":[{"id":1197,"href":"http:\/\/www.dannwollenwirmal.de\/index.php?rest_route=\/wp\/v2\/posts\/1190\/revisions\/1197"}],"wp:attachment":[{"href":"http:\/\/www.dannwollenwirmal.de\/index.php?rest_route=%2Fwp%2Fv2%2Fmedia&parent=1190"}],"wp:term":[{"taxonomy":"category","embeddable":true,"href":"http:\/\/www.dannwollenwirmal.de\/index.php?rest_route=%2Fwp%2Fv2%2Fcategories&post=1190"},{"taxonomy":"post_tag","embeddable":true,"href":"http:\/\/www.dannwollenwirmal.de\/index.php?rest_route=%2Fwp%2Fv2%2Ftags&post=1190"}],"curies":[{"name":"wp","href":"https:\/\/api.w.org\/{rel}","templated":true}]}}