{"id":1184,"date":"2015-11-08T08:00:52","date_gmt":"2015-11-08T07:00:52","guid":{"rendered":"http:\/\/www.dannwollenwirmal.de\/?p=1184"},"modified":"2015-11-09T18:02:32","modified_gmt":"2015-11-09T17:02:32","slug":"was-heimwerker-bewegt","status":"publish","type":"post","link":"http:\/\/www.dannwollenwirmal.de\/?p=1184","title":{"rendered":"Was Heimwerker bewegt"},"content":{"rendered":"<p>W\u00e4hrend ich noch halb in der Schockstarre wegen des Suchbegriffs &#8222;kann mann eine l\u00fcsterklemme so gut isolieren das man sie einputzen kann&#8220;* verharre, fiel mir auf, dass es Suchbegriffe gibt, die seit <del>Monaten<\/del> Jahren immer wieder kommen und die die Heimwerkerherzen offenbar nicht loslassen. Eine Top-10-Auswahl davon m\u00f6chte ich diese Woche mal kompakt, und so seri\u00f6s wie es mir irgendwie m\u00f6glich ist, beantworten.<\/p>\n<p>*nein! Setz eine Unterputz-Abzweigdose!<\/p>\n<p><strong>\u00dcbergang Drempel-Dachschr\u00e4ge<br \/>\n<\/strong>Dies ist tats\u00e4chlich ein Dauerbrenner. Ich habe es <a href=\"http:\/\/www.dannwollenwirmal.de\/?p=657\"><strong>hier<\/strong> <\/a>ausf\u00fchrlich beschrieben, abgek\u00fcrzt: Gewebeband einspachteln. Mein so gemachter Drempel ist mittlerweile etwa ein Jahr alt und es ist nicht der kleinste Riss zu sehen.<\/p>\n<p><strong>Trockenbauprofile Dachschr\u00e4ge<\/strong><br \/>\nDas habe ich u.a. mal <a href=\"http:\/\/www.dannwollenwirmal.de\/?p=348\"><strong>hier<\/strong> <\/a>ausf\u00fchrlich beschrieben. Man nimmt daf\u00fcr\u00a0 CD-Profile, ich habe sie mit Direktabh\u00e4ngern an den Sparren befestigt. Und ja, es ist nicht so einfach, eine Dachschr\u00e4ge mit einem <em>Laser<\/em> auszurichten. Denn der m\u00f6chte nur waagerecht oder senkrecht \ud83d\ude42 Vereinzelt gibt es Laser mit Neigungsfunktion, aber die sind selten und teuer. Ich habe mich damals mit der Lock-Funktion und Wandhalterung beholfen; aber es funktioniert auch, das obere und untere Profil anhand des Abstands zum Sparren gleichm\u00e4\u00dfig zu befestigen und dann mit einem langen Richtscheit die Zwischenprofile einzumessen.<\/p>\n<p><strong>Wannen\/Duschen auf Holzbalkendecke<br \/>\n<\/strong>Eine Badewanne auf einer Holzbalkendecke ist gewichtsm\u00e4\u00dfig tats\u00e4chlich kein Problem. In eine Durchschnittswanne passen etwa 150 Liter, und dasselbe Gewicht bringt der dicke Onkel Walter auf die Waage, der darf sich da oben ja schlie\u00dflich auch hinlegen!<br \/>\nEin gr\u00f6\u00dferes Thema ist da die Abdichtung. Holzbalkendecken m\u00fcssen vor N\u00e4sse gesch\u00fctzt werden, und Fliesen alleine reichen da nicht! Unter den Fliesen muss eine Dichtung eingebracht werden, das habe ich <a href=\"http:\/\/www.dannwollenwirmal.de\/?p=228\"><strong>hier<\/strong> <\/a>und <a href=\"http:\/\/www.dannwollenwirmal.de\/?p=1166\"><strong>hier<\/strong> <\/a>ausf\u00fchrlich beschrieben.<br \/>\nBodengleiche Duschen in Holzbalkendecken sind schwierig, aber nicht unm\u00f6glich. Entweder per <em>Workaround<\/em> in ein Podest eingebettet (wie <a href=\"http:\/\/www.dannwollenwirmal.de\/?p=236\"><strong>hier<\/strong> <\/a>&#8211; finde ich nach wie vor schick, aber eben nicht wirklich barrierefrei) oder mit speziellen Duschboards wie <a href=\"http:\/\/www.wedi.de\/produkte\/bausysteme\/bodengleiche-duschen\/fundo-ligno\/\"><strong>hier<\/strong><\/a>.<\/p>\n<p><strong>Rollos f\u00fcr Dachfenster<br \/>\n<\/strong>W\u00e4hrend ich den Trockenbau rund um&#8217;s Dachfenster <a href=\"http:\/\/www.dannwollenwirmal.de\/?p=657\"><strong>hier<\/strong> <\/a>und den eigentlichen Einbau <a href=\"http:\/\/www.dannwollenwirmal.de\/?p=99\"><strong>hier<\/strong> <\/a>beschrieben habe, kann ich Rollom\u00e4\u00dfig zum Beispiel die Seite\u00a0 <a href=\"http:\/\/www.dachfenster-rollo-shop.de\/\"><strong>dachfenster-rollo-shop.de<\/strong><\/a> empfehlen. Zu Velux-Fenstern passen die Original-Rollos einfach am Besten. Auch wenn ich sonst Freund des \u00f6rtlichen Fachhandels bin, hier ist das Internet leicht im Vorteil, denn es dauert nur wenige Tage bis man die Sachen (versandkostenfrei) zu Hause hat. Mein letztes Plissee vom \u00f6rtlichen Heimwerker-Maler-Fachmarkt hat drei Wochen gedauert.<\/p>\n<p><strong>Vorwandelement verkleiden<br \/>\n<\/strong>Doppelt beplanken! Trockenbauschrauben mit Bohrkopf!<br \/>\nAusf\u00fchrlich? <a href=\"http:\/\/www.dannwollenwirmal.de\/?p=885\"><strong>Hier<\/strong> <\/a>\ud83d\ude42<\/p>\n<p><strong>Wand sackt ab \/ Setzrisse<br \/>\n<\/strong>Gegen das Absacken als Solches habe ich <a href=\"http:\/\/www.dannwollenwirmal.de\/?p=845\"><strong>hier<\/strong> <\/a>mal einen ausf\u00fchrlichen Bericht geschrieben. Zu den Setzrissen habe ich neulich in Schwiegervaters Maurerbuch (also in diesen alten Fachb\u00fcchern gibt es Tips, da kommt das Internet nicht mit!) folgendes erfahren: Man r\u00fchrt eine d\u00fcnne Betonschl\u00e4mme an und stellt ein Brett vor den Riss in der Wand. Dieses Brett wird dann etwas verkeilt und dann von oben die Schl\u00e4mme in den Riss gegossen. Am n\u00e4chsten Tag das Brett weggenommen und siehe da, der Beton hat sich vorz\u00fcglich in den Riss geschmiegt! Das Alles nat\u00fcrlich erst, nachdem man die Ursache f\u00fcr den Riss beseitigt hat, sonst muss man das jede Woche machen&#8230;<\/p>\n<p><strong>Reihenfolgen<\/strong><br \/>\nErst Wandfliesen, dann Bodenfliesen<br \/>\nErst Nassbau, dann Trockenbau<br \/>\nRenovieren (in der Regel!) von oben nach unten<br \/>\nErst Wandputz, dann Decke abh\u00e4ngen<br \/>\nErst Estrich, dann Trockenbauw\u00e4nde draufstellen<br \/>\nErst die Arbeit, dann das Vergn\u00fcgen \ud83d\ude42<\/p>\n<p><strong>Sturz<\/strong><br \/>\nDas ist auch ein Dauerbrennerthema! <a href=\"http:\/\/www.dannwollenwirmal.de\/?p=450\"><strong>Hier<\/strong> <\/a>habe ich beschrieben, wie ein gro\u00dfer Stahltr\u00e4ger eingebaut wird. Oft kommen fragen, wie lange die betonierten Auflager trocknen m\u00fcssen &#8211; bei dieser Baustelle haben wir die Baust\u00fctzen drei Wochen dringelassen und vorher, 1-2 Tage nach dem Einbau, keine Ersch\u00fctterungen im Haus veranstaltet. Und was soll ich sagen? Der Sturz h\u00e4lt heute noch \ud83d\ude42<br \/>\nWie ein kleinerer, gemauerter Sturz eingesetzt wird, habe ich <a href=\"http:\/\/www.dannwollenwirmal.de\/?p=285\"><strong>hier<\/strong> <\/a>beschrieben. Achtung: nix f\u00fcr oblatend\u00fcnnes Halbwissen! Don&#8217;t use Bauschaum! Im Zweifel lieber jemanden fragen, der sich damit auskennt!<\/p>\n<p><strong>Abziehschlitten kaufen \/ selber bauen<br \/>\n<\/strong>Das Ding gibt es <a href=\"http:\/\/62.75.219.46\/siegma-p29h2s4-Abziehschlitten-Set.html?sid=cf43d5fe174aefc7be9ce250bc9f4ace\"><strong>hier<\/strong><\/a>, es kostet 46 Euro, also so viel wie ein Kinobesuch mit Popcorn (uff!), und <em>selber bauen,<\/em> auch wenn es t\u00e4glich 84.000 mal gegoogelt wird, halte ich f\u00fcr schwer machbar und noch weniger rentabel. Gutes Werkzeug ist einfach die halbe Arbeit, und das Ding ist schon eine gute Idee (was das ist? <a href=\"http:\/\/www.dannwollenwirmal.de\/?p=489\"><strong>hier<\/strong><\/a>, <a href=\"http:\/\/www.dannwollenwirmal.de\/?p=873\"><strong>hier<\/strong> <\/a>und <a href=\"http:\/\/www.dannwollenwirmal.de\/?p=999\"><strong>hier<\/strong><\/a>.) Wobei ich letztens mit der Methode, die ich <a href=\"http:\/\/www.dannwollenwirmal.de\/?p=1136\"><strong>hier<\/strong> <\/a>beschrieben habe, noch besser zurecht gekommen bin.<\/p>\n<p><strong>Heiz\u00f6rper befestigen Gipskarton<\/strong><br \/>\nGipskartond\u00fcbel von W\u00fcrth! <a href=\"http:\/\/www.dannwollenwirmal.de\/?p=764\"><strong>Hier<\/strong><\/a>!<\/p>\n<p>&nbsp;<\/p>\n<p>Ja, so r\u00fcckblickend ist auf dieser Seite schon eine ganz sch\u00f6ne <del>Halb<\/del>Wissens-Sammlung entstanden. Urspr\u00fcnglich mal nur als DachbodenAusbauBlog gedacht, ist im Hintergrund heimlich, still und leise der zweite Blog-Geburtstag vorbeigezogen (erster Eintrag: September 2013!) . Und was haben wir seitdem nicht alles erlebt, liebe Leser? H\u00e4user umgebaut, Badezimmer auf links gezogen, Steine eingerissen und Sicherungen eingebaut; W\u00e4nde vorm Absacken gerettet, verputzt und ganz viel Mumpe in die Ecken geschmiert. Gestemmt, geflext und geblutet, gezeltet, gedichtet, zusammen gelitten, gewint und gelacht, Urlaub gemacht und Weihnachten gefeiert. Und \u00fcber Baum\u00e4rkte gel\u00e4stert! So!<\/p>\n<p>Wenn ich mich so umschaue, gibt es gar nicht so viele Heimwerkerblogs, die an die <em>Substanz<\/em> gehen!? W\u00e4hrend ich mit der Flex durch die Wand ziehe, werden andernorts eher Pinw\u00e4nde und Fensterbilder gebastelt. Aber es ist auch okay, wenn ich etwas quer zum DoItYourself-Trend liege.<\/p>\n<p>Ich hoffe einfach, dass meinen Lesern jeden Sonntag allein durch die Lekt\u00fcre von dannwollenwirmal der Geschmack von Baustaub auf der Zunge liegt.<\/p>\n<p>Und solange das so ist, mach ich einfach genau so weiter!<\/p>\n<p>&nbsp;<\/p>\n<p>sp<\/p>\n<div class=\"sharedaddy sd-sharing-enabled\"><div class=\"robots-nocontent sd-block sd-social sd-social-icon-text sd-sharing\"><h3 class=\"sd-title\">Teilen mit:<\/h3><div class=\"sd-content\"><ul><li class=\"share-email\"><a rel=\"nofollow noopener noreferrer\" data-shared=\"\" class=\"share-email sd-button share-icon\" href=\"http:\/\/www.dannwollenwirmal.de\/?p=1184&amp;share=email\" target=\"_blank\" title=\"Klick, um dies einem Freund per E-Mail zu senden\"><span>E-Mail<\/span><\/a><\/li><li class=\"share-print\"><a rel=\"nofollow noopener noreferrer\" data-shared=\"\" class=\"share-print sd-button share-icon\" href=\"http:\/\/www.dannwollenwirmal.de\/?p=1184\" target=\"_blank\" title=\"Klicken zum Ausdrucken\"><span>Drucken<\/span><\/a><\/li><li class=\"share-facebook\"><a rel=\"nofollow noopener noreferrer\" data-shared=\"sharing-facebook-1184\" class=\"share-facebook sd-button share-icon\" href=\"http:\/\/www.dannwollenwirmal.de\/?p=1184&amp;share=facebook\" target=\"_blank\" title=\"Klick, um auf Facebook zu teilen\"><span>Facebook<\/span><\/a><\/li><li class=\"share-twitter\"><a rel=\"nofollow noopener noreferrer\" data-shared=\"sharing-twitter-1184\" class=\"share-twitter sd-button share-icon\" href=\"http:\/\/www.dannwollenwirmal.de\/?p=1184&amp;share=twitter\" target=\"_blank\" title=\"Klick, um \u00fcber Twitter zu teilen\"><span>Twitter<\/span><\/a><\/li><li class=\"share-pinterest\"><a rel=\"nofollow noopener noreferrer\" data-shared=\"sharing-pinterest-1184\" class=\"share-pinterest sd-button share-icon\" href=\"http:\/\/www.dannwollenwirmal.de\/?p=1184&amp;share=pinterest\" target=\"_blank\" title=\"Klick, um auf Pinterest zu teilen\"><span>Pinterest<\/span><\/a><\/li><li class=\"share-linkedin\"><a rel=\"nofollow noopener noreferrer\" data-shared=\"sharing-linkedin-1184\" class=\"share-linkedin sd-button share-icon\" href=\"http:\/\/www.dannwollenwirmal.de\/?p=1184&amp;share=linkedin\" target=\"_blank\" title=\"Klick, um auf LinkedIn zu teilen\"><span>LinkedIn<\/span><\/a><\/li><li class=\"share-end\"><\/li><\/ul><\/div><\/div><\/div>","protected":false},"excerpt":{"rendered":"<p>W\u00e4hrend ich noch halb in der Schockstarre wegen des Suchbegriffs &#8222;kann mann eine l\u00fcsterklemme so gut isolieren das man sie einputzen kann&#8220;* verharre, fiel mir auf, dass es Suchbegriffe gibt, die seit Monaten Jahren immer wieder kommen und die die Heimwerkerherzen offenbar nicht loslassen. Eine Top-10-Auswahl davon m\u00f6chte ich diese Woche mal kompakt, und so [&hellip;]<\/p>\n<div class=\"sharedaddy sd-sharing-enabled\"><div class=\"robots-nocontent sd-block sd-social sd-social-icon-text sd-sharing\"><h3 class=\"sd-title\">Teilen mit:<\/h3><div class=\"sd-content\"><ul><li class=\"share-email\"><a rel=\"nofollow noopener noreferrer\" data-shared=\"\" class=\"share-email sd-button share-icon\" href=\"http:\/\/www.dannwollenwirmal.de\/?p=1184&amp;share=email\" target=\"_blank\" title=\"Klick, um dies einem Freund per E-Mail zu senden\"><span>E-Mail<\/span><\/a><\/li><li class=\"share-print\"><a rel=\"nofollow noopener noreferrer\" data-shared=\"\" class=\"share-print sd-button share-icon\" href=\"http:\/\/www.dannwollenwirmal.de\/?p=1184\" target=\"_blank\" title=\"Klicken zum Ausdrucken\"><span>Drucken<\/span><\/a><\/li><li class=\"share-facebook\"><a rel=\"nofollow noopener noreferrer\" data-shared=\"sharing-facebook-1184\" class=\"share-facebook sd-button share-icon\" href=\"http:\/\/www.dannwollenwirmal.de\/?p=1184&amp;share=facebook\" target=\"_blank\" title=\"Klick, um auf Facebook zu teilen\"><span>Facebook<\/span><\/a><\/li><li class=\"share-twitter\"><a rel=\"nofollow noopener noreferrer\" data-shared=\"sharing-twitter-1184\" class=\"share-twitter sd-button share-icon\" href=\"http:\/\/www.dannwollenwirmal.de\/?p=1184&amp;share=twitter\" target=\"_blank\" title=\"Klick, um \u00fcber Twitter zu teilen\"><span>Twitter<\/span><\/a><\/li><li class=\"share-pinterest\"><a rel=\"nofollow noopener noreferrer\" data-shared=\"sharing-pinterest-1184\" class=\"share-pinterest sd-button share-icon\" href=\"http:\/\/www.dannwollenwirmal.de\/?p=1184&amp;share=pinterest\" target=\"_blank\" title=\"Klick, um auf Pinterest zu teilen\"><span>Pinterest<\/span><\/a><\/li><li class=\"share-linkedin\"><a rel=\"nofollow noopener noreferrer\" data-shared=\"sharing-linkedin-1184\" class=\"share-linkedin sd-button share-icon\" href=\"http:\/\/www.dannwollenwirmal.de\/?p=1184&amp;share=linkedin\" target=\"_blank\" title=\"Klick, um auf LinkedIn zu teilen\"><span>LinkedIn<\/span><\/a><\/li><li class=\"share-end\"><\/li><\/ul><\/div><\/div><\/div>","protected":false},"author":1,"featured_media":0,"comment_status":"open","ping_status":"open","sticky":false,"template":"","format":"standard","meta":{"advanced_seo_description":"","spay_email":"","jetpack_publicize_message":"","jetpack_is_tweetstorm":false,"jetpack_publicize_feature_enabled":true},"categories":[1,35,26],"tags":[293,156],"jetpack_featured_media_url":"","jetpack_publicize_connections":[],"jetpack_shortlink":"https:\/\/wp.me\/p3WtlO-j6","jetpack_sharing_enabled":true,"jetpack-related-posts":[{"id":2079,"url":"http:\/\/www.dannwollenwirmal.de\/?p=2079","url_meta":{"origin":1184,"position":0},"title":"U-40-Party","date":"5. November 2017","format":false,"excerpt":"W\u00e4hrend wir letzte Woche noch die Vorarbeiten zum Dachschr\u00e4gen-Ausbau betrachtet haben (bekannterma\u00dfen macht die Arbeit, die man hinterher\u00a0nicht sieht, ja den L\u00f6wenanteil aus), geht es diese Woche nahtlos weiter und wir best\u00fccken Dachschr\u00e4ge und Decke mit Profilen und Gipskartonplatten. Zur Erinnerung: Das Ganze in Ausf\u00fchrlich hatten wir 2014 hier im\u2026","rel":"","context":"In &quot;Allgemein&quot;","img":{"alt_text":"","src":"https:\/\/i2.wp.com\/www.dannwollenwirmal.de\/wp-content\/uploads\/2017\/11\/IMG_5860.jpg?resize=350%2C200","width":350,"height":200},"classes":[]},{"id":426,"url":"http:\/\/www.dannwollenwirmal.de\/?p=426","url_meta":{"origin":1184,"position":1},"title":"Gl\u00fchbirnebirnebirne!","date":"16. April 2014","format":false,"excerpt":"Lieber Leser, da wir ja neulich gemeinsam \u00fcber verschiedene Deckeneinbaustrahler sinniert und zusammen das Drehbuch zum Deckeneinbauthriller durchlebt haben kommt jetzt hier, etwas Off-Topic aber daf\u00fcr sowas von lebensnah, der Tip f\u00fcr die Dimensionierung von LED-Strahlern: Gl\u00fchbirnen-Watt mal 10 gleich Lumen der LED! Nicht verstanden? Wenn man fr\u00fcher eine 40W-Gl\u00fchbirne\u2026","rel":"","context":"In &quot;Allgemein&quot;","img":{"alt_text":"Drempel","src":"https:\/\/i1.wp.com\/www.dannwollenwirmal.de\/wp-content\/uploads\/2014\/04\/drempel4.jpeg?resize=350%2C200","width":350,"height":200},"classes":[]},{"id":2150,"url":"http:\/\/www.dannwollenwirmal.de\/?p=2150","url_meta":{"origin":1184,"position":2},"title":"dannwollenwirmal sucht den Spachtelk\u00f6nig","date":"14. Januar 2018","format":false,"excerpt":"Letzte Woche habe ich ja noch mal ausf\u00fchrlich gezeigt, wie man eine Decke mit Metall-Unterkonstruktion abh\u00e4ngen kann. Das bietet sich f\u00fcr alle F\u00e4lle an, wo die neue Decke, sagen wir mal, mehr als 10-15 cm tiefer als die alte Decke soll. Will man knapper unter die Rohdecke gehen, macht man\u2026","rel":"","context":"In &quot;Allgemein&quot;","img":{"alt_text":"","src":"https:\/\/i0.wp.com\/www.dannwollenwirmal.de\/wp-content\/uploads\/2018\/01\/IMG_6021-e1515854180881.jpg?resize=350%2C200","width":350,"height":200},"classes":[]},{"id":633,"url":"http:\/\/www.dannwollenwirmal.de\/?p=633","url_meta":{"origin":1184,"position":3},"title":"Gest\u00e4ndnisse eines Schaumschl\u00e4gers","date":"9. November 2014","format":false,"excerpt":"Das \"Grobe\" ist tats\u00e4chlich geschafft und ich kann das Kapitel \"Beplanken\" nun erstmal zu den Akten legen. Den Drempel der S\u00fcdseite habe ich als letzte Etappe fertiggestellt; an der Westseite mit dem gro\u00dfen Dachfenster gibt es ja keinen Drempel und die Dachschr\u00e4ge geht bis zum Boden. Das Sch\u00f6nste aber war\u2026","rel":"","context":"In &quot;Allgemein&quot;","img":{"alt_text":"","src":"https:\/\/i2.wp.com\/www.dannwollenwirmal.de\/wp-content\/uploads\/2014\/11\/IMG_3009.jpg?resize=350%2C200","width":350,"height":200},"classes":[]},{"id":622,"url":"http:\/\/www.dannwollenwirmal.de\/?p=622","url_meta":{"origin":1184,"position":4},"title":"Immer \u00c4rger mit dem Erker","date":"26. Oktober 2014","format":false,"excerpt":"Nachdem das halbst\u00fcndige Zucken der rechten Gesichtsh\u00e4lfte nach Lesen des Suchbegriffs \"Streichrauhfaser direkt auf Fliesen\" nachgelassen hatte, lege ich meine Blogstatistiken zur Seite und berichte \u00fcber das Fortkommen auf dem Dachboden der Tr\u00e4ume, den wir alle so ins Herz geschlossen haben. Zun\u00e4chst mal habe ich einiges an Emp\u00f6rung durch den\u2026","rel":"","context":"In &quot;Allgemein&quot;","img":{"alt_text":"","src":"https:\/\/i2.wp.com\/www.dannwollenwirmal.de\/wp-content\/uploads\/2014\/10\/erkF1.jpg?resize=350%2C200","width":350,"height":200},"classes":[]},{"id":657,"url":"http:\/\/www.dannwollenwirmal.de\/?p=657","url_meta":{"origin":1184,"position":5},"title":"Die kleine Spachtelschule, Teil II","date":"23. November 2014","format":false,"excerpt":"Die Ereignisse \u00fcberschlagen sich im Moment und tats\u00e4chlich ist es - glaube ich - das erste mal, dass der Blog hinterherhinkt, also dass ich schneller arbeite als schreibe. Denn w\u00e4hrend ich bereits mit dem Reibeputz angefangen habe (mit dem ich hochzufrieden bin, aber dazu dann demn\u00e4chst mehr), schulde ich der\u2026","rel":"","context":"In &quot;Projekt: Spachtelschule&quot;","img":{"alt_text":"","src":"https:\/\/i1.wp.com\/www.dannwollenwirmal.de\/wp-content\/uploads\/2014\/11\/Drempel2.jpg?resize=350%2C200","width":350,"height":200},"classes":[]}],"_links":{"self":[{"href":"http:\/\/www.dannwollenwirmal.de\/index.php?rest_route=\/wp\/v2\/posts\/1184"}],"collection":[{"href":"http:\/\/www.dannwollenwirmal.de\/index.php?rest_route=\/wp\/v2\/posts"}],"about":[{"href":"http:\/\/www.dannwollenwirmal.de\/index.php?rest_route=\/wp\/v2\/types\/post"}],"author":[{"embeddable":true,"href":"http:\/\/www.dannwollenwirmal.de\/index.php?rest_route=\/wp\/v2\/users\/1"}],"replies":[{"embeddable":true,"href":"http:\/\/www.dannwollenwirmal.de\/index.php?rest_route=%2Fwp%2Fv2%2Fcomments&post=1184"}],"version-history":[{"count":4,"href":"http:\/\/www.dannwollenwirmal.de\/index.php?rest_route=\/wp\/v2\/posts\/1184\/revisions"}],"predecessor-version":[{"id":1188,"href":"http:\/\/www.dannwollenwirmal.de\/index.php?rest_route=\/wp\/v2\/posts\/1184\/revisions\/1188"}],"wp:attachment":[{"href":"http:\/\/www.dannwollenwirmal.de\/index.php?rest_route=%2Fwp%2Fv2%2Fmedia&parent=1184"}],"wp:term":[{"taxonomy":"category","embeddable":true,"href":"http:\/\/www.dannwollenwirmal.de\/index.php?rest_route=%2Fwp%2Fv2%2Fcategories&post=1184"},{"taxonomy":"post_tag","embeddable":true,"href":"http:\/\/www.dannwollenwirmal.de\/index.php?rest_route=%2Fwp%2Fv2%2Ftags&post=1184"}],"curies":[{"name":"wp","href":"https:\/\/api.w.org\/{rel}","templated":true}]}}