{"id":1150,"date":"2015-10-25T11:59:47","date_gmt":"2015-10-25T10:59:47","guid":{"rendered":"http:\/\/www.dannwollenwirmal.de\/?p=1150"},"modified":"2016-01-15T20:00:59","modified_gmt":"2016-01-15T19:00:59","slug":"das-zwei-wochen-bad-teil-1","status":"publish","type":"post","link":"http:\/\/www.dannwollenwirmal.de\/?p=1150","title":{"rendered":"Das zwei-Wochen-Bad, Teil 1"},"content":{"rendered":"<p>Das Sch\u00f6ne an meinen drei bis vier Bad-Umbauten pro Jahr ist ja, dass es jedes mal etwas Neues ist, weil immer irgendwelche Besonderheiten lauern (ist das wirklich das Sch\u00f6ne? Hmmm&#8230;) Bei meinem jetzigen Projekt, das ich Anfang dieser Woche begonnen habe, gibt es gleich zwei Besonderheiten: Erstens muss der gesamte Umbau in etwa zwei Wochen fertig sein, und zwei Wochen f\u00fcr eine komplette Entkernung und Wiederaufbau ist schon recht sportlich und ambitioniert f\u00fcr mich alleine plus Sanit\u00e4ronkel (wortw\u00f6rtlich Onkel \ud83d\ude42\u00a0 ). Die zweite Besonderheit: es handelt sich um ein H\u00e4uschen in St\u00e4nderwerk-Bauweise, sprich die Bodenplatte ist massiv, aber die W\u00e4nde aus Holz mit aufgenagelten Gipsplatten. Man muss hier also einerseits etwas behutsamer ans Werk gehen, andererseits erwiesen sich die bestehenden Fliesen und Platten doch als recht widerstandsf\u00e4hig. Doch eins nach dem anderen, hier zun\u00e4chst klassischerweise die &#8222;Vorher&#8220;-Bilder:<\/p>\n<p><a href=\"https:\/\/i0.wp.com\/www.dannwollenwirmal.de\/wp-content\/uploads\/2015\/10\/IMG_3777.jpg\"><img data-attachment-id=\"1151\" data-permalink=\"http:\/\/www.dannwollenwirmal.de\/?attachment_id=1151#main\" data-orig-file=\"https:\/\/i0.wp.com\/www.dannwollenwirmal.de\/wp-content\/uploads\/2015\/10\/IMG_3777.jpg?fit=652%2C652\" data-orig-size=\"652,652\" data-comments-opened=\"1\" data-image-meta=\"{&quot;aperture&quot;:&quot;2.2&quot;,&quot;credit&quot;:&quot;&quot;,&quot;camera&quot;:&quot;iPhone 6&quot;,&quot;caption&quot;:&quot;&quot;,&quot;created_timestamp&quot;:&quot;1445245125&quot;,&quot;copyright&quot;:&quot;&quot;,&quot;focal_length&quot;:&quot;4.15&quot;,&quot;iso&quot;:&quot;100&quot;,&quot;shutter_speed&quot;:&quot;0.03030303030303&quot;,&quot;title&quot;:&quot;&quot;,&quot;orientation&quot;:&quot;1&quot;}\" data-image-title=\"IMG_3777\" data-image-description=\"&lt;p&gt;Bad vorher&lt;\/p&gt;\n\" data-image-caption=\"\" data-medium-file=\"https:\/\/i0.wp.com\/www.dannwollenwirmal.de\/wp-content\/uploads\/2015\/10\/IMG_3777.jpg?fit=300%2C300\" data-large-file=\"https:\/\/i0.wp.com\/www.dannwollenwirmal.de\/wp-content\/uploads\/2015\/10\/IMG_3777.jpg?fit=652%2C652\" loading=\"lazy\" class=\"alignnone size-full wp-image-1151\" src=\"https:\/\/i0.wp.com\/www.dannwollenwirmal.de\/wp-content\/uploads\/2015\/10\/IMG_3777.jpg?resize=652%2C652\" alt=\"IMG_3777\" width=\"652\" height=\"652\" srcset=\"https:\/\/i0.wp.com\/www.dannwollenwirmal.de\/wp-content\/uploads\/2015\/10\/IMG_3777.jpg?w=652 652w, https:\/\/i0.wp.com\/www.dannwollenwirmal.de\/wp-content\/uploads\/2015\/10\/IMG_3777.jpg?resize=150%2C150 150w, https:\/\/i0.wp.com\/www.dannwollenwirmal.de\/wp-content\/uploads\/2015\/10\/IMG_3777.jpg?resize=300%2C300 300w\" sizes=\"(max-width: 652px) 100vw, 652px\" data-recalc-dims=\"1\" \/><\/a><br \/>\n<em>vorher hier&#8230;<\/em><\/p>\n<p><a href=\"https:\/\/i1.wp.com\/www.dannwollenwirmal.de\/wp-content\/uploads\/2015\/10\/IMG_3778.jpg\"><img data-attachment-id=\"1152\" data-permalink=\"http:\/\/www.dannwollenwirmal.de\/?attachment_id=1152#main\" data-orig-file=\"https:\/\/i1.wp.com\/www.dannwollenwirmal.de\/wp-content\/uploads\/2015\/10\/IMG_3778.jpg?fit=652%2C652\" data-orig-size=\"652,652\" data-comments-opened=\"1\" data-image-meta=\"{&quot;aperture&quot;:&quot;2.2&quot;,&quot;credit&quot;:&quot;&quot;,&quot;camera&quot;:&quot;iPhone 6&quot;,&quot;caption&quot;:&quot;&quot;,&quot;created_timestamp&quot;:&quot;1445245128&quot;,&quot;copyright&quot;:&quot;&quot;,&quot;focal_length&quot;:&quot;4.15&quot;,&quot;iso&quot;:&quot;100&quot;,&quot;shutter_speed&quot;:&quot;0.03030303030303&quot;,&quot;title&quot;:&quot;&quot;,&quot;orientation&quot;:&quot;1&quot;}\" data-image-title=\"IMG_3778\" data-image-description=\"&lt;p&gt;Bad vorher&lt;\/p&gt;\n\" data-image-caption=\"\" data-medium-file=\"https:\/\/i1.wp.com\/www.dannwollenwirmal.de\/wp-content\/uploads\/2015\/10\/IMG_3778.jpg?fit=300%2C300\" data-large-file=\"https:\/\/i1.wp.com\/www.dannwollenwirmal.de\/wp-content\/uploads\/2015\/10\/IMG_3778.jpg?fit=652%2C652\" loading=\"lazy\" class=\"alignnone size-full wp-image-1152\" src=\"https:\/\/i1.wp.com\/www.dannwollenwirmal.de\/wp-content\/uploads\/2015\/10\/IMG_3778.jpg?resize=652%2C652\" alt=\"IMG_3778\" width=\"652\" height=\"652\" srcset=\"https:\/\/i1.wp.com\/www.dannwollenwirmal.de\/wp-content\/uploads\/2015\/10\/IMG_3778.jpg?w=652 652w, https:\/\/i1.wp.com\/www.dannwollenwirmal.de\/wp-content\/uploads\/2015\/10\/IMG_3778.jpg?resize=150%2C150 150w, https:\/\/i1.wp.com\/www.dannwollenwirmal.de\/wp-content\/uploads\/2015\/10\/IMG_3778.jpg?resize=300%2C300 300w\" sizes=\"(max-width: 652px) 100vw, 652px\" data-recalc-dims=\"1\" \/><\/a><br \/>\n<em>&#8230;vorher da<\/em><\/p>\n<p>Die W\u00e4nde bestanden aus 20mm-Gipskartonplatten, darauf waren die Fliesen geklebt. Im Grunde ist es kaum m\u00f6glich, Fliesen von Gipskarton zu entfernen, ohne die Oberfl\u00e4che der GK-Platte zu zerst\u00f6ren. Selbst wenn man nur leicht den Karton besch\u00e4digt oder hier und da mit dem Bohrhammer etwas hinter die Fliesen stemmt, ist die Platte dann hin und sollte im Grunde gleich mitgetauscht werden. Nach 40 Jahren, die die Wand und auch die dahinterliegende (Schall)d\u00e4mmung nun auf dem Buckel hat, darf man das auch mal austauschen. Also habe ich gar nicht lange probiert, die Fliesen einzeln abzukl\u00f6ppeln, sondern habe die W\u00e4nde gro\u00dfz\u00fcgig entfernt.<\/p>\n<p>Bei der Wand auf den Bildern wurde noch Holz eingebaut, so dass ich mit dem Bohrhammer einen kleinen Streifen in die Fliesen gestemmt und dann per Handkreiss\u00e4ge Segment f\u00fcr Segment abgebaut habe:<\/p>\n<p><a href=\"https:\/\/i0.wp.com\/www.dannwollenwirmal.de\/wp-content\/uploads\/2015\/10\/IMG_3781.jpg\"><img data-attachment-id=\"1153\" data-permalink=\"http:\/\/www.dannwollenwirmal.de\/?attachment_id=1153#main\" data-orig-file=\"https:\/\/i0.wp.com\/www.dannwollenwirmal.de\/wp-content\/uploads\/2015\/10\/IMG_3781.jpg?fit=652%2C652\" data-orig-size=\"652,652\" data-comments-opened=\"1\" data-image-meta=\"{&quot;aperture&quot;:&quot;2.2&quot;,&quot;credit&quot;:&quot;&quot;,&quot;camera&quot;:&quot;iPhone 6&quot;,&quot;caption&quot;:&quot;&quot;,&quot;created_timestamp&quot;:&quot;1445249827&quot;,&quot;copyright&quot;:&quot;&quot;,&quot;focal_length&quot;:&quot;4.15&quot;,&quot;iso&quot;:&quot;125&quot;,&quot;shutter_speed&quot;:&quot;0.033333333333333&quot;,&quot;title&quot;:&quot;&quot;,&quot;orientation&quot;:&quot;1&quot;}\" data-image-title=\"IMG_3781\" data-image-description=\"&lt;p&gt;Fliesen Demontage&lt;\/p&gt;\n\" data-image-caption=\"\" data-medium-file=\"https:\/\/i0.wp.com\/www.dannwollenwirmal.de\/wp-content\/uploads\/2015\/10\/IMG_3781.jpg?fit=300%2C300\" data-large-file=\"https:\/\/i0.wp.com\/www.dannwollenwirmal.de\/wp-content\/uploads\/2015\/10\/IMG_3781.jpg?fit=652%2C652\" loading=\"lazy\" class=\"alignnone size-full wp-image-1153\" src=\"https:\/\/i0.wp.com\/www.dannwollenwirmal.de\/wp-content\/uploads\/2015\/10\/IMG_3781.jpg?resize=652%2C652\" alt=\"IMG_3781\" width=\"652\" height=\"652\" srcset=\"https:\/\/i0.wp.com\/www.dannwollenwirmal.de\/wp-content\/uploads\/2015\/10\/IMG_3781.jpg?w=652 652w, https:\/\/i0.wp.com\/www.dannwollenwirmal.de\/wp-content\/uploads\/2015\/10\/IMG_3781.jpg?resize=150%2C150 150w, https:\/\/i0.wp.com\/www.dannwollenwirmal.de\/wp-content\/uploads\/2015\/10\/IMG_3781.jpg?resize=300%2C300 300w\" sizes=\"(max-width: 652px) 100vw, 652px\" data-recalc-dims=\"1\" \/><\/a><br \/>\n<em>St\u00fcck f\u00fcr St\u00fcck!<\/em><\/p>\n<p>Die Eintauchtiefe der Handkreiss\u00e4ge kann man einstellen, so dass sie nicht zu tief eindringt:<\/p>\n<p><a href=\"https:\/\/i2.wp.com\/www.dannwollenwirmal.de\/wp-content\/uploads\/2015\/10\/IMG_3780.jpg\"><img data-attachment-id=\"1156\" data-permalink=\"http:\/\/www.dannwollenwirmal.de\/?attachment_id=1156#main\" data-orig-file=\"https:\/\/i2.wp.com\/www.dannwollenwirmal.de\/wp-content\/uploads\/2015\/10\/IMG_3780.jpg?fit=652%2C652\" data-orig-size=\"652,652\" data-comments-opened=\"1\" data-image-meta=\"{&quot;aperture&quot;:&quot;2.2&quot;,&quot;credit&quot;:&quot;&quot;,&quot;camera&quot;:&quot;iPhone 6&quot;,&quot;caption&quot;:&quot;&quot;,&quot;created_timestamp&quot;:&quot;1445249823&quot;,&quot;copyright&quot;:&quot;&quot;,&quot;focal_length&quot;:&quot;4.15&quot;,&quot;iso&quot;:&quot;500&quot;,&quot;shutter_speed&quot;:&quot;0.066666666666667&quot;,&quot;title&quot;:&quot;&quot;,&quot;orientation&quot;:&quot;1&quot;}\" data-image-title=\"IMG_3780\" data-image-description=\"&lt;p&gt;Eintauchtiefe einstellen&lt;\/p&gt;\n\" data-image-caption=\"\" data-medium-file=\"https:\/\/i2.wp.com\/www.dannwollenwirmal.de\/wp-content\/uploads\/2015\/10\/IMG_3780.jpg?fit=300%2C300\" data-large-file=\"https:\/\/i2.wp.com\/www.dannwollenwirmal.de\/wp-content\/uploads\/2015\/10\/IMG_3780.jpg?fit=652%2C652\" loading=\"lazy\" class=\"alignnone size-full wp-image-1156\" src=\"https:\/\/i2.wp.com\/www.dannwollenwirmal.de\/wp-content\/uploads\/2015\/10\/IMG_3780.jpg?resize=652%2C652\" alt=\"IMG_3780\" width=\"652\" height=\"652\" srcset=\"https:\/\/i2.wp.com\/www.dannwollenwirmal.de\/wp-content\/uploads\/2015\/10\/IMG_3780.jpg?w=652 652w, https:\/\/i2.wp.com\/www.dannwollenwirmal.de\/wp-content\/uploads\/2015\/10\/IMG_3780.jpg?resize=150%2C150 150w, https:\/\/i2.wp.com\/www.dannwollenwirmal.de\/wp-content\/uploads\/2015\/10\/IMG_3780.jpg?resize=300%2C300 300w\" sizes=\"(max-width: 652px) 100vw, 652px\" data-recalc-dims=\"1\" \/><\/a><br \/>\n<em>Eintauchtiefe einstellen!<\/em><\/p>\n<p>Bei zwei W\u00e4nden war Gipskarton auf die Holzsteher genagelt, bei der Au\u00dfenwand eine noch etwas st\u00e4rkere Gipsfaserplatte; alles \u00e4u\u00dferst hartn\u00e4ckig und mit vielen tausend N\u00e4geln, dadurch zwar stabil gebaut aber auch m\u00fchsam zu entfernen. Am Boden war ein Trockenestrich, der sich mit den aufgeklebten Fliesen ebenfalls als recht z\u00e4h erwiesen hat. Zusammen hat die Entkernung statt des \u00fcblichen einen Tages dadurch nun knapp zwei Tage gedauert.<\/p>\n<p><a href=\"https:\/\/i2.wp.com\/www.dannwollenwirmal.de\/wp-content\/uploads\/2015\/10\/IMG_3787.jpg\"><img data-attachment-id=\"1154\" data-permalink=\"http:\/\/www.dannwollenwirmal.de\/?attachment_id=1154#main\" data-orig-file=\"https:\/\/i2.wp.com\/www.dannwollenwirmal.de\/wp-content\/uploads\/2015\/10\/IMG_3787.jpg?fit=652%2C652\" data-orig-size=\"652,652\" data-comments-opened=\"1\" data-image-meta=\"{&quot;aperture&quot;:&quot;2.2&quot;,&quot;credit&quot;:&quot;&quot;,&quot;camera&quot;:&quot;iPhone 6&quot;,&quot;caption&quot;:&quot;&quot;,&quot;created_timestamp&quot;:&quot;1445425000&quot;,&quot;copyright&quot;:&quot;&quot;,&quot;focal_length&quot;:&quot;4.15&quot;,&quot;iso&quot;:&quot;200&quot;,&quot;shutter_speed&quot;:&quot;0.033333333333333&quot;,&quot;title&quot;:&quot;&quot;,&quot;orientation&quot;:&quot;1&quot;}\" data-image-title=\"IMG_3787\" data-image-description=\"&lt;p&gt;Holzst\u00e4nder Balken versetzen&lt;\/p&gt;\n\" data-image-caption=\"\" data-medium-file=\"https:\/\/i2.wp.com\/www.dannwollenwirmal.de\/wp-content\/uploads\/2015\/10\/IMG_3787.jpg?fit=300%2C300\" data-large-file=\"https:\/\/i2.wp.com\/www.dannwollenwirmal.de\/wp-content\/uploads\/2015\/10\/IMG_3787.jpg?fit=652%2C652\" loading=\"lazy\" class=\"alignnone size-full wp-image-1154\" src=\"https:\/\/i2.wp.com\/www.dannwollenwirmal.de\/wp-content\/uploads\/2015\/10\/IMG_3787.jpg?resize=652%2C652\" alt=\"IMG_3787\" width=\"652\" height=\"652\" srcset=\"https:\/\/i2.wp.com\/www.dannwollenwirmal.de\/wp-content\/uploads\/2015\/10\/IMG_3787.jpg?w=652 652w, https:\/\/i2.wp.com\/www.dannwollenwirmal.de\/wp-content\/uploads\/2015\/10\/IMG_3787.jpg?resize=150%2C150 150w, https:\/\/i2.wp.com\/www.dannwollenwirmal.de\/wp-content\/uploads\/2015\/10\/IMG_3787.jpg?resize=300%2C300 300w\" sizes=\"(max-width: 652px) 100vw, 652px\" data-recalc-dims=\"1\" \/><\/a><br \/>\n<em>Der muss weg!<\/em><\/p>\n<p>Als kleines Schmankerl an Tag zwei musste der oben im Bild zu sehende Eckbalken der St\u00e4nderwand versetzt werden, da sonst die Dusche zu schmal geraten w\u00e4re. Hier hat mir meine Tigers\u00e4ge wiede gro\u00dfartige Dienste geleistet; ich benutze sie tats\u00e4chlich fast jeden (Bau)Tag und wei\u00df gar nicht, wie ich fr\u00fcher ohne ausgekommen bin? Mit dem langen Metalls\u00e4geblatt arbeitete sich das Ger\u00e4t, hinter dem Holz gef\u00fchrt, durch alle Klammern und N\u00e4gel, bis der Balken schlie\u00dflich freigelegt war und weiter rechts wieder eingebaut werden konnte.<\/p>\n<p><a href=\"https:\/\/i0.wp.com\/www.dannwollenwirmal.de\/wp-content\/uploads\/2015\/10\/IMG_3788.jpg\"><img data-attachment-id=\"1155\" data-permalink=\"http:\/\/www.dannwollenwirmal.de\/?attachment_id=1155#main\" data-orig-file=\"https:\/\/i0.wp.com\/www.dannwollenwirmal.de\/wp-content\/uploads\/2015\/10\/IMG_3788.jpg?fit=652%2C652\" data-orig-size=\"652,652\" data-comments-opened=\"1\" data-image-meta=\"{&quot;aperture&quot;:&quot;2.2&quot;,&quot;credit&quot;:&quot;&quot;,&quot;camera&quot;:&quot;iPhone 6&quot;,&quot;caption&quot;:&quot;&quot;,&quot;created_timestamp&quot;:&quot;1445425460&quot;,&quot;copyright&quot;:&quot;&quot;,&quot;focal_length&quot;:&quot;4.15&quot;,&quot;iso&quot;:&quot;400&quot;,&quot;shutter_speed&quot;:&quot;0.066666666666667&quot;,&quot;title&quot;:&quot;&quot;,&quot;orientation&quot;:&quot;1&quot;}\" data-image-title=\"IMG_3788\" data-image-description=\"&lt;p&gt;Tigers\u00e4ge&lt;\/p&gt;\n\" data-image-caption=\"\" data-medium-file=\"https:\/\/i0.wp.com\/www.dannwollenwirmal.de\/wp-content\/uploads\/2015\/10\/IMG_3788.jpg?fit=300%2C300\" data-large-file=\"https:\/\/i0.wp.com\/www.dannwollenwirmal.de\/wp-content\/uploads\/2015\/10\/IMG_3788.jpg?fit=652%2C652\" loading=\"lazy\" class=\"alignnone size-full wp-image-1155\" src=\"https:\/\/i0.wp.com\/www.dannwollenwirmal.de\/wp-content\/uploads\/2015\/10\/IMG_3788.jpg?resize=652%2C652\" alt=\"IMG_3788\" width=\"652\" height=\"652\" srcset=\"https:\/\/i0.wp.com\/www.dannwollenwirmal.de\/wp-content\/uploads\/2015\/10\/IMG_3788.jpg?w=652 652w, https:\/\/i0.wp.com\/www.dannwollenwirmal.de\/wp-content\/uploads\/2015\/10\/IMG_3788.jpg?resize=150%2C150 150w, https:\/\/i0.wp.com\/www.dannwollenwirmal.de\/wp-content\/uploads\/2015\/10\/IMG_3788.jpg?resize=300%2C300 300w\" sizes=\"(max-width: 652px) 100vw, 652px\" data-recalc-dims=\"1\" \/><\/a><br \/>\n<em>Der Tiger!<\/em><\/p>\n<p>Ab Tag drei, das Bad ist komplett bis auf Holzst\u00e4nderwerk und Betondecke entkernt, ging es nun an den Wiederaufbau!<\/p>\n<p>Was ist der Plan? Tine Wittler, erz\u00e4hlt mal.<\/p>\n<p>Die Schalld\u00e4mmung wird komplett erneuert und alle W\u00e4nde mit zwei mal 12,5mm-Gipskarton (I f\u00fcr impr\u00e4gniert) beplankt. Genutzt wird hier allerdings das vorhandene Holz-St\u00e4nderwerk, um den Raum nicht noch kleiner zu machen. Die beiden Lagen werden fugenversetzt angebracht, gespachtelt, grundiert und damit f\u00fcrs Fliesen vorbereitet. An die W\u00e4nde kommen vertikale Streifen aus Mosaik und wei\u00dfe Wandfliesen im Format 90x50cm. F\u00fcr die gro\u00dfen Biester musste ich mir erstmal einen Fliesenschneider ausleihen, meiner geht nur bis 60!<\/p>\n<p>Die Decke wird mit Metallprofilen etwa 5cm abgeh\u00e4ngt (CD-Profile mit Direktabh\u00e4ngern) und mit 12,5mm Gipskarton BPI (=BauPlatteImpr\u00e4gniert) beplankt. Dann gespachtelt, grundiert und mit Reibeputz 1,5mm K\u00f6rnung versehen. Schlie\u00dflich werden noch LED-Deckenspots eingebaut.<\/p>\n<p>F\u00fcr den Boden haben wir uns, analog zum Rest des Hauses, f\u00fcr eine Trockenestrichl\u00f6sung entschieden, unter den eine Fu\u00dfbodenheizung eingebaut wird. Dann wird ebenfalls grundiert und schlie\u00dflich gefliest, dunkle Bodenfliesen im Format 90 x 45cm.<\/p>\n<p>Sanit\u00e4rm\u00e4\u00dfig werden s\u00e4mtliche Leitungen erneuert; der Toilettenkasten kann (bis auf 4 cm) komplett in die vorhandene St\u00e4nderwand eingebaut werden. Die \u00fcbrigen Leitungen f\u00fcr den Waschtisch verschwinden ebenfalls in der Wand. Links in der Ecke wird eine bodengleiche Dusche gebaut; hier benutzen wir ein Duschboard mit mittigem Ablauf, das in den Trockenestrich eingelassen wird. Verarbeitet wird hier sp\u00e4ter auch eine Familienpackung Sopro Fl\u00e4chendicht.<\/p>\n<p>Man sieht also: viel Arbeit f\u00fcr zwei Wochen! Aber die H\u00e4lfte ist ja schon geschafft \ud83d\ude09<\/p>\n<p><a href=\"https:\/\/i2.wp.com\/www.dannwollenwirmal.de\/wp-content\/uploads\/2015\/10\/IMG_3789.jpg\"><img data-attachment-id=\"1158\" data-permalink=\"http:\/\/www.dannwollenwirmal.de\/?attachment_id=1158#main\" data-orig-file=\"https:\/\/i2.wp.com\/www.dannwollenwirmal.de\/wp-content\/uploads\/2015\/10\/IMG_3789.jpg?fit=652%2C652\" data-orig-size=\"652,652\" data-comments-opened=\"1\" data-image-meta=\"{&quot;aperture&quot;:&quot;2.2&quot;,&quot;credit&quot;:&quot;&quot;,&quot;camera&quot;:&quot;iPhone 6&quot;,&quot;caption&quot;:&quot;&quot;,&quot;created_timestamp&quot;:&quot;1445520441&quot;,&quot;copyright&quot;:&quot;&quot;,&quot;focal_length&quot;:&quot;4.15&quot;,&quot;iso&quot;:&quot;250&quot;,&quot;shutter_speed&quot;:&quot;0.03030303030303&quot;,&quot;title&quot;:&quot;&quot;,&quot;orientation&quot;:&quot;1&quot;}\" data-image-title=\"IMG_3789\" data-image-description=\"&lt;p&gt;Vorwand-Vorwand&lt;\/p&gt;\n\" data-image-caption=\"\" data-medium-file=\"https:\/\/i2.wp.com\/www.dannwollenwirmal.de\/wp-content\/uploads\/2015\/10\/IMG_3789.jpg?fit=300%2C300\" data-large-file=\"https:\/\/i2.wp.com\/www.dannwollenwirmal.de\/wp-content\/uploads\/2015\/10\/IMG_3789.jpg?fit=652%2C652\" loading=\"lazy\" class=\"alignnone size-full wp-image-1158\" src=\"https:\/\/i2.wp.com\/www.dannwollenwirmal.de\/wp-content\/uploads\/2015\/10\/IMG_3789.jpg?resize=652%2C652\" alt=\"IMG_3789\" width=\"652\" height=\"652\" srcset=\"https:\/\/i2.wp.com\/www.dannwollenwirmal.de\/wp-content\/uploads\/2015\/10\/IMG_3789.jpg?w=652 652w, https:\/\/i2.wp.com\/www.dannwollenwirmal.de\/wp-content\/uploads\/2015\/10\/IMG_3789.jpg?resize=150%2C150 150w, https:\/\/i2.wp.com\/www.dannwollenwirmal.de\/wp-content\/uploads\/2015\/10\/IMG_3789.jpg?resize=300%2C300 300w\" sizes=\"(max-width: 652px) 100vw, 652px\" data-recalc-dims=\"1\" \/><\/a><br \/>\n<em>Vorwand-Vorwand<\/em><br \/>\nWie erw\u00e4hnt, schaut der Sp\u00fclkasten 4cm aus der bestehenden Holz-Vorwand heraus, so dass ich davor eine schmale Vorwand mit CD-Profilen (ja, die gehen nicht nur f\u00fcr Decken) auf Direktabh\u00e4ngern montiert habe. Am Boden und an der Decke bilden UD-Profile den Abschluss, damit auch bei Tritten vor die Wand die Fliesen einen stabilen Untergrund behalten.<\/p>\n<p><a href=\"https:\/\/i2.wp.com\/www.dannwollenwirmal.de\/wp-content\/uploads\/2015\/10\/IMG_3793.jpg\"><img data-attachment-id=\"1157\" data-permalink=\"http:\/\/www.dannwollenwirmal.de\/?attachment_id=1157#main\" data-orig-file=\"https:\/\/i2.wp.com\/www.dannwollenwirmal.de\/wp-content\/uploads\/2015\/10\/IMG_3793.jpg?fit=652%2C652\" data-orig-size=\"652,652\" data-comments-opened=\"1\" data-image-meta=\"{&quot;aperture&quot;:&quot;2.2&quot;,&quot;credit&quot;:&quot;&quot;,&quot;camera&quot;:&quot;iPhone 6&quot;,&quot;caption&quot;:&quot;&quot;,&quot;created_timestamp&quot;:&quot;1445521967&quot;,&quot;copyright&quot;:&quot;&quot;,&quot;focal_length&quot;:&quot;4.15&quot;,&quot;iso&quot;:&quot;125&quot;,&quot;shutter_speed&quot;:&quot;0.033333333333333&quot;,&quot;title&quot;:&quot;&quot;,&quot;orientation&quot;:&quot;1&quot;}\" data-image-title=\"IMG_3793\" data-image-description=\"&lt;p&gt;Vorwand-Vorwand&lt;\/p&gt;\n\" data-image-caption=\"\" data-medium-file=\"https:\/\/i2.wp.com\/www.dannwollenwirmal.de\/wp-content\/uploads\/2015\/10\/IMG_3793.jpg?fit=300%2C300\" data-large-file=\"https:\/\/i2.wp.com\/www.dannwollenwirmal.de\/wp-content\/uploads\/2015\/10\/IMG_3793.jpg?fit=652%2C652\" loading=\"lazy\" class=\"alignnone size-full wp-image-1157\" src=\"https:\/\/i2.wp.com\/www.dannwollenwirmal.de\/wp-content\/uploads\/2015\/10\/IMG_3793.jpg?resize=652%2C652\" alt=\"IMG_3793\" width=\"652\" height=\"652\" srcset=\"https:\/\/i2.wp.com\/www.dannwollenwirmal.de\/wp-content\/uploads\/2015\/10\/IMG_3793.jpg?w=652 652w, https:\/\/i2.wp.com\/www.dannwollenwirmal.de\/wp-content\/uploads\/2015\/10\/IMG_3793.jpg?resize=150%2C150 150w, https:\/\/i2.wp.com\/www.dannwollenwirmal.de\/wp-content\/uploads\/2015\/10\/IMG_3793.jpg?resize=300%2C300 300w\" sizes=\"(max-width: 652px) 100vw, 652px\" data-recalc-dims=\"1\" \/><\/a><br \/>\n<em>Vorwand mit eingearbeitetem Holz<\/em><\/p>\n<p>Ich bin ja kein Freund von Holz in Badw\u00e4nden; von dem doppelten Beplanken in OSB\/Gipskarton w\u00fcrde ich eher abraten. Dennoch habe ich einige senkrechte Latten mit eingebaut, damit der schwebende Waschtisch, der Spiegel-H\u00e4ngeschrank und die Glasduschwand besseren Halt finden.<\/p>\n<p>Nach der Beplankung des Ganzen (zum Fliesen w\u00fcrde ich immer doppelt beplanken, besonders bei gro\u00dfformatigen Fliesen) war dann der Fu\u00dfboden dran. Onkel Norbert hatte liebevoll die Fu\u00dfbodenheizung verlegt:<\/p>\n<p><a href=\"https:\/\/i0.wp.com\/www.dannwollenwirmal.de\/wp-content\/uploads\/2015\/10\/IMG_3794.jpg\"><img data-attachment-id=\"1160\" data-permalink=\"http:\/\/www.dannwollenwirmal.de\/?attachment_id=1160#main\" data-orig-file=\"https:\/\/i0.wp.com\/www.dannwollenwirmal.de\/wp-content\/uploads\/2015\/10\/IMG_3794.jpg?fit=652%2C652\" data-orig-size=\"652,652\" data-comments-opened=\"1\" data-image-meta=\"{&quot;aperture&quot;:&quot;2.2&quot;,&quot;credit&quot;:&quot;&quot;,&quot;camera&quot;:&quot;iPhone 6&quot;,&quot;caption&quot;:&quot;&quot;,&quot;created_timestamp&quot;:&quot;1445681831&quot;,&quot;copyright&quot;:&quot;&quot;,&quot;focal_length&quot;:&quot;4.15&quot;,&quot;iso&quot;:&quot;100&quot;,&quot;shutter_speed&quot;:&quot;0.03030303030303&quot;,&quot;title&quot;:&quot;&quot;,&quot;orientation&quot;:&quot;1&quot;}\" data-image-title=\"IMG_3794\" data-image-description=\"&lt;p&gt;Fu\u00dfbodenheizung&lt;\/p&gt;\n\" data-image-caption=\"\" data-medium-file=\"https:\/\/i0.wp.com\/www.dannwollenwirmal.de\/wp-content\/uploads\/2015\/10\/IMG_3794.jpg?fit=300%2C300\" data-large-file=\"https:\/\/i0.wp.com\/www.dannwollenwirmal.de\/wp-content\/uploads\/2015\/10\/IMG_3794.jpg?fit=652%2C652\" loading=\"lazy\" class=\"alignnone size-full wp-image-1160\" src=\"https:\/\/i0.wp.com\/www.dannwollenwirmal.de\/wp-content\/uploads\/2015\/10\/IMG_3794.jpg?resize=652%2C652\" alt=\"IMG_3794\" width=\"652\" height=\"652\" srcset=\"https:\/\/i0.wp.com\/www.dannwollenwirmal.de\/wp-content\/uploads\/2015\/10\/IMG_3794.jpg?w=652 652w, https:\/\/i0.wp.com\/www.dannwollenwirmal.de\/wp-content\/uploads\/2015\/10\/IMG_3794.jpg?resize=150%2C150 150w, https:\/\/i0.wp.com\/www.dannwollenwirmal.de\/wp-content\/uploads\/2015\/10\/IMG_3794.jpg?resize=300%2C300 300w\" sizes=\"(max-width: 652px) 100vw, 652px\" data-recalc-dims=\"1\" \/><\/a><br \/>\n<em>FdH \u00e4\u00e4hhh FBH<\/em><\/p>\n<p>Hierbei handelt es sich um ein System der Firma <a href=\"http:\/\/www.schuetz.net\/schuetz\/media-cache\/aeae90513eac4abb85b1df8c3ea8b7cf\/fbh_trockenbauplatte_flyer_de.pdf\"><strong>Sch\u00fctz<\/strong><\/a>; in eine Tr\u00e4gerplatte aus styropor\u00e4hnlichem Hartschaumstoff wird das Heizungsrohr schlaufenf\u00f6rmig eingelegt. Die im Bild zu sehenden dunklen Streifen sind W\u00e4rmeleitbleche, die die W\u00e4rme unter den Fliesen besser verteilen. Das System funktioniert wie ein normaler Heizk\u00f6rper mit Wasser; ein Regelventil wird in die Wand eingebaut. Die Aufbauh\u00f6he betr\u00e4gt 25mm und wird dann mit einer 25mm-Fermacell-Platte (die Plattenst\u00e4rke und -Eigenschaft ist tats\u00e4chlich vom Hersteller so im System festgelegt) bedeckt. Diese werden miteinander verklebt und verschraubt:<\/p>\n<p><a href=\"https:\/\/i2.wp.com\/www.dannwollenwirmal.de\/wp-content\/uploads\/2015\/10\/IMG_3795.jpg\"><img data-attachment-id=\"1161\" data-permalink=\"http:\/\/www.dannwollenwirmal.de\/?attachment_id=1161#main\" data-orig-file=\"https:\/\/i2.wp.com\/www.dannwollenwirmal.de\/wp-content\/uploads\/2015\/10\/IMG_3795.jpg?fit=652%2C652\" data-orig-size=\"652,652\" data-comments-opened=\"1\" data-image-meta=\"{&quot;aperture&quot;:&quot;2.2&quot;,&quot;credit&quot;:&quot;&quot;,&quot;camera&quot;:&quot;iPhone 6&quot;,&quot;caption&quot;:&quot;&quot;,&quot;created_timestamp&quot;:&quot;1445684883&quot;,&quot;copyright&quot;:&quot;&quot;,&quot;focal_length&quot;:&quot;4.15&quot;,&quot;iso&quot;:&quot;50&quot;,&quot;shutter_speed&quot;:&quot;0.033333333333333&quot;,&quot;title&quot;:&quot;&quot;,&quot;orientation&quot;:&quot;1&quot;}\" data-image-title=\"IMG_3795\" data-image-description=\"&lt;p&gt;Trockenestrich&lt;\/p&gt;\n\" data-image-caption=\"\" data-medium-file=\"https:\/\/i2.wp.com\/www.dannwollenwirmal.de\/wp-content\/uploads\/2015\/10\/IMG_3795.jpg?fit=300%2C300\" data-large-file=\"https:\/\/i2.wp.com\/www.dannwollenwirmal.de\/wp-content\/uploads\/2015\/10\/IMG_3795.jpg?fit=652%2C652\" loading=\"lazy\" class=\"alignnone size-full wp-image-1161\" src=\"https:\/\/i2.wp.com\/www.dannwollenwirmal.de\/wp-content\/uploads\/2015\/10\/IMG_3795.jpg?resize=652%2C652\" alt=\"IMG_3795\" width=\"652\" height=\"652\" srcset=\"https:\/\/i2.wp.com\/www.dannwollenwirmal.de\/wp-content\/uploads\/2015\/10\/IMG_3795.jpg?w=652 652w, https:\/\/i2.wp.com\/www.dannwollenwirmal.de\/wp-content\/uploads\/2015\/10\/IMG_3795.jpg?resize=150%2C150 150w, https:\/\/i2.wp.com\/www.dannwollenwirmal.de\/wp-content\/uploads\/2015\/10\/IMG_3795.jpg?resize=300%2C300 300w\" sizes=\"(max-width: 652px) 100vw, 652px\" data-recalc-dims=\"1\" \/><\/a><br \/>\n<em>Trockenestrich verschrauben<\/em><\/p>\n<p>Wichtig ist, dass sich auf der Betondecke keine Unebenheiten befinden und auch im weiteren Verlauf sauber gearbeitet wird, damit eine ebene, belastungsf\u00e4hige Fl\u00e4che entsteht.<\/p>\n<p>Was war noch? Die Decke! Hier bin ich wie gewohnt vorgegangen: zun\u00e4chst UD-Profil mit D\u00e4mmstreifen an die W\u00e4nde geschraubt und dann CD-Profile mit Direktabh\u00e4ngern befestigt (das habe ich ja <a href=\"http:\/\/www.dannwollenwirmal.de\/?p=942\"><strong>hier<\/strong> <\/a>schonmal auf\u00fchrlich beschrieben). Im Laser-Koffer habe ich noch ein sch\u00f6nes Zubeh\u00f6r gefunden, n\u00e4mlich eine Metallplatte, die einfach an die Wand geschraubt wird und den Laser magnetisch festh\u00e4lt:<\/p>\n<p><a href=\"https:\/\/i1.wp.com\/www.dannwollenwirmal.de\/wp-content\/uploads\/2015\/10\/IMG_3797.jpg\"><img data-attachment-id=\"1162\" data-permalink=\"http:\/\/www.dannwollenwirmal.de\/?attachment_id=1162#main\" data-orig-file=\"https:\/\/i1.wp.com\/www.dannwollenwirmal.de\/wp-content\/uploads\/2015\/10\/IMG_3797.jpg?fit=652%2C652\" data-orig-size=\"652,652\" data-comments-opened=\"1\" data-image-meta=\"{&quot;aperture&quot;:&quot;2.2&quot;,&quot;credit&quot;:&quot;&quot;,&quot;camera&quot;:&quot;iPhone 6&quot;,&quot;caption&quot;:&quot;&quot;,&quot;created_timestamp&quot;:&quot;1445700270&quot;,&quot;copyright&quot;:&quot;&quot;,&quot;focal_length&quot;:&quot;4.15&quot;,&quot;iso&quot;:&quot;250&quot;,&quot;shutter_speed&quot;:&quot;0.066666666666667&quot;,&quot;title&quot;:&quot;&quot;,&quot;orientation&quot;:&quot;1&quot;}\" data-image-title=\"IMG_3797\" data-image-description=\"&lt;p&gt;Wandhalterung Laser&lt;\/p&gt;\n\" data-image-caption=\"\" data-medium-file=\"https:\/\/i1.wp.com\/www.dannwollenwirmal.de\/wp-content\/uploads\/2015\/10\/IMG_3797.jpg?fit=300%2C300\" data-large-file=\"https:\/\/i1.wp.com\/www.dannwollenwirmal.de\/wp-content\/uploads\/2015\/10\/IMG_3797.jpg?fit=652%2C652\" loading=\"lazy\" class=\"alignnone size-full wp-image-1162\" src=\"https:\/\/i1.wp.com\/www.dannwollenwirmal.de\/wp-content\/uploads\/2015\/10\/IMG_3797.jpg?resize=652%2C652\" alt=\"IMG_3797\" width=\"652\" height=\"652\" srcset=\"https:\/\/i1.wp.com\/www.dannwollenwirmal.de\/wp-content\/uploads\/2015\/10\/IMG_3797.jpg?w=652 652w, https:\/\/i1.wp.com\/www.dannwollenwirmal.de\/wp-content\/uploads\/2015\/10\/IMG_3797.jpg?resize=150%2C150 150w, https:\/\/i1.wp.com\/www.dannwollenwirmal.de\/wp-content\/uploads\/2015\/10\/IMG_3797.jpg?resize=300%2C300 300w\" sizes=\"(max-width: 652px) 100vw, 652px\" data-recalc-dims=\"1\" \/><\/a><br \/>\n<em>Laser an der Wand<\/em><\/p>\n<p>Das spart mir f\u00fcr&#8217;s erste das Stativ in dem engen Raum. Per Laser-Schablone werden nun die CD-Profile in den Abh\u00e4ngern ausgerichtet und verschraubt. Und damt ist die erste Woche auch schon rum:<\/p>\n<p><a href=\"https:\/\/i2.wp.com\/www.dannwollenwirmal.de\/wp-content\/uploads\/2015\/10\/IMG_3798.jpg\"><img data-attachment-id=\"1163\" data-permalink=\"http:\/\/www.dannwollenwirmal.de\/?attachment_id=1163#main\" data-orig-file=\"https:\/\/i2.wp.com\/www.dannwollenwirmal.de\/wp-content\/uploads\/2015\/10\/IMG_3798.jpg?fit=652%2C652\" data-orig-size=\"652,652\" data-comments-opened=\"1\" data-image-meta=\"{&quot;aperture&quot;:&quot;2.2&quot;,&quot;credit&quot;:&quot;&quot;,&quot;camera&quot;:&quot;iPhone 6&quot;,&quot;caption&quot;:&quot;&quot;,&quot;created_timestamp&quot;:&quot;1445706195&quot;,&quot;copyright&quot;:&quot;&quot;,&quot;focal_length&quot;:&quot;4.15&quot;,&quot;iso&quot;:&quot;200&quot;,&quot;shutter_speed&quot;:&quot;0.033333333333333&quot;,&quot;title&quot;:&quot;&quot;,&quot;orientation&quot;:&quot;1&quot;}\" data-image-title=\"IMG_3798\" data-image-description=\"\" data-image-caption=\"\" data-medium-file=\"https:\/\/i2.wp.com\/www.dannwollenwirmal.de\/wp-content\/uploads\/2015\/10\/IMG_3798.jpg?fit=300%2C300\" data-large-file=\"https:\/\/i2.wp.com\/www.dannwollenwirmal.de\/wp-content\/uploads\/2015\/10\/IMG_3798.jpg?fit=652%2C652\" loading=\"lazy\" class=\"alignnone size-full wp-image-1163\" src=\"https:\/\/i2.wp.com\/www.dannwollenwirmal.de\/wp-content\/uploads\/2015\/10\/IMG_3798.jpg?resize=652%2C652\" alt=\"IMG_3798\" width=\"652\" height=\"652\" srcset=\"https:\/\/i2.wp.com\/www.dannwollenwirmal.de\/wp-content\/uploads\/2015\/10\/IMG_3798.jpg?w=652 652w, https:\/\/i2.wp.com\/www.dannwollenwirmal.de\/wp-content\/uploads\/2015\/10\/IMG_3798.jpg?resize=150%2C150 150w, https:\/\/i2.wp.com\/www.dannwollenwirmal.de\/wp-content\/uploads\/2015\/10\/IMG_3798.jpg?resize=300%2C300 300w\" sizes=\"(max-width: 652px) 100vw, 652px\" data-recalc-dims=\"1\" \/><\/a><br \/>\n<em>Stand Ende Woche 1<\/em><\/p>\n<p>Eigentlich wollte ich Montag schon mit dem Fliesen anfangen, daraus wird aber wohl erst Dienstag was, denn Montag steht noch Decke beplanken, alles spachteln, grundieren usw. auf dem Programm. Streng genommen bin ich also einen Tag im R\u00fcckstand, und ich sehe schon ein paar Abend-Schichten auf mich zukommen.<\/p>\n<p>Also, ihr und ich d\u00fcrfen mal gespannt sein, wie es n\u00e4chste Woche um diese Zeit aussieht!<\/p>\n<p>Bis dahin, sch\u00f6ne Woche und immer ne Handbreit Spachtel unterm Schuh!<\/p>\n<p>&nbsp;<\/p>\n<div class=\"sharedaddy sd-sharing-enabled\"><div class=\"robots-nocontent sd-block sd-social sd-social-icon-text sd-sharing\"><h3 class=\"sd-title\">Teilen mit:<\/h3><div class=\"sd-content\"><ul><li class=\"share-email\"><a rel=\"nofollow noopener noreferrer\" data-shared=\"\" class=\"share-email sd-button share-icon\" href=\"http:\/\/www.dannwollenwirmal.de\/?p=1150&amp;share=email\" target=\"_blank\" title=\"Klick, um dies einem Freund per E-Mail zu senden\"><span>E-Mail<\/span><\/a><\/li><li class=\"share-print\"><a rel=\"nofollow noopener noreferrer\" data-shared=\"\" class=\"share-print sd-button share-icon\" href=\"http:\/\/www.dannwollenwirmal.de\/?p=1150\" target=\"_blank\" title=\"Klicken zum Ausdrucken\"><span>Drucken<\/span><\/a><\/li><li class=\"share-facebook\"><a rel=\"nofollow noopener noreferrer\" data-shared=\"sharing-facebook-1150\" class=\"share-facebook sd-button share-icon\" href=\"http:\/\/www.dannwollenwirmal.de\/?p=1150&amp;share=facebook\" target=\"_blank\" title=\"Klick, um auf Facebook zu teilen\"><span>Facebook<\/span><\/a><\/li><li class=\"share-twitter\"><a rel=\"nofollow noopener noreferrer\" data-shared=\"sharing-twitter-1150\" class=\"share-twitter sd-button share-icon\" href=\"http:\/\/www.dannwollenwirmal.de\/?p=1150&amp;share=twitter\" target=\"_blank\" title=\"Klick, um \u00fcber Twitter zu teilen\"><span>Twitter<\/span><\/a><\/li><li class=\"share-pinterest\"><a rel=\"nofollow noopener noreferrer\" data-shared=\"sharing-pinterest-1150\" class=\"share-pinterest sd-button share-icon\" href=\"http:\/\/www.dannwollenwirmal.de\/?p=1150&amp;share=pinterest\" target=\"_blank\" title=\"Klick, um auf Pinterest zu teilen\"><span>Pinterest<\/span><\/a><\/li><li class=\"share-linkedin\"><a rel=\"nofollow noopener noreferrer\" data-shared=\"sharing-linkedin-1150\" class=\"share-linkedin sd-button share-icon\" href=\"http:\/\/www.dannwollenwirmal.de\/?p=1150&amp;share=linkedin\" target=\"_blank\" title=\"Klick, um auf LinkedIn zu teilen\"><span>LinkedIn<\/span><\/a><\/li><li class=\"share-end\"><\/li><\/ul><\/div><\/div><\/div>","protected":false},"excerpt":{"rendered":"<p>Das Sch\u00f6ne an meinen drei bis vier Bad-Umbauten pro Jahr ist ja, dass es jedes mal etwas Neues ist, weil immer irgendwelche Besonderheiten lauern (ist das wirklich das Sch\u00f6ne? Hmmm&#8230;) Bei meinem jetzigen Projekt, das ich Anfang dieser Woche begonnen habe, gibt es gleich zwei Besonderheiten: Erstens muss der gesamte Umbau in etwa zwei Wochen [&hellip;]<\/p>\n<div class=\"sharedaddy sd-sharing-enabled\"><div class=\"robots-nocontent sd-block sd-social sd-social-icon-text sd-sharing\"><h3 class=\"sd-title\">Teilen mit:<\/h3><div class=\"sd-content\"><ul><li class=\"share-email\"><a rel=\"nofollow noopener noreferrer\" data-shared=\"\" class=\"share-email sd-button share-icon\" href=\"http:\/\/www.dannwollenwirmal.de\/?p=1150&amp;share=email\" target=\"_blank\" title=\"Klick, um dies einem Freund per E-Mail zu senden\"><span>E-Mail<\/span><\/a><\/li><li class=\"share-print\"><a rel=\"nofollow noopener noreferrer\" data-shared=\"\" class=\"share-print sd-button share-icon\" href=\"http:\/\/www.dannwollenwirmal.de\/?p=1150\" target=\"_blank\" title=\"Klicken zum Ausdrucken\"><span>Drucken<\/span><\/a><\/li><li class=\"share-facebook\"><a rel=\"nofollow noopener noreferrer\" data-shared=\"sharing-facebook-1150\" class=\"share-facebook sd-button share-icon\" href=\"http:\/\/www.dannwollenwirmal.de\/?p=1150&amp;share=facebook\" target=\"_blank\" title=\"Klick, um auf Facebook zu teilen\"><span>Facebook<\/span><\/a><\/li><li class=\"share-twitter\"><a rel=\"nofollow noopener noreferrer\" data-shared=\"sharing-twitter-1150\" class=\"share-twitter sd-button share-icon\" href=\"http:\/\/www.dannwollenwirmal.de\/?p=1150&amp;share=twitter\" target=\"_blank\" title=\"Klick, um \u00fcber Twitter zu teilen\"><span>Twitter<\/span><\/a><\/li><li class=\"share-pinterest\"><a rel=\"nofollow noopener noreferrer\" data-shared=\"sharing-pinterest-1150\" class=\"share-pinterest sd-button share-icon\" href=\"http:\/\/www.dannwollenwirmal.de\/?p=1150&amp;share=pinterest\" target=\"_blank\" title=\"Klick, um auf Pinterest zu teilen\"><span>Pinterest<\/span><\/a><\/li><li class=\"share-linkedin\"><a rel=\"nofollow noopener noreferrer\" data-shared=\"sharing-linkedin-1150\" class=\"share-linkedin sd-button share-icon\" href=\"http:\/\/www.dannwollenwirmal.de\/?p=1150&amp;share=linkedin\" target=\"_blank\" title=\"Klick, um auf LinkedIn zu teilen\"><span>LinkedIn<\/span><\/a><\/li><li class=\"share-end\"><\/li><\/ul><\/div><\/div><\/div>","protected":false},"author":1,"featured_media":0,"comment_status":"open","ping_status":"open","sticky":false,"template":"","format":"standard","meta":{"advanced_seo_description":"","spay_email":"","jetpack_publicize_message":"","jetpack_is_tweetstorm":false,"jetpack_publicize_feature_enabled":true},"categories":[1,61,87,316,62],"tags":[223,287,286,90],"jetpack_featured_media_url":"","jetpack_publicize_connections":[],"jetpack_shortlink":"https:\/\/wp.me\/p3WtlO-iy","jetpack_sharing_enabled":true,"jetpack-related-posts":[{"id":1166,"url":"http:\/\/www.dannwollenwirmal.de\/?p=1166","url_meta":{"origin":1150,"position":0},"title":"Das zwei-Wochen-Bad, Teil 2","date":"1. November 2015","format":false,"excerpt":"Geschafft! Auf den Punkt nach zwei Wochen ist das Badprojekt fertiggestellt und man kann drauflosplanschen. Lediglich die Klempnerabteilung muss Montag nochmal ran, einen Heizk\u00f6rper und die Duschabtrennung anbringen, aber ich pers\u00f6nlich habe es p\u00fcnktlich (okay, mit einer \"Nachtschicht\") geschafft und werde nun die f\u00fcnfstellige Bonuszahlung einstreichen. Leider f\u00fchle ich mich\u2026","rel":"","context":"In &quot;Allgemein&quot;","img":{"alt_text":"","src":"https:\/\/i2.wp.com\/www.dannwollenwirmal.de\/wp-content\/uploads\/2015\/10\/IMG_3824.jpg?resize=350%2C200","width":350,"height":200},"classes":[]},{"id":1190,"url":"http:\/\/www.dannwollenwirmal.de\/?p=1190","url_meta":{"origin":1150,"position":1},"title":"Fugen-Gyver","date":"15. November 2015","format":false,"excerpt":"Bei Terminbaustellen ist es ja irgendwie immer so, dass es am Ende knapp wird. Dabei ist es fast egal, ob man zwei Wochen oder zwei Monate f\u00fcr Projekt XY Zeit hat, wenn der Termin n\u00e4her r\u00fcckt, dr\u00e4ngt die Zeit, und immer wenn's schnell gehen muss, bleibt schonmal qualitativ was auf\u2026","rel":"","context":"In &quot;Allgemein&quot;","img":{"alt_text":"gebrochene Fliesen","src":"https:\/\/i1.wp.com\/www.dannwollenwirmal.de\/wp-content\/uploads\/2015\/11\/IMG_3851.jpg?resize=350%2C200","width":350,"height":200},"classes":[]},{"id":903,"url":"http:\/\/www.dannwollenwirmal.de\/?p=903","url_meta":{"origin":1150,"position":2},"title":"Das wird ja immer sch\u00f6ner!","date":"22. M\u00e4rz 2015","format":false,"excerpt":"Es wird spannend, Trommelwirbel und Tusch: Der Gewinner des Dyson-AM05 Heizl\u00fcfters ist: Tanja Hermann! Herzlichen Gl\u00fcckwunsch. Das Ger\u00e4t wird direkt von Dyson verschickt, ich schreibe Dir eine eMail wegen der Adresse. Allen anderen Danke f\u00fcrs Mitmachen und nicht traurig sein, sicher gibt es demn\u00e4chst wieder ein Gewinnspiel. W\u00e4hrend schon wieder\u2026","rel":"","context":"In &quot;Allgemein&quot;","img":{"alt_text":"","src":"https:\/\/i1.wp.com\/www.dannwollenwirmal.de\/wp-content\/uploads\/2015\/03\/IMG_3319.jpg?resize=350%2C200","width":350,"height":200},"classes":[]},{"id":1509,"url":"http:\/\/www.dannwollenwirmal.de\/?p=1509","url_meta":{"origin":1150,"position":3},"title":"Hello Kitty","date":"5. Juni 2016","format":false,"excerpt":"Immer diese Entscheidungen! Das kaputte Kellerfenster gegen ein neues ersetzen oder nur die Scheibe tauschen? Die Entscheidung ging dann doch relativ schnell. Alle Kellerfenster sind rote Holzfenster, und eines soll nun so ein steriles Kunststoffimitat werden? Au\u00dferdem sind die alten nicht ganz dicht, also jedenfalls nicht zu hundert Prozent. Und\u2026","rel":"","context":"In &quot;Allgemein&quot;","img":{"alt_text":"","src":"https:\/\/i1.wp.com\/www.dannwollenwirmal.de\/wp-content\/uploads\/2016\/06\/IMG_4398.jpg?resize=350%2C200","width":350,"height":200},"classes":[]},{"id":1023,"url":"http:\/\/www.dannwollenwirmal.de\/?p=1023","url_meta":{"origin":1150,"position":4},"title":"Sommerpause IV","date":"12. Juli 2015","format":false,"excerpt":"In 24 Wochen ist Weihnachten! Weihnachten bei Heimwerkers 24. Dezember 2014 by mohlemeyer 5:49 Hurra, die Kinder sind wach! Das Licht geht an und der Tag wird mit einer fr\u00f6hlichen Runde \u201eFang mich doch\u201c \u00fcber s\u00e4mtliche Stockwerke er\u00f6ffnet. Nein, der Weihnachtsmann ist noch nicht da! 6:10 Fr\u00fchst\u00fcck. Der digital programmierbare\u2026","rel":"","context":"In &quot;Allgemein&quot;","img":{"alt_text":"","src":"","width":0,"height":0},"classes":[]},{"id":873,"url":"http:\/\/www.dannwollenwirmal.de\/?p=873","url_meta":{"origin":1150,"position":5},"title":"Zipperlein &#038; Wehwehchen","date":"1. M\u00e4rz 2015","format":false,"excerpt":"Jetzt habe ich diesen Monat so viel gewerkelt und gebaut, dass ich fast, also man k\u00f6nnte sagen beinahe, also zumindest heute mal, so wirklich die Schnauze voll habe. Alle Knochen tun mir weh, Knie und R\u00fccken sowieso, Reizhusten vom Staub und ausklingender Erk\u00e4ltung, Fliesenkleber auf den Fingern\u00e4geln. W\u00fcrde ich diese\u2026","rel":"","context":"In &quot;Allgemein&quot;","img":{"alt_text":"","src":"https:\/\/i1.wp.com\/www.dannwollenwirmal.de\/wp-content\/uploads\/2015\/02\/IMG_3287.jpg?resize=350%2C200","width":350,"height":200},"classes":[]}],"_links":{"self":[{"href":"http:\/\/www.dannwollenwirmal.de\/index.php?rest_route=\/wp\/v2\/posts\/1150"}],"collection":[{"href":"http:\/\/www.dannwollenwirmal.de\/index.php?rest_route=\/wp\/v2\/posts"}],"about":[{"href":"http:\/\/www.dannwollenwirmal.de\/index.php?rest_route=\/wp\/v2\/types\/post"}],"author":[{"embeddable":true,"href":"http:\/\/www.dannwollenwirmal.de\/index.php?rest_route=\/wp\/v2\/users\/1"}],"replies":[{"embeddable":true,"href":"http:\/\/www.dannwollenwirmal.de\/index.php?rest_route=%2Fwp%2Fv2%2Fcomments&post=1150"}],"version-history":[{"count":3,"href":"http:\/\/www.dannwollenwirmal.de\/index.php?rest_route=\/wp\/v2\/posts\/1150\/revisions"}],"predecessor-version":[{"id":1165,"href":"http:\/\/www.dannwollenwirmal.de\/index.php?rest_route=\/wp\/v2\/posts\/1150\/revisions\/1165"}],"wp:attachment":[{"href":"http:\/\/www.dannwollenwirmal.de\/index.php?rest_route=%2Fwp%2Fv2%2Fmedia&parent=1150"}],"wp:term":[{"taxonomy":"category","embeddable":true,"href":"http:\/\/www.dannwollenwirmal.de\/index.php?rest_route=%2Fwp%2Fv2%2Fcategories&post=1150"},{"taxonomy":"post_tag","embeddable":true,"href":"http:\/\/www.dannwollenwirmal.de\/index.php?rest_route=%2Fwp%2Fv2%2Ftags&post=1150"}],"curies":[{"name":"wp","href":"https:\/\/api.w.org\/{rel}","templated":true}]}}