{"id":113,"date":"2013-10-04T15:50:53","date_gmt":"2013-10-04T13:50:53","guid":{"rendered":"http:\/\/www.dannwollenwirmal.de\/?p=113"},"modified":"2016-01-15T20:17:16","modified_gmt":"2016-01-15T19:17:16","slug":"das-teuerste-klebeband-der-welt","status":"publish","type":"post","link":"http:\/\/www.dannwollenwirmal.de\/?p=113","title":{"rendered":"Das teuerste Klebeband der Welt"},"content":{"rendered":"<p>Ich wollte ja noch etwas berichten von Anschl\u00fcssen an nervige St\u00f6renfriede wie Dachfenster, Rohre, Schr\u00e4gen&#8230;nun also erstmal das Dachfenster. Neben dem neu eingebauten gibt es bereits drei weitere Dachfenster (sowie ein Fenster in einem Erker, das wird bestimmt auch nochmal Fummelei&#8230;), die nun auch in meine Unterdeckung eingebunden werden m\u00fcssen. Es gibt zu diesem Zweck von Velux oder anderen Herstellern auch schon vorgefertigte L\u00f6sungen,aber das w\u00e4re ja zu einfach.<\/p>\n<p>Nun passen meine Fenster genau zwischen die Sparren, also seitlich kann ich ohnehin nicht viel anschlie\u00dfen. Der kritische Bereich ist obendr\u00fcber, denn man kann sich vorstellen: wenn ich meine Platten einfach bis ans Fenster schraube und dann doch mal Feuchtigkeit von oben runterl\u00e4uft, wird die So\u00dfe sch\u00f6n aus dem Fensterrahmen pladdern.<\/p>\n<p>&nbsp;<\/p>\n<p><a href=\"https:\/\/i2.wp.com\/www.dannwollenwirmal.de\/wp-content\/uploads\/2013\/10\/rinne1.jpg\"><img data-attachment-id=\"114\" data-permalink=\"http:\/\/www.dannwollenwirmal.de\/?attachment_id=114#main\" data-orig-file=\"https:\/\/i2.wp.com\/www.dannwollenwirmal.de\/wp-content\/uploads\/2013\/10\/rinne1.jpg?fit=652%2C489\" data-orig-size=\"652,489\" data-comments-opened=\"1\" data-image-meta=\"{&quot;aperture&quot;:&quot;0&quot;,&quot;credit&quot;:&quot;&quot;,&quot;camera&quot;:&quot;&quot;,&quot;caption&quot;:&quot;&quot;,&quot;created_timestamp&quot;:&quot;0&quot;,&quot;copyright&quot;:&quot;&quot;,&quot;focal_length&quot;:&quot;0&quot;,&quot;iso&quot;:&quot;0&quot;,&quot;shutter_speed&quot;:&quot;0&quot;,&quot;title&quot;:&quot;&quot;}\" data-image-title=\"rinne1\" data-image-description=\"&lt;p&gt;Rinne zur Anbindung einer Unterspannbahn oberhalb des Dachfensters&lt;\/p&gt;\n\" data-image-caption=\"&lt;p&gt;Rinne Unterspannbahn Dachfenster&lt;\/p&gt;\n\" data-medium-file=\"https:\/\/i2.wp.com\/www.dannwollenwirmal.de\/wp-content\/uploads\/2013\/10\/rinne1.jpg?fit=300%2C225\" data-large-file=\"https:\/\/i2.wp.com\/www.dannwollenwirmal.de\/wp-content\/uploads\/2013\/10\/rinne1.jpg?fit=652%2C489\" loading=\"lazy\" class=\"alignnone size-full wp-image-114\" alt=\"rinne1\" src=\"https:\/\/i2.wp.com\/www.dannwollenwirmal.de\/wp-content\/uploads\/2013\/10\/rinne1.jpg?resize=652%2C489\" width=\"652\" height=\"489\" srcset=\"https:\/\/i2.wp.com\/www.dannwollenwirmal.de\/wp-content\/uploads\/2013\/10\/rinne1.jpg?w=652 652w, https:\/\/i2.wp.com\/www.dannwollenwirmal.de\/wp-content\/uploads\/2013\/10\/rinne1.jpg?resize=300%2C225 300w\" sizes=\"(max-width: 652px) 100vw, 652px\" data-recalc-dims=\"1\" \/><\/a><br \/>\n<em>rin inne Rinne<\/em><\/p>\n<p>Deshalb installiert man oberhalb des Dachfensters eine schr\u00e4ge Rinne, die eventuelle Fl\u00fcssigkeit in das benachbarte Sparrenfeld ableitet. Dort kann sie dann \u00fcber die Platten und das Traufblech bis ins Freie flie\u00dfen (es sei denn im Nachbarfeld ist auch ein Fenster \ud83d\ude42 )<\/p>\n<p>Ein St\u00fcck Folie habe ich dazu hinter eine passende Dachlatte getackert und die andere Seite wird an die Unterseite der DWD-Platte geklebt. Dabei ist darauf zu achten, dass die Rinne schr\u00e4g l\u00e4uft und ein Abflie\u00dfen ins Nachbarfeld gew\u00e4hrleistet ist.<\/p>\n<p>Besonders viel Freude macht das Kleben an der Innseite der Holzplatten. Als Tip kann ich weitergeben (leider bin ich auch erst nach dem zweiten Fenster drauf gekommen), dass man den Plattensto\u00df kurz oberhalb dieser Rinne w\u00e4hlt. So kommt man mit der Hand noch einigerma\u00dfen gut rein und kann das Klebeband andr\u00fccken.<\/p>\n<p><a href=\"https:\/\/i1.wp.com\/www.dannwollenwirmal.de\/wp-content\/uploads\/2013\/10\/rinne2.jpg\"><img data-attachment-id=\"115\" data-permalink=\"http:\/\/www.dannwollenwirmal.de\/?attachment_id=115#main\" data-orig-file=\"https:\/\/i1.wp.com\/www.dannwollenwirmal.de\/wp-content\/uploads\/2013\/10\/rinne2.jpg?fit=652%2C489\" data-orig-size=\"652,489\" data-comments-opened=\"1\" data-image-meta=\"{&quot;aperture&quot;:&quot;0&quot;,&quot;credit&quot;:&quot;&quot;,&quot;camera&quot;:&quot;&quot;,&quot;caption&quot;:&quot;&quot;,&quot;created_timestamp&quot;:&quot;0&quot;,&quot;copyright&quot;:&quot;&quot;,&quot;focal_length&quot;:&quot;0&quot;,&quot;iso&quot;:&quot;0&quot;,&quot;shutter_speed&quot;:&quot;0&quot;,&quot;title&quot;:&quot;&quot;}\" data-image-title=\"rinne2\" data-image-description=\"&lt;p&gt;Tescon No 1 Klebeband wetterbest\u00e4ndig&lt;\/p&gt;\n\" data-image-caption=\"&lt;p&gt;Tescon No 1 Klebeband&lt;\/p&gt;\n\" data-medium-file=\"https:\/\/i1.wp.com\/www.dannwollenwirmal.de\/wp-content\/uploads\/2013\/10\/rinne2.jpg?fit=300%2C225\" data-large-file=\"https:\/\/i1.wp.com\/www.dannwollenwirmal.de\/wp-content\/uploads\/2013\/10\/rinne2.jpg?fit=652%2C489\" loading=\"lazy\" class=\"alignnone size-full wp-image-115\" alt=\"rinne2\" src=\"https:\/\/i1.wp.com\/www.dannwollenwirmal.de\/wp-content\/uploads\/2013\/10\/rinne2.jpg?resize=652%2C489\" width=\"652\" height=\"489\" srcset=\"https:\/\/i1.wp.com\/www.dannwollenwirmal.de\/wp-content\/uploads\/2013\/10\/rinne2.jpg?w=652 652w, https:\/\/i1.wp.com\/www.dannwollenwirmal.de\/wp-content\/uploads\/2013\/10\/rinne2.jpg?resize=300%2C225 300w\" sizes=\"(max-width: 652px) 100vw, 652px\" data-recalc-dims=\"1\" \/><\/a><br \/>\n<em>Tescon No 1<\/em><\/p>\n<p>Apropos Klebeband: Das teuerste Klebeband der Welt-oder zumindest das teuerste, das ich jemals gekauft habe kostete pro Rolle stolze 24,50 \u20ac (F\u00fcnfzig Mark! Naja Mark gibts nicht mehr&#8230;): Tescon No 1. Es schafft eine wasserfeste Verbindung der Rinnen-Folie mit der Innenseite der DWD-Platte (mit Grundierung) und schafft wahrscheinlich auch alle m\u00f6glichen anderen Verbindungen. Ich denke, Tragfl\u00e4chen von Raketen sind damit angeklebt. Es klebt wirklich unglaublich und toppt selbst mein ziemlich gut klebendes Dampfsperre-an-Wand-Anschlussklebeband. In den Verarbeitungshinweisen steht nichts von &#8222;Untergrund muss trocken und straubfrei sein blabla&#8220; sondern lediglich: &#8222;Klebt nicht auf gefrorenen Fl\u00e4chen&#8220;.<\/p>\n<p>Also, es war einfach eine Investition f\u00fcrs gute Gef\u00fchl! Der Regen da drau\u00dfen kann mir und meinem Fenster nichts! Ich habe Tescon No 1 benutzt!<\/p>\n<p>Es gibt sogar noch eine Pro-Version, sagte der nette Herr vom Holzhandel. Damit klebt man dann Vulkane zu.<\/p>\n<p>&nbsp;<\/p>\n<div class=\"sharedaddy sd-sharing-enabled\"><div class=\"robots-nocontent sd-block sd-social sd-social-icon-text sd-sharing\"><h3 class=\"sd-title\">Teilen mit:<\/h3><div class=\"sd-content\"><ul><li class=\"share-email\"><a rel=\"nofollow noopener noreferrer\" data-shared=\"\" class=\"share-email sd-button share-icon\" href=\"http:\/\/www.dannwollenwirmal.de\/?p=113&amp;share=email\" target=\"_blank\" title=\"Klick, um dies einem Freund per E-Mail zu senden\"><span>E-Mail<\/span><\/a><\/li><li class=\"share-print\"><a rel=\"nofollow noopener noreferrer\" data-shared=\"\" class=\"share-print sd-button share-icon\" href=\"http:\/\/www.dannwollenwirmal.de\/?p=113\" target=\"_blank\" title=\"Klicken zum Ausdrucken\"><span>Drucken<\/span><\/a><\/li><li class=\"share-facebook\"><a rel=\"nofollow noopener noreferrer\" data-shared=\"sharing-facebook-113\" class=\"share-facebook sd-button share-icon\" href=\"http:\/\/www.dannwollenwirmal.de\/?p=113&amp;share=facebook\" target=\"_blank\" title=\"Klick, um auf Facebook zu teilen\"><span>Facebook<\/span><\/a><\/li><li class=\"share-twitter\"><a rel=\"nofollow noopener noreferrer\" data-shared=\"sharing-twitter-113\" class=\"share-twitter sd-button share-icon\" href=\"http:\/\/www.dannwollenwirmal.de\/?p=113&amp;share=twitter\" target=\"_blank\" title=\"Klick, um \u00fcber Twitter zu teilen\"><span>Twitter<\/span><\/a><\/li><li class=\"share-pinterest\"><a rel=\"nofollow noopener noreferrer\" data-shared=\"sharing-pinterest-113\" class=\"share-pinterest sd-button share-icon\" href=\"http:\/\/www.dannwollenwirmal.de\/?p=113&amp;share=pinterest\" target=\"_blank\" title=\"Klick, um auf Pinterest zu teilen\"><span>Pinterest<\/span><\/a><\/li><li class=\"share-linkedin\"><a rel=\"nofollow noopener noreferrer\" data-shared=\"sharing-linkedin-113\" class=\"share-linkedin sd-button share-icon\" href=\"http:\/\/www.dannwollenwirmal.de\/?p=113&amp;share=linkedin\" target=\"_blank\" title=\"Klick, um auf LinkedIn zu teilen\"><span>LinkedIn<\/span><\/a><\/li><li class=\"share-end\"><\/li><\/ul><\/div><\/div><\/div>","protected":false},"excerpt":{"rendered":"<p>Ich wollte ja noch etwas berichten von Anschl\u00fcssen an nervige St\u00f6renfriede wie Dachfenster, Rohre, Schr\u00e4gen&#8230;nun also erstmal das Dachfenster. Neben dem neu eingebauten gibt es bereits drei weitere Dachfenster (sowie ein Fenster in einem Erker, das wird bestimmt auch nochmal Fummelei&#8230;), die nun auch in meine Unterdeckung eingebunden werden m\u00fcssen. Es gibt zu diesem Zweck [&hellip;]<\/p>\n<div class=\"sharedaddy sd-sharing-enabled\"><div class=\"robots-nocontent sd-block sd-social sd-social-icon-text sd-sharing\"><h3 class=\"sd-title\">Teilen mit:<\/h3><div class=\"sd-content\"><ul><li class=\"share-email\"><a rel=\"nofollow noopener noreferrer\" data-shared=\"\" class=\"share-email sd-button share-icon\" href=\"http:\/\/www.dannwollenwirmal.de\/?p=113&amp;share=email\" target=\"_blank\" title=\"Klick, um dies einem Freund per E-Mail zu senden\"><span>E-Mail<\/span><\/a><\/li><li class=\"share-print\"><a rel=\"nofollow noopener noreferrer\" data-shared=\"\" class=\"share-print sd-button share-icon\" href=\"http:\/\/www.dannwollenwirmal.de\/?p=113\" target=\"_blank\" title=\"Klicken zum Ausdrucken\"><span>Drucken<\/span><\/a><\/li><li class=\"share-facebook\"><a rel=\"nofollow noopener noreferrer\" data-shared=\"sharing-facebook-113\" class=\"share-facebook sd-button share-icon\" href=\"http:\/\/www.dannwollenwirmal.de\/?p=113&amp;share=facebook\" target=\"_blank\" title=\"Klick, um auf Facebook zu teilen\"><span>Facebook<\/span><\/a><\/li><li class=\"share-twitter\"><a rel=\"nofollow noopener noreferrer\" data-shared=\"sharing-twitter-113\" class=\"share-twitter sd-button share-icon\" href=\"http:\/\/www.dannwollenwirmal.de\/?p=113&amp;share=twitter\" target=\"_blank\" title=\"Klick, um \u00fcber Twitter zu teilen\"><span>Twitter<\/span><\/a><\/li><li class=\"share-pinterest\"><a rel=\"nofollow noopener noreferrer\" data-shared=\"sharing-pinterest-113\" class=\"share-pinterest sd-button share-icon\" href=\"http:\/\/www.dannwollenwirmal.de\/?p=113&amp;share=pinterest\" target=\"_blank\" title=\"Klick, um auf Pinterest zu teilen\"><span>Pinterest<\/span><\/a><\/li><li class=\"share-linkedin\"><a rel=\"nofollow noopener noreferrer\" data-shared=\"sharing-linkedin-113\" class=\"share-linkedin sd-button share-icon\" href=\"http:\/\/www.dannwollenwirmal.de\/?p=113&amp;share=linkedin\" target=\"_blank\" title=\"Klick, um auf LinkedIn zu teilen\"><span>LinkedIn<\/span><\/a><\/li><li class=\"share-end\"><\/li><\/ul><\/div><\/div><\/div>","protected":false},"author":1,"featured_media":0,"comment_status":"open","ping_status":"open","sticky":false,"template":"","format":"standard","meta":{"advanced_seo_description":"","spay_email":"","jetpack_publicize_message":"","jetpack_is_tweetstorm":false,"jetpack_publicize_feature_enabled":true},"categories":[1,3,334,26,15],"tags":[34,33,32],"jetpack_featured_media_url":"","jetpack_publicize_connections":[],"jetpack_shortlink":"https:\/\/wp.me\/p3WtlO-1P","jetpack_sharing_enabled":true,"jetpack-related-posts":[{"id":99,"url":"http:\/\/www.dannwollenwirmal.de\/?p=99","url_meta":{"origin":113,"position":0},"title":"Einbau eines Dachfensters","date":"2. Oktober 2013","format":false,"excerpt":"Wenn man schon in einer sch\u00f6nen Gegend wohnt, sollte man diese auch sehen, und daher w\u00fcnschte ich mir ein Fenster in Richtung Westen, um den Ausblick auf die Porta Westfalica und das Kaiser-Wilhelm-Denkmal zu haben. Da ich mich selbst nicht so ganz allein an die Sache herantraute, holte ich mir\u2026","rel":"","context":"In &quot;Allgemein&quot;","img":{"alt_text":"Dachfenster, Befestigung","src":"https:\/\/i1.wp.com\/www.dannwollenwirmal.de\/wp-content\/uploads\/2013\/10\/df7.jpg?resize=350%2C200","width":350,"height":200},"classes":[]},{"id":1762,"url":"http:\/\/www.dannwollenwirmal.de\/?p=1762","url_meta":{"origin":113,"position":1},"title":"Spaltenschluss mit W\u00e4rmebild","date":"22. Januar 2017","format":false,"excerpt":"Nun ist es fast ein Jahr her, dass unser Dach neu gedeckt wurde, und seitdem liegen die Dachfenster etwa zwei Zentimeter h\u00f6her: vorher lagen die Dachziegel auf einer Einfachlattung, dank neuer Bauvorschriften musste nun mit einer Konterlattung gedeckt werden. Dementsprechend rutschen die Dachfenster h\u00f6her und es ist ein Spalt zwischen\u2026","rel":"","context":"In &quot;Allgemein&quot;","img":{"alt_text":"","src":"https:\/\/i2.wp.com\/www.dannwollenwirmal.de\/wp-content\/uploads\/2017\/01\/IMG_5061.jpg?resize=350%2C200","width":350,"height":200},"classes":[]},{"id":252,"url":"http:\/\/www.dannwollenwirmal.de\/?p=252","url_meta":{"origin":113,"position":2},"title":"Experimente mit der W\u00e4rmebildkamera","date":"10. Dezember 2013","format":false,"excerpt":"Bevor ich meine Dachbodenisolierung endg\u00fcltig abschlie\u00dfe und n\u00e4chstes Jahr an den Ausbau gehe (n\u00e4chstes Jahr klingt noch so unglaublich weit weg, dabei sind es nur noch drei Wochen), wollte ich das Ganze mit einer W\u00e4rmebildkamera auf m\u00f6gliche K\u00e4ltebr\u00fccken hin untersuchen; also irgendwelche Schwachstellen in der Isolierung, die man sp\u00e4ter schlecht\u2026","rel":"","context":"In &quot;Allgemein&quot;","img":{"alt_text":"","src":"https:\/\/i0.wp.com\/www.dannwollenwirmal.de\/wp-content\/uploads\/2013\/12\/IR000158.jpg?resize=350%2C200","width":350,"height":200},"classes":[]},{"id":404,"url":"http:\/\/www.dannwollenwirmal.de\/?p=404","url_meta":{"origin":113,"position":3},"title":"Ooops&#8230;!","date":"30. M\u00e4rz 2014","format":false,"excerpt":"Aus der Reihe \"Heimwerker-Anekdoten\": Meine n\u00e4heren Verwandten hatten im Wohnzimmer (abgeh\u00e4ngte Decke) drei LED-Einbauspots der ersten Generation, \u00fcber die man sich schon seit Anbeginn \u00e4rgerte (Helligkeitsstufe Gl\u00fchw\u00fcrmchen und Lichtfarbe Leichenhaus) und die nun auch gar nicht mehr funktionierten. Ich habe gro\u00dfspurig angeboten, diese auszutauschen. Wir besorgten Neue und durch das\u2026","rel":"","context":"In &quot;Allgemein&quot;","img":{"alt_text":"","src":"https:\/\/i2.wp.com\/www.dannwollenwirmal.de\/wp-content\/uploads\/2014\/03\/nord6.jpg?resize=350%2C200","width":350,"height":200},"classes":[]},{"id":209,"url":"http:\/\/www.dannwollenwirmal.de\/?p=209","url_meta":{"origin":113,"position":4},"title":"Swimmingpool und Badewanne","date":"21. November 2013","format":false,"excerpt":"Die Glaswolle ist nun fertig verbaut und wie schon erw\u00e4hnt, muss diese vor dem eigentlichen Ausbau (also der Beplankung mit Gipskarton\/Gipsfaser\/Holz...) mit einer Dampfsperre (bzw. Dampfbremse, die habe ich gew\u00e4hlt weil sie etwas diffusionsoffen ist) versehen werden. Das ist eine spezielle Folie, die \u00fcber dem Isolierstoff gespannt und befestigt wird.\u2026","rel":"","context":"In &quot;Allgemein&quot;","img":{"alt_text":"","src":"https:\/\/i0.wp.com\/www.dannwollenwirmal.de\/wp-content\/uploads\/2013\/11\/schnitte1.jpg?resize=350%2C200","width":350,"height":200},"classes":[]},{"id":1901,"url":"http:\/\/www.dannwollenwirmal.de\/?p=1901","url_meta":{"origin":113,"position":5},"title":"Was lange w\u00e4hrt, wird endlich m\u00e4\u00dfig","date":"28. Mai 2017","format":false,"excerpt":"Ich habe hier ja schon des \u00d6fteren von meinem Projekt \"Dachfensterleisten\" berichtet. Als unser Dach im Fr\u00fchjahr letzten Jahres neu gedeckt wurde, sind die Dachfenster durch eine andere Lattung ein St\u00fcck h\u00f6her gekommen. Diese Spalten habe ich ausgesch\u00e4umt, das geht nat\u00fcrlich schnell und macht Spa\u00df, und mir dann Leisten besorgt\u2026","rel":"","context":"In &quot;Allgemein&quot;","img":{"alt_text":"IMG_5423","src":"https:\/\/i0.wp.com\/www.dannwollenwirmal.de\/wp-content\/uploads\/2017\/05\/IMG_5423-1024x1024.jpg?resize=350%2C200","width":350,"height":200},"classes":[]}],"_links":{"self":[{"href":"http:\/\/www.dannwollenwirmal.de\/index.php?rest_route=\/wp\/v2\/posts\/113"}],"collection":[{"href":"http:\/\/www.dannwollenwirmal.de\/index.php?rest_route=\/wp\/v2\/posts"}],"about":[{"href":"http:\/\/www.dannwollenwirmal.de\/index.php?rest_route=\/wp\/v2\/types\/post"}],"author":[{"embeddable":true,"href":"http:\/\/www.dannwollenwirmal.de\/index.php?rest_route=\/wp\/v2\/users\/1"}],"replies":[{"embeddable":true,"href":"http:\/\/www.dannwollenwirmal.de\/index.php?rest_route=%2Fwp%2Fv2%2Fcomments&post=113"}],"version-history":[{"count":3,"href":"http:\/\/www.dannwollenwirmal.de\/index.php?rest_route=\/wp\/v2\/posts\/113\/revisions"}],"predecessor-version":[{"id":118,"href":"http:\/\/www.dannwollenwirmal.de\/index.php?rest_route=\/wp\/v2\/posts\/113\/revisions\/118"}],"wp:attachment":[{"href":"http:\/\/www.dannwollenwirmal.de\/index.php?rest_route=%2Fwp%2Fv2%2Fmedia&parent=113"}],"wp:term":[{"taxonomy":"category","embeddable":true,"href":"http:\/\/www.dannwollenwirmal.de\/index.php?rest_route=%2Fwp%2Fv2%2Fcategories&post=113"},{"taxonomy":"post_tag","embeddable":true,"href":"http:\/\/www.dannwollenwirmal.de\/index.php?rest_route=%2Fwp%2Fv2%2Ftags&post=113"}],"curies":[{"name":"wp","href":"https:\/\/api.w.org\/{rel}","templated":true}]}}