{"id":1118,"date":"2015-10-04T10:37:30","date_gmt":"2015-10-04T08:37:30","guid":{"rendered":"http:\/\/www.dannwollenwirmal.de\/?p=1118"},"modified":"2015-10-04T10:37:30","modified_gmt":"2015-10-04T08:37:30","slug":"einen-schuppen-umdrehen","status":"publish","type":"post","link":"http:\/\/www.dannwollenwirmal.de\/?p=1118","title":{"rendered":"Einen Schuppen umdrehen"},"content":{"rendered":"<p>Ich bin ja tats\u00e4chlich gerade im Pinselfieber, und nachdem der Zaun vorm Haus einen neuen Anstrich bekommen hat, ist nun das Gartenh\u00e4uschen dran. Das haben wir damals zusammen mit dem Haus &#8218;erworben&#8216; und es f\u00fchrt seitdem ein eher tristes Dasein in der hinteren Gartenecke, gef\u00fcllt mit ein wenig Ger\u00fcmpel und Kinder-Gartenspielzeug und auch zugegebenerweise nicht besonders gepflegt.<\/p>\n<p>Das Problem des H\u00e4uschens ist nun allerdings: es steht falschrum. Warum auch immer. Zum Garten hin gibt es diese Ansicht:<\/p>\n<p><a href=\"https:\/\/i1.wp.com\/www.dannwollenwirmal.de\/wp-content\/uploads\/2015\/10\/IMG_3741.jpg\"><img data-attachment-id=\"1119\" data-permalink=\"http:\/\/www.dannwollenwirmal.de\/?attachment_id=1119#main\" data-orig-file=\"https:\/\/i1.wp.com\/www.dannwollenwirmal.de\/wp-content\/uploads\/2015\/10\/IMG_3741.jpg?fit=652%2C652\" data-orig-size=\"652,652\" data-comments-opened=\"1\" data-image-meta=\"{&quot;aperture&quot;:&quot;2.2&quot;,&quot;credit&quot;:&quot;&quot;,&quot;camera&quot;:&quot;iPhone 6&quot;,&quot;caption&quot;:&quot;&quot;,&quot;created_timestamp&quot;:&quot;1443953048&quot;,&quot;copyright&quot;:&quot;&quot;,&quot;focal_length&quot;:&quot;4.15&quot;,&quot;iso&quot;:&quot;40&quot;,&quot;shutter_speed&quot;:&quot;0.016666666666667&quot;,&quot;title&quot;:&quot;&quot;,&quot;orientation&quot;:&quot;1&quot;}\" data-image-title=\"IMG_3741\" data-image-description=\"\" data-image-caption=\"\" data-medium-file=\"https:\/\/i1.wp.com\/www.dannwollenwirmal.de\/wp-content\/uploads\/2015\/10\/IMG_3741.jpg?fit=300%2C300\" data-large-file=\"https:\/\/i1.wp.com\/www.dannwollenwirmal.de\/wp-content\/uploads\/2015\/10\/IMG_3741.jpg?fit=652%2C652\" loading=\"lazy\" class=\"alignnone size-full wp-image-1119\" src=\"https:\/\/i1.wp.com\/www.dannwollenwirmal.de\/wp-content\/uploads\/2015\/10\/IMG_3741.jpg?resize=652%2C652\" alt=\"IMG_3741\" width=\"652\" height=\"652\" srcset=\"https:\/\/i1.wp.com\/www.dannwollenwirmal.de\/wp-content\/uploads\/2015\/10\/IMG_3741.jpg?w=652 652w, https:\/\/i1.wp.com\/www.dannwollenwirmal.de\/wp-content\/uploads\/2015\/10\/IMG_3741.jpg?resize=150%2C150 150w, https:\/\/i1.wp.com\/www.dannwollenwirmal.de\/wp-content\/uploads\/2015\/10\/IMG_3741.jpg?resize=300%2C300 300w\" sizes=\"(max-width: 652px) 100vw, 652px\" data-recalc-dims=\"1\" \/><\/a><br \/>\n<em>eigentlich die R\u00fcckesite!<\/em><\/p>\n<p>w\u00e4hrend die Vorderseite dahinter ist:<\/p>\n<p><a href=\"https:\/\/i1.wp.com\/www.dannwollenwirmal.de\/wp-content\/uploads\/2015\/10\/IMG_3743.jpg\"><img data-attachment-id=\"1120\" data-permalink=\"http:\/\/www.dannwollenwirmal.de\/?attachment_id=1120#main\" data-orig-file=\"https:\/\/i1.wp.com\/www.dannwollenwirmal.de\/wp-content\/uploads\/2015\/10\/IMG_3743.jpg?fit=652%2C652\" data-orig-size=\"652,652\" data-comments-opened=\"1\" data-image-meta=\"{&quot;aperture&quot;:&quot;2.2&quot;,&quot;credit&quot;:&quot;&quot;,&quot;camera&quot;:&quot;iPhone 6&quot;,&quot;caption&quot;:&quot;&quot;,&quot;created_timestamp&quot;:&quot;1443953082&quot;,&quot;copyright&quot;:&quot;&quot;,&quot;focal_length&quot;:&quot;4.15&quot;,&quot;iso&quot;:&quot;40&quot;,&quot;shutter_speed&quot;:&quot;0.016666666666667&quot;,&quot;title&quot;:&quot;&quot;,&quot;orientation&quot;:&quot;1&quot;}\" data-image-title=\"IMG_3743\" data-image-description=\"\" data-image-caption=\"\" data-medium-file=\"https:\/\/i1.wp.com\/www.dannwollenwirmal.de\/wp-content\/uploads\/2015\/10\/IMG_3743.jpg?fit=300%2C300\" data-large-file=\"https:\/\/i1.wp.com\/www.dannwollenwirmal.de\/wp-content\/uploads\/2015\/10\/IMG_3743.jpg?fit=652%2C652\" loading=\"lazy\" class=\"alignnone size-full wp-image-1120\" src=\"https:\/\/i1.wp.com\/www.dannwollenwirmal.de\/wp-content\/uploads\/2015\/10\/IMG_3743.jpg?resize=652%2C652\" alt=\"IMG_3743\" width=\"652\" height=\"652\" srcset=\"https:\/\/i1.wp.com\/www.dannwollenwirmal.de\/wp-content\/uploads\/2015\/10\/IMG_3743.jpg?w=652 652w, https:\/\/i1.wp.com\/www.dannwollenwirmal.de\/wp-content\/uploads\/2015\/10\/IMG_3743.jpg?resize=150%2C150 150w, https:\/\/i1.wp.com\/www.dannwollenwirmal.de\/wp-content\/uploads\/2015\/10\/IMG_3743.jpg?resize=300%2C300 300w\" sizes=\"(max-width: 652px) 100vw, 652px\" data-recalc-dims=\"1\" \/><\/a><br \/>\n<em>Eingang<\/em><\/p>\n<p>Fakt ist: Das Ding m\u00fcsste mal umgedreht werden. Fakt ist aber auch: Alles auseinanderzubauen und richtig wieder hinzusetzen ist mir nicht nur zu aufw\u00e4ndig, ich habe auch starke Zweifel daran, ob man es nach all den Jahren wieder passend zusammengef\u00fcgt bekommt.<\/p>\n<p>Da ich ja von Berufs wegen Zugang zu b\u00fchnentechnischem Material habe, kam mir dieser Einfall:<\/p>\n<p><a href=\"https:\/\/i1.wp.com\/www.dannwollenwirmal.de\/wp-content\/uploads\/2015\/10\/IMG_3744.jpg\"><img data-attachment-id=\"1121\" data-permalink=\"http:\/\/www.dannwollenwirmal.de\/?attachment_id=1121#main\" data-orig-file=\"https:\/\/i1.wp.com\/www.dannwollenwirmal.de\/wp-content\/uploads\/2015\/10\/IMG_3744.jpg?fit=652%2C652\" data-orig-size=\"652,652\" data-comments-opened=\"1\" data-image-meta=\"{&quot;aperture&quot;:&quot;2.2&quot;,&quot;credit&quot;:&quot;&quot;,&quot;camera&quot;:&quot;iPhone 6&quot;,&quot;caption&quot;:&quot;&quot;,&quot;created_timestamp&quot;:&quot;1443953464&quot;,&quot;copyright&quot;:&quot;&quot;,&quot;focal_length&quot;:&quot;4.15&quot;,&quot;iso&quot;:&quot;32&quot;,&quot;shutter_speed&quot;:&quot;0.025&quot;,&quot;title&quot;:&quot;&quot;,&quot;orientation&quot;:&quot;1&quot;}\" data-image-title=\"IMG_3744\" data-image-description=\"\" data-image-caption=\"\" data-medium-file=\"https:\/\/i1.wp.com\/www.dannwollenwirmal.de\/wp-content\/uploads\/2015\/10\/IMG_3744.jpg?fit=300%2C300\" data-large-file=\"https:\/\/i1.wp.com\/www.dannwollenwirmal.de\/wp-content\/uploads\/2015\/10\/IMG_3744.jpg?fit=652%2C652\" loading=\"lazy\" class=\"alignnone size-full wp-image-1121\" src=\"https:\/\/i1.wp.com\/www.dannwollenwirmal.de\/wp-content\/uploads\/2015\/10\/IMG_3744.jpg?resize=652%2C652\" alt=\"IMG_3744\" width=\"652\" height=\"652\" srcset=\"https:\/\/i1.wp.com\/www.dannwollenwirmal.de\/wp-content\/uploads\/2015\/10\/IMG_3744.jpg?w=652 652w, https:\/\/i1.wp.com\/www.dannwollenwirmal.de\/wp-content\/uploads\/2015\/10\/IMG_3744.jpg?resize=150%2C150 150w, https:\/\/i1.wp.com\/www.dannwollenwirmal.de\/wp-content\/uploads\/2015\/10\/IMG_3744.jpg?resize=300%2C300 300w\" sizes=\"(max-width: 652px) 100vw, 652px\" data-recalc-dims=\"1\" \/><\/a><br \/>\n<em>grobe Skizze!<\/em><\/p>\n<p>Um das H\u00e4uschen ein Traversenger\u00fcst gebaut, in der Mitte ein Kettenzug, und das H\u00e4uschen am unteren Rand befestigt, angehoben, umgedreht, wieder abgesetzt. Da ich aber noch nie ein solches Haus aufgebaut habe, wei\u00df ich nicht, ob die gew\u00f6hnlich am Boden verankert sind? Wenn das einer meiner Leser wei\u00df, bitte aufkl\u00e4ren!<\/p>\n<p>Ein vergleichbarer Schuppen wiegt etwa 300-400 kg, das m\u00fcsste also mit einem 1000 kg-Kettenzug m\u00f6glich sein. Vielleicht reicht anstelle des Ger\u00fcstes auch einfach eine Hilfsstrecke auf zwei Liften, die jeweils 200 kg k\u00f6nnen.<\/p>\n<p><a href=\"https:\/\/i1.wp.com\/www.dannwollenwirmal.de\/wp-content\/uploads\/2015\/10\/IMG_3742.jpg\"><img data-attachment-id=\"1122\" data-permalink=\"http:\/\/www.dannwollenwirmal.de\/?attachment_id=1122#main\" data-orig-file=\"https:\/\/i1.wp.com\/www.dannwollenwirmal.de\/wp-content\/uploads\/2015\/10\/IMG_3742.jpg?fit=652%2C652\" data-orig-size=\"652,652\" data-comments-opened=\"1\" data-image-meta=\"{&quot;aperture&quot;:&quot;2.2&quot;,&quot;credit&quot;:&quot;&quot;,&quot;camera&quot;:&quot;iPhone 6&quot;,&quot;caption&quot;:&quot;&quot;,&quot;created_timestamp&quot;:&quot;1443953062&quot;,&quot;copyright&quot;:&quot;&quot;,&quot;focal_length&quot;:&quot;4.15&quot;,&quot;iso&quot;:&quot;32&quot;,&quot;shutter_speed&quot;:&quot;0.025&quot;,&quot;title&quot;:&quot;&quot;,&quot;orientation&quot;:&quot;1&quot;}\" data-image-title=\"IMG_3742\" data-image-description=\"&lt;p&gt;Schwedenrot&lt;\/p&gt;\n\" data-image-caption=\"\" data-medium-file=\"https:\/\/i1.wp.com\/www.dannwollenwirmal.de\/wp-content\/uploads\/2015\/10\/IMG_3742.jpg?fit=300%2C300\" data-large-file=\"https:\/\/i1.wp.com\/www.dannwollenwirmal.de\/wp-content\/uploads\/2015\/10\/IMG_3742.jpg?fit=652%2C652\" loading=\"lazy\" class=\"alignnone size-full wp-image-1122\" src=\"https:\/\/i1.wp.com\/www.dannwollenwirmal.de\/wp-content\/uploads\/2015\/10\/IMG_3742.jpg?resize=652%2C652\" alt=\"IMG_3742\" width=\"652\" height=\"652\" srcset=\"https:\/\/i1.wp.com\/www.dannwollenwirmal.de\/wp-content\/uploads\/2015\/10\/IMG_3742.jpg?w=652 652w, https:\/\/i1.wp.com\/www.dannwollenwirmal.de\/wp-content\/uploads\/2015\/10\/IMG_3742.jpg?resize=150%2C150 150w, https:\/\/i1.wp.com\/www.dannwollenwirmal.de\/wp-content\/uploads\/2015\/10\/IMG_3742.jpg?resize=300%2C300 300w\" sizes=\"(max-width: 652px) 100vw, 652px\" data-recalc-dims=\"1\" \/><\/a><br \/>\n<em>Eine Wand ist schonmal gestrichen! Schwedenrot.<\/em><\/p>\n<p>Also, hiermit mein Aufruf an die gesch\u00e4tzte Leserschaft:<br \/>\n&#8211; wer wei\u00df, ob so ein Gartenhaus verankert ist, und wenn ja, wie?<br \/>\n&#8211; wer hat Erfahrungen im Versetzen von Gartenh\u00e4usern?<br \/>\n&#8211; w\u00e4re ein Kran einfacher? Wer hat einen Kran zuhause?<br \/>\n&#8211; werde ich nach dem Umdrehen nur noch einen Haufen Schrott haben? (der aber immerhin richtigrum ist)<br \/>\n&#8211; hat das Falschrum-Stehen vielleicht auch Vorteile, die mir nicht bekannt sind?<br \/>\n&#8211; W\u00e4re es nicht auch m\u00f6glich, das Haus auf einem Bauschaum-Kissen zu drehen?<br \/>\n&#8211; oder an allen Ecken anheben und Rollen druntersetzen?<\/p>\n<p>Ich freue mich auf Eure Ideen \ud83d\ude42<\/p>\n<p>Sch\u00f6nen Sonntag!<\/p>\n<div class=\"sharedaddy sd-sharing-enabled\"><div class=\"robots-nocontent sd-block sd-social sd-social-icon-text sd-sharing\"><h3 class=\"sd-title\">Teilen mit:<\/h3><div class=\"sd-content\"><ul><li class=\"share-email\"><a rel=\"nofollow noopener noreferrer\" data-shared=\"\" class=\"share-email sd-button share-icon\" href=\"http:\/\/www.dannwollenwirmal.de\/?p=1118&amp;share=email\" target=\"_blank\" title=\"Klick, um dies einem Freund per E-Mail zu senden\"><span>E-Mail<\/span><\/a><\/li><li class=\"share-print\"><a rel=\"nofollow noopener noreferrer\" data-shared=\"\" class=\"share-print sd-button share-icon\" href=\"http:\/\/www.dannwollenwirmal.de\/?p=1118\" target=\"_blank\" title=\"Klicken zum Ausdrucken\"><span>Drucken<\/span><\/a><\/li><li class=\"share-facebook\"><a rel=\"nofollow noopener noreferrer\" data-shared=\"sharing-facebook-1118\" class=\"share-facebook sd-button share-icon\" href=\"http:\/\/www.dannwollenwirmal.de\/?p=1118&amp;share=facebook\" target=\"_blank\" title=\"Klick, um auf Facebook zu teilen\"><span>Facebook<\/span><\/a><\/li><li class=\"share-twitter\"><a rel=\"nofollow noopener noreferrer\" data-shared=\"sharing-twitter-1118\" class=\"share-twitter sd-button share-icon\" href=\"http:\/\/www.dannwollenwirmal.de\/?p=1118&amp;share=twitter\" target=\"_blank\" title=\"Klick, um \u00fcber Twitter zu teilen\"><span>Twitter<\/span><\/a><\/li><li class=\"share-pinterest\"><a rel=\"nofollow noopener noreferrer\" data-shared=\"sharing-pinterest-1118\" class=\"share-pinterest sd-button share-icon\" href=\"http:\/\/www.dannwollenwirmal.de\/?p=1118&amp;share=pinterest\" target=\"_blank\" title=\"Klick, um auf Pinterest zu teilen\"><span>Pinterest<\/span><\/a><\/li><li class=\"share-linkedin\"><a rel=\"nofollow noopener noreferrer\" data-shared=\"sharing-linkedin-1118\" class=\"share-linkedin sd-button share-icon\" href=\"http:\/\/www.dannwollenwirmal.de\/?p=1118&amp;share=linkedin\" target=\"_blank\" title=\"Klick, um auf LinkedIn zu teilen\"><span>LinkedIn<\/span><\/a><\/li><li class=\"share-end\"><\/li><\/ul><\/div><\/div><\/div>","protected":false},"excerpt":{"rendered":"<p>Ich bin ja tats\u00e4chlich gerade im Pinselfieber, und nachdem der Zaun vorm Haus einen neuen Anstrich bekommen hat, ist nun das Gartenh\u00e4uschen dran. Das haben wir damals zusammen mit dem Haus &#8218;erworben&#8216; und es f\u00fchrt seitdem ein eher tristes Dasein in der hinteren Gartenecke, gef\u00fcllt mit ein wenig Ger\u00fcmpel und Kinder-Gartenspielzeug und auch zugegebenerweise nicht [&hellip;]<\/p>\n<div class=\"sharedaddy sd-sharing-enabled\"><div class=\"robots-nocontent sd-block sd-social sd-social-icon-text sd-sharing\"><h3 class=\"sd-title\">Teilen mit:<\/h3><div class=\"sd-content\"><ul><li class=\"share-email\"><a rel=\"nofollow noopener noreferrer\" data-shared=\"\" class=\"share-email sd-button share-icon\" href=\"http:\/\/www.dannwollenwirmal.de\/?p=1118&amp;share=email\" target=\"_blank\" title=\"Klick, um dies einem Freund per E-Mail zu senden\"><span>E-Mail<\/span><\/a><\/li><li class=\"share-print\"><a rel=\"nofollow noopener noreferrer\" data-shared=\"\" class=\"share-print sd-button share-icon\" href=\"http:\/\/www.dannwollenwirmal.de\/?p=1118\" target=\"_blank\" title=\"Klicken zum Ausdrucken\"><span>Drucken<\/span><\/a><\/li><li class=\"share-facebook\"><a rel=\"nofollow noopener noreferrer\" data-shared=\"sharing-facebook-1118\" class=\"share-facebook sd-button share-icon\" href=\"http:\/\/www.dannwollenwirmal.de\/?p=1118&amp;share=facebook\" target=\"_blank\" title=\"Klick, um auf Facebook zu teilen\"><span>Facebook<\/span><\/a><\/li><li class=\"share-twitter\"><a rel=\"nofollow noopener noreferrer\" data-shared=\"sharing-twitter-1118\" class=\"share-twitter sd-button share-icon\" href=\"http:\/\/www.dannwollenwirmal.de\/?p=1118&amp;share=twitter\" target=\"_blank\" title=\"Klick, um \u00fcber Twitter zu teilen\"><span>Twitter<\/span><\/a><\/li><li class=\"share-pinterest\"><a rel=\"nofollow noopener noreferrer\" data-shared=\"sharing-pinterest-1118\" class=\"share-pinterest sd-button share-icon\" href=\"http:\/\/www.dannwollenwirmal.de\/?p=1118&amp;share=pinterest\" target=\"_blank\" title=\"Klick, um auf Pinterest zu teilen\"><span>Pinterest<\/span><\/a><\/li><li class=\"share-linkedin\"><a rel=\"nofollow noopener noreferrer\" data-shared=\"sharing-linkedin-1118\" class=\"share-linkedin sd-button share-icon\" href=\"http:\/\/www.dannwollenwirmal.de\/?p=1118&amp;share=linkedin\" target=\"_blank\" title=\"Klick, um auf LinkedIn zu teilen\"><span>LinkedIn<\/span><\/a><\/li><li class=\"share-end\"><\/li><\/ul><\/div><\/div><\/div>","protected":false},"author":1,"featured_media":0,"comment_status":"open","ping_status":"open","sticky":false,"template":"","format":"standard","meta":{"advanced_seo_description":"","spay_email":"","jetpack_publicize_message":"","jetpack_is_tweetstorm":false,"jetpack_publicize_feature_enabled":true},"categories":[1,120,121,35],"tags":[277],"jetpack_featured_media_url":"","jetpack_publicize_connections":[],"jetpack_shortlink":"https:\/\/wp.me\/p3WtlO-i2","jetpack_sharing_enabled":true,"jetpack-related-posts":[{"id":507,"url":"http:\/\/www.dannwollenwirmal.de\/?p=507","url_meta":{"origin":1118,"position":0},"title":"Bodenturnen","date":"10. Juli 2014","format":false,"excerpt":"Unter dem Motto \"Lief jetzt mal nicht so\" k\u00f6nnte man das heutige Projekt zu den Akten legen. Irgendwie auch klar, wenn man etwas \"mal eben schnell\" machen will...doch von Anfang an: Ich habe schon l\u00e4nger eine reparaturbed\u00fcrftige Stelle am Haus: der r\u00fcckseitige Traufkasten war bereits beim Hauskauf an einigen Stellen\u2026","rel":"","context":"In &quot;Allgemein&quot;","img":{"alt_text":"","src":"https:\/\/i0.wp.com\/www.dannwollenwirmal.de\/wp-content\/uploads\/2014\/07\/Foto-2.jpg?resize=350%2C200","width":350,"height":200},"classes":[]},{"id":1019,"url":"http:\/\/www.dannwollenwirmal.de\/?p=1019","url_meta":{"origin":1118,"position":1},"title":"Sommerpause III","date":"5. Juli 2015","format":false,"excerpt":"Heute vor einem Jahr, als ich den Hubsteiger im Vorgarten versenkte: Bodenturnen 10. Juli 2014 by mohlemeyer Unter dem Motto \u201eLief jetzt mal nicht so\u201c k\u00f6nnte man das heutige Projekt zu den Akten legen. Irgendwie auch klar, wenn man etwas \u201emal eben schnell\u201c machen will\u2026doch von Anfang an: Ich habe\u2026","rel":"","context":"In &quot;Allgemein&quot;","img":{"alt_text":"Foto 1","src":"https:\/\/i1.wp.com\/www.dannwollenwirmal.de\/wp-content\/uploads\/2014\/07\/Foto-1.jpg?resize=350%2C200","width":350,"height":200},"classes":[]},{"id":2256,"url":"http:\/\/www.dannwollenwirmal.de\/?p=2256","url_meta":{"origin":1118,"position":2},"title":"Volles Programm","date":"6. Mai 2018","format":false,"excerpt":"Gestern, also am Samstag, habe ich dann tats\u00e4chlich mal richtig was geschafft rund um Heim und Garten. Von den Dingen, die ich mir vorgenommen habe, kann ich die meisten als erledigt abhaken. So habe ich beispielsweise die Fensterl\u00e4den neu gestrichen. Vor etwa zwei Jahren habe ich die Dinger gebaut (siehe\u2026","rel":"","context":"In &quot;Allgemein&quot;","img":{"alt_text":"","src":"https:\/\/i1.wp.com\/www.dannwollenwirmal.de\/wp-content\/uploads\/2018\/05\/IMG_6398.jpg?resize=350%2C200","width":350,"height":200},"classes":[]},{"id":2125,"url":"http:\/\/www.dannwollenwirmal.de\/?p=2125","url_meta":{"origin":1118,"position":3},"title":"Die Ausschreibung","date":"17. Dezember 2017","format":false,"excerpt":"Montag, 4. November Durch eine Verkettung von kuriosen Umst\u00e4nden geht der Zuschlag der europaweiten Ausschreibung zur Errichtung der Neubausiedlung\u00a0Weserwerft an den Haus- Garten- und Hausmeisterservice Wolfgang Kottm\u00fcller aus Lehrte. Es handelt sich um die Errichtung von 34 Ein- bis Zweifamilienh\u00e4usern als Generalunternehmer. Dienstag, 5. November Herr Kottm\u00fcller geht direkt ans\u2026","rel":"","context":"In &quot;Allgemein&quot;","img":{"alt_text":"","src":"","width":0,"height":0},"classes":[]},{"id":1538,"url":"http:\/\/www.dannwollenwirmal.de\/?p=1538","url_meta":{"origin":1118,"position":4},"title":"Lasuren und Algen","date":"3. Juli 2016","format":false,"excerpt":"Danke, danke, f\u00fcr die vielen Reaktionen auf die Hochzeitstipps von letzter Woche. Und ja, nat\u00fcrlich d\u00fcrft ihr das gerne als Anregung mitnehmen. Die diversen Hochzeitseinladungen habe ich erhalten. Nat\u00fcrlich werde ich an jeder einzelnen Feier meiner Leser teilnehmen! Ist doch Ehrensache. Ich packe schonmal das Werkzeug vor, muss nur noch\u2026","rel":"","context":"In &quot;Allgemein&quot;","img":{"alt_text":"","src":"https:\/\/i2.wp.com\/www.dannwollenwirmal.de\/wp-content\/uploads\/2016\/07\/IMG_4491.jpg?resize=350%2C200","width":350,"height":200},"classes":[]},{"id":2327,"url":"http:\/\/www.dannwollenwirmal.de\/?p=2327","url_meta":{"origin":1118,"position":5},"title":"Begehbarer Werkzeugschrank","date":"15. Juli 2018","format":false,"excerpt":"Sch\u00f6n, dass ihr Euch alle so \u00fcber die Geschichte vom M\u00e4hroboter gefreut habt. Das ist aber auch ein kleiner Schlingel! Familie P. hat ihn mittlerweile auf einem Kleinanzeigenportal ver\u00e4u\u00dfert, dem neuen Besitzer ist er allerdings auch schon wieder abgehauen und befindet sich jetzt auf dem Weg nach Wei\u00dfrussland. Apropos weise:\u2026","rel":"","context":"In &quot;Allgemein&quot;","img":{"alt_text":"","src":"","width":0,"height":0},"classes":[]}],"_links":{"self":[{"href":"http:\/\/www.dannwollenwirmal.de\/index.php?rest_route=\/wp\/v2\/posts\/1118"}],"collection":[{"href":"http:\/\/www.dannwollenwirmal.de\/index.php?rest_route=\/wp\/v2\/posts"}],"about":[{"href":"http:\/\/www.dannwollenwirmal.de\/index.php?rest_route=\/wp\/v2\/types\/post"}],"author":[{"embeddable":true,"href":"http:\/\/www.dannwollenwirmal.de\/index.php?rest_route=\/wp\/v2\/users\/1"}],"replies":[{"embeddable":true,"href":"http:\/\/www.dannwollenwirmal.de\/index.php?rest_route=%2Fwp%2Fv2%2Fcomments&post=1118"}],"version-history":[{"count":2,"href":"http:\/\/www.dannwollenwirmal.de\/index.php?rest_route=\/wp\/v2\/posts\/1118\/revisions"}],"predecessor-version":[{"id":1124,"href":"http:\/\/www.dannwollenwirmal.de\/index.php?rest_route=\/wp\/v2\/posts\/1118\/revisions\/1124"}],"wp:attachment":[{"href":"http:\/\/www.dannwollenwirmal.de\/index.php?rest_route=%2Fwp%2Fv2%2Fmedia&parent=1118"}],"wp:term":[{"taxonomy":"category","embeddable":true,"href":"http:\/\/www.dannwollenwirmal.de\/index.php?rest_route=%2Fwp%2Fv2%2Fcategories&post=1118"},{"taxonomy":"post_tag","embeddable":true,"href":"http:\/\/www.dannwollenwirmal.de\/index.php?rest_route=%2Fwp%2Fv2%2Ftags&post=1118"}],"curies":[{"name":"wp","href":"https:\/\/api.w.org\/{rel}","templated":true}]}}