{"id":1061,"date":"2015-08-30T09:00:50","date_gmt":"2015-08-30T07:00:50","guid":{"rendered":"http:\/\/www.dannwollenwirmal.de\/?p=1061"},"modified":"2016-01-15T20:02:06","modified_gmt":"2016-01-15T19:02:06","slug":"1061","status":"publish","type":"post","link":"http:\/\/www.dannwollenwirmal.de\/?p=1061","title":{"rendered":"Albtr\u00e4ume im Malergro\u00dfhandel"},"content":{"rendered":"<p>Es geht gut voran im Treppenhaus! In dieser Woche war ich Maurer, Trockenbauer, Tischler und Maler (zum Maler sp\u00e4ter mehr). Das Projekt <em>Reibeputz im Treppenhaus<\/em> war tats\u00e4chlich eine Herausforderung &#8211; vor Allem angesichts der Schweinerei; die Deckenschr\u00e4gen lassen sich nur r\u00fccklings liegend auf der Leiter erreichen, dementsprechend klatscht beim Abreiben alles senkrecht ins Gesicht und ich glaube, ich war <del>noch nie<\/del> lange nicht so dreckig.<\/p>\n<p><a href=\"https:\/\/i2.wp.com\/www.dannwollenwirmal.de\/wp-content\/uploads\/2015\/08\/IMG_3628.jpg\"><img data-attachment-id=\"1064\" data-permalink=\"http:\/\/www.dannwollenwirmal.de\/?attachment_id=1064#main\" data-orig-file=\"https:\/\/i2.wp.com\/www.dannwollenwirmal.de\/wp-content\/uploads\/2015\/08\/IMG_3628.jpg?fit=652%2C652\" data-orig-size=\"652,652\" data-comments-opened=\"1\" data-image-meta=\"{&quot;aperture&quot;:&quot;2.2&quot;,&quot;credit&quot;:&quot;&quot;,&quot;camera&quot;:&quot;iPhone 6&quot;,&quot;caption&quot;:&quot;&quot;,&quot;created_timestamp&quot;:&quot;1440528937&quot;,&quot;copyright&quot;:&quot;&quot;,&quot;focal_length&quot;:&quot;4.15&quot;,&quot;iso&quot;:&quot;250&quot;,&quot;shutter_speed&quot;:&quot;0.05&quot;,&quot;title&quot;:&quot;&quot;,&quot;orientation&quot;:&quot;1&quot;}\" data-image-title=\"IMG_3628\" data-image-description=\"&lt;p&gt;Wand ausbessern Gipsputz&lt;\/p&gt;\n\" data-image-caption=\"\" data-medium-file=\"https:\/\/i2.wp.com\/www.dannwollenwirmal.de\/wp-content\/uploads\/2015\/08\/IMG_3628.jpg?fit=300%2C300\" data-large-file=\"https:\/\/i2.wp.com\/www.dannwollenwirmal.de\/wp-content\/uploads\/2015\/08\/IMG_3628.jpg?fit=652%2C652\" loading=\"lazy\" class=\"alignnone size-full wp-image-1064\" src=\"https:\/\/i2.wp.com\/www.dannwollenwirmal.de\/wp-content\/uploads\/2015\/08\/IMG_3628.jpg?resize=652%2C652\" alt=\"IMG_3628\" width=\"652\" height=\"652\" srcset=\"https:\/\/i2.wp.com\/www.dannwollenwirmal.de\/wp-content\/uploads\/2015\/08\/IMG_3628.jpg?w=652 652w, https:\/\/i2.wp.com\/www.dannwollenwirmal.de\/wp-content\/uploads\/2015\/08\/IMG_3628.jpg?resize=150%2C150 150w, https:\/\/i2.wp.com\/www.dannwollenwirmal.de\/wp-content\/uploads\/2015\/08\/IMG_3628.jpg?resize=300%2C300 300w\" sizes=\"(max-width: 652px) 100vw, 652px\" data-recalc-dims=\"1\" \/><\/a><br \/>\n<em>Vorbehandlung mit Gipsputz<\/em><\/p>\n<p>Bevor es dazu kommen konnte, wurden die W\u00e4nde erstmal vorbereitet; Ganz oben im First habe ich mit Gipskarton an die bestehende Dachboden-Ausbaustufe angeschlossen, Unebenheiten in den W\u00e4nden habe ich mit Gipsputz behandelt, und am Ende wurden die W\u00e4nde und Schr\u00e4gen dann mit Putzgrund vorbehandelt.<\/p>\n<p><a href=\"https:\/\/i1.wp.com\/www.dannwollenwirmal.de\/wp-content\/uploads\/2015\/08\/IMG_3629.jpg\"><img data-attachment-id=\"1068\" data-permalink=\"http:\/\/www.dannwollenwirmal.de\/?attachment_id=1068#main\" data-orig-file=\"https:\/\/i1.wp.com\/www.dannwollenwirmal.de\/wp-content\/uploads\/2015\/08\/IMG_3629.jpg?fit=652%2C652\" data-orig-size=\"652,652\" data-comments-opened=\"1\" data-image-meta=\"{&quot;aperture&quot;:&quot;2.2&quot;,&quot;credit&quot;:&quot;&quot;,&quot;camera&quot;:&quot;iPhone 6&quot;,&quot;caption&quot;:&quot;&quot;,&quot;created_timestamp&quot;:&quot;1440528953&quot;,&quot;copyright&quot;:&quot;&quot;,&quot;focal_length&quot;:&quot;4.15&quot;,&quot;iso&quot;:&quot;320&quot;,&quot;shutter_speed&quot;:&quot;0.066666666666667&quot;,&quot;title&quot;:&quot;&quot;,&quot;orientation&quot;:&quot;1&quot;}\" data-image-title=\"IMG_3629\" data-image-description=\"\" data-image-caption=\"\" data-medium-file=\"https:\/\/i1.wp.com\/www.dannwollenwirmal.de\/wp-content\/uploads\/2015\/08\/IMG_3629.jpg?fit=300%2C300\" data-large-file=\"https:\/\/i1.wp.com\/www.dannwollenwirmal.de\/wp-content\/uploads\/2015\/08\/IMG_3629.jpg?fit=652%2C652\" loading=\"lazy\" class=\"alignnone size-full wp-image-1068\" src=\"https:\/\/i1.wp.com\/www.dannwollenwirmal.de\/wp-content\/uploads\/2015\/08\/IMG_3629.jpg?resize=652%2C652\" alt=\"IMG_3629\" width=\"652\" height=\"652\" srcset=\"https:\/\/i1.wp.com\/www.dannwollenwirmal.de\/wp-content\/uploads\/2015\/08\/IMG_3629.jpg?w=652 652w, https:\/\/i1.wp.com\/www.dannwollenwirmal.de\/wp-content\/uploads\/2015\/08\/IMG_3629.jpg?resize=150%2C150 150w, https:\/\/i1.wp.com\/www.dannwollenwirmal.de\/wp-content\/uploads\/2015\/08\/IMG_3629.jpg?resize=300%2C300 300w\" sizes=\"(max-width: 652px) 100vw, 652px\" data-recalc-dims=\"1\" \/><\/a><br \/>\n<em>Gipskarton im First<\/em><\/p>\n<p>Auch das Vert\u00e4felungs-Kleinod habe ich aufgearbeitet: als untere Abschlussleiste habe ich noch ein Zierholz gefunden, das mit in die nachtr\u00e4gliche Vert\u00e4felung eingebaut war und offensichtlich ebenfalls aus den goldenen 20ern stammt. Hier habe ich einen Viertelstab aufgeleimt und es dann vor den Spalt gesetzt, der seitlich der abgeh\u00e4ngten Decke des 1. OG zu sehen war.<\/p>\n<p><a href=\"https:\/\/i2.wp.com\/www.dannwollenwirmal.de\/wp-content\/uploads\/2015\/08\/IMG_3630.jpg\"><img data-attachment-id=\"1065\" data-permalink=\"http:\/\/www.dannwollenwirmal.de\/?attachment_id=1065#main\" data-orig-file=\"https:\/\/i2.wp.com\/www.dannwollenwirmal.de\/wp-content\/uploads\/2015\/08\/IMG_3630.jpg?fit=652%2C652\" data-orig-size=\"652,652\" data-comments-opened=\"1\" data-image-meta=\"{&quot;aperture&quot;:&quot;2.2&quot;,&quot;credit&quot;:&quot;&quot;,&quot;camera&quot;:&quot;iPhone 6&quot;,&quot;caption&quot;:&quot;&quot;,&quot;created_timestamp&quot;:&quot;1440602359&quot;,&quot;copyright&quot;:&quot;&quot;,&quot;focal_length&quot;:&quot;4.15&quot;,&quot;iso&quot;:&quot;32&quot;,&quot;shutter_speed&quot;:&quot;0.0083333333333333&quot;,&quot;title&quot;:&quot;&quot;,&quot;orientation&quot;:&quot;1&quot;}\" data-image-title=\"IMG_3630\" data-image-description=\"&lt;p&gt;Viertelstab leimen&lt;\/p&gt;\n\" data-image-caption=\"\" data-medium-file=\"https:\/\/i2.wp.com\/www.dannwollenwirmal.de\/wp-content\/uploads\/2015\/08\/IMG_3630.jpg?fit=300%2C300\" data-large-file=\"https:\/\/i2.wp.com\/www.dannwollenwirmal.de\/wp-content\/uploads\/2015\/08\/IMG_3630.jpg?fit=652%2C652\" loading=\"lazy\" class=\"alignnone size-full wp-image-1065\" src=\"https:\/\/i2.wp.com\/www.dannwollenwirmal.de\/wp-content\/uploads\/2015\/08\/IMG_3630.jpg?resize=652%2C652\" alt=\"IMG_3630\" width=\"652\" height=\"652\" srcset=\"https:\/\/i2.wp.com\/www.dannwollenwirmal.de\/wp-content\/uploads\/2015\/08\/IMG_3630.jpg?w=652 652w, https:\/\/i2.wp.com\/www.dannwollenwirmal.de\/wp-content\/uploads\/2015\/08\/IMG_3630.jpg?resize=150%2C150 150w, https:\/\/i2.wp.com\/www.dannwollenwirmal.de\/wp-content\/uploads\/2015\/08\/IMG_3630.jpg?resize=300%2C300 300w\" sizes=\"(max-width: 652px) 100vw, 652px\" data-recalc-dims=\"1\" \/><\/a><br \/>\n<em>Viertelstab leimen: Geht besser mit Kabelbindern als mit Schraubzwingen!<\/em><\/p>\n<p>Auch die Vert\u00e4felung habe ich ringsum mit Viertelst\u00e4ben eingefasst, wobei ja ehrlicherweise diese ganz filigranen Holzarbeiten nichts f\u00fcr mich sind. Oben unterm Dach feine Holzst\u00e4bchen auf Gehrung geschnitten mit kleinen N\u00e4gelchen ohne Spalten irgendwo drankl\u00f6ppeln, puh &#8211; da muss man zwischendurch schon mal <del>laut rumfluchen<\/del> tief durchatmen.<\/p>\n<p><a href=\"https:\/\/i0.wp.com\/www.dannwollenwirmal.de\/wp-content\/uploads\/2015\/08\/IMG_3633.jpg\"><img data-attachment-id=\"1066\" data-permalink=\"http:\/\/www.dannwollenwirmal.de\/?attachment_id=1066#main\" data-orig-file=\"https:\/\/i0.wp.com\/www.dannwollenwirmal.de\/wp-content\/uploads\/2015\/08\/IMG_3633.jpg?fit=652%2C652\" data-orig-size=\"652,652\" data-comments-opened=\"1\" data-image-meta=\"{&quot;aperture&quot;:&quot;2.2&quot;,&quot;credit&quot;:&quot;&quot;,&quot;camera&quot;:&quot;iPhone 6&quot;,&quot;caption&quot;:&quot;&quot;,&quot;created_timestamp&quot;:&quot;1440612108&quot;,&quot;copyright&quot;:&quot;&quot;,&quot;focal_length&quot;:&quot;4.15&quot;,&quot;iso&quot;:&quot;80&quot;,&quot;shutter_speed&quot;:&quot;0.033333333333333&quot;,&quot;title&quot;:&quot;&quot;,&quot;orientation&quot;:&quot;1&quot;}\" data-image-title=\"IMG_3633\" data-image-description=\"\" data-image-caption=\"\" data-medium-file=\"https:\/\/i0.wp.com\/www.dannwollenwirmal.de\/wp-content\/uploads\/2015\/08\/IMG_3633.jpg?fit=300%2C300\" data-large-file=\"https:\/\/i0.wp.com\/www.dannwollenwirmal.de\/wp-content\/uploads\/2015\/08\/IMG_3633.jpg?fit=652%2C652\" loading=\"lazy\" class=\"alignnone size-full wp-image-1066\" src=\"https:\/\/i0.wp.com\/www.dannwollenwirmal.de\/wp-content\/uploads\/2015\/08\/IMG_3633.jpg?resize=652%2C652\" alt=\"IMG_3633\" width=\"652\" height=\"652\" srcset=\"https:\/\/i0.wp.com\/www.dannwollenwirmal.de\/wp-content\/uploads\/2015\/08\/IMG_3633.jpg?w=652 652w, https:\/\/i0.wp.com\/www.dannwollenwirmal.de\/wp-content\/uploads\/2015\/08\/IMG_3633.jpg?resize=150%2C150 150w, https:\/\/i0.wp.com\/www.dannwollenwirmal.de\/wp-content\/uploads\/2015\/08\/IMG_3633.jpg?resize=300%2C300 300w\" sizes=\"(max-width: 652px) 100vw, 652px\" data-recalc-dims=\"1\" \/><\/a><br \/>\n<em>Montierte Abschlussleiste (unten) und seitliche Verkleidung mit Viertelst\u00e4ben<\/em><\/p>\n<p>Ganz begeistert bin ich vom Holzkitt aus dem Holzhandel: Mit Spachtel auftragen, aush\u00e4rten lassen, wird dann sp\u00e4ter abgeschliffen und f\u00fcllt ganz ausgezeichnet vorhandene L\u00f6cher, Risse und auch gr\u00f6\u00dfere Spalten.<\/p>\n<p><a href=\"https:\/\/i0.wp.com\/www.dannwollenwirmal.de\/wp-content\/uploads\/2015\/08\/IMG_3631.jpg\"><img data-attachment-id=\"1067\" data-permalink=\"http:\/\/www.dannwollenwirmal.de\/?attachment_id=1067#main\" data-orig-file=\"https:\/\/i0.wp.com\/www.dannwollenwirmal.de\/wp-content\/uploads\/2015\/08\/IMG_3631.jpg?fit=652%2C652\" data-orig-size=\"652,652\" data-comments-opened=\"1\" data-image-meta=\"{&quot;aperture&quot;:&quot;2.2&quot;,&quot;credit&quot;:&quot;&quot;,&quot;camera&quot;:&quot;iPhone 6&quot;,&quot;caption&quot;:&quot;&quot;,&quot;created_timestamp&quot;:&quot;1440607933&quot;,&quot;copyright&quot;:&quot;&quot;,&quot;focal_length&quot;:&quot;4.15&quot;,&quot;iso&quot;:&quot;50&quot;,&quot;shutter_speed&quot;:&quot;0.033333333333333&quot;,&quot;title&quot;:&quot;&quot;,&quot;orientation&quot;:&quot;1&quot;}\" data-image-title=\"IMG_3631\" data-image-description=\"&lt;p&gt;Holzkitt&lt;\/p&gt;\n\" data-image-caption=\"\" data-medium-file=\"https:\/\/i0.wp.com\/www.dannwollenwirmal.de\/wp-content\/uploads\/2015\/08\/IMG_3631.jpg?fit=300%2C300\" data-large-file=\"https:\/\/i0.wp.com\/www.dannwollenwirmal.de\/wp-content\/uploads\/2015\/08\/IMG_3631.jpg?fit=652%2C652\" loading=\"lazy\" class=\"alignnone size-full wp-image-1067\" src=\"https:\/\/i0.wp.com\/www.dannwollenwirmal.de\/wp-content\/uploads\/2015\/08\/IMG_3631.jpg?resize=652%2C652\" alt=\"IMG_3631\" width=\"652\" height=\"652\" srcset=\"https:\/\/i0.wp.com\/www.dannwollenwirmal.de\/wp-content\/uploads\/2015\/08\/IMG_3631.jpg?w=652 652w, https:\/\/i0.wp.com\/www.dannwollenwirmal.de\/wp-content\/uploads\/2015\/08\/IMG_3631.jpg?resize=150%2C150 150w, https:\/\/i0.wp.com\/www.dannwollenwirmal.de\/wp-content\/uploads\/2015\/08\/IMG_3631.jpg?resize=300%2C300 300w\" sizes=\"(max-width: 652px) 100vw, 652px\" data-recalc-dims=\"1\" \/><\/a><br \/>\n<em>Holzkitt<\/em><\/p>\n<p>Nach Fertigstellung der Holz- und Putzarbeiten kommt nun der vorletzte Abschnitt (vor dem Teppich): die Malerei! Das bisher graue Treppengel\u00e4nder soll wei\u00df mit einem rotbraunen Handlauf werden, die bisher graue Unterseite der Treppe (auf die man vom Erdegschoss aus guckt) soll ebenfalls wei\u00df mit einem rotbraunen Streifen zur Wand hin werden. Die Treppenhauswand bekommt einen Anstrich mit Latexfarbe.<\/p>\n<p>Im Rahmen meines Baunebengewerbes habe nun auch ich ein Kundenkonte beim \u00f6rtlichen Maler-Gro\u00dfhandel einrichten lassen, und immer wenn ich dort bin, habe ich Angst, dass die merken, dass ich gar kein echter Maler bin! Nicht dass das tragisch w\u00e4re; man darf dort auch als Halbmaler einkaufen und ich habe ja auch Gewerbe und Handwerkskammer und Impfausweis, aber eben auch immer ein mulmiges Gef\u00fchl.<\/p>\n<p><a href=\"https:\/\/i0.wp.com\/www.dannwollenwirmal.de\/wp-content\/uploads\/2015\/08\/IMG_3639.jpg\"><img data-attachment-id=\"1072\" data-permalink=\"http:\/\/www.dannwollenwirmal.de\/?attachment_id=1072#main\" data-orig-file=\"https:\/\/i0.wp.com\/www.dannwollenwirmal.de\/wp-content\/uploads\/2015\/08\/IMG_3639.jpg?fit=652%2C652\" data-orig-size=\"652,652\" data-comments-opened=\"1\" data-image-meta=\"{&quot;aperture&quot;:&quot;2.2&quot;,&quot;credit&quot;:&quot;&quot;,&quot;camera&quot;:&quot;iPhone 6&quot;,&quot;caption&quot;:&quot;&quot;,&quot;created_timestamp&quot;:&quot;1440865548&quot;,&quot;copyright&quot;:&quot;&quot;,&quot;focal_length&quot;:&quot;4.15&quot;,&quot;iso&quot;:&quot;32&quot;,&quot;shutter_speed&quot;:&quot;0.016666666666667&quot;,&quot;title&quot;:&quot;&quot;,&quot;orientation&quot;:&quot;1&quot;}\" data-image-title=\"IMG_3639\" data-image-description=\"\" data-image-caption=\"\" data-medium-file=\"https:\/\/i0.wp.com\/www.dannwollenwirmal.de\/wp-content\/uploads\/2015\/08\/IMG_3639.jpg?fit=300%2C300\" data-large-file=\"https:\/\/i0.wp.com\/www.dannwollenwirmal.de\/wp-content\/uploads\/2015\/08\/IMG_3639.jpg?fit=652%2C652\" loading=\"lazy\" class=\"alignnone size-full wp-image-1072\" src=\"https:\/\/i0.wp.com\/www.dannwollenwirmal.de\/wp-content\/uploads\/2015\/08\/IMG_3639.jpg?resize=652%2C652\" alt=\"IMG_3639\" width=\"652\" height=\"652\" srcset=\"https:\/\/i0.wp.com\/www.dannwollenwirmal.de\/wp-content\/uploads\/2015\/08\/IMG_3639.jpg?w=652 652w, https:\/\/i0.wp.com\/www.dannwollenwirmal.de\/wp-content\/uploads\/2015\/08\/IMG_3639.jpg?resize=150%2C150 150w, https:\/\/i0.wp.com\/www.dannwollenwirmal.de\/wp-content\/uploads\/2015\/08\/IMG_3639.jpg?resize=300%2C300 300w\" sizes=\"(max-width: 652px) 100vw, 652px\" data-recalc-dims=\"1\" \/><\/a><br \/>\n<em>Das ist doch schonmal schick geworden: aufgearbeitete Vert\u00e4felung<\/em><\/p>\n<p><em>Dann streife ich dort durch die G\u00e4nge und versuche, m\u00f6glichst wissend auszusehen. Hmm, Seidenlatex, Premiumlatex, Seidenpremiumlatex? Lieber nicht fragen. Ich mache mich schon verd\u00e4chtig durch meine schwarze Kleidung! Sind Maler nicht immer wei\u00df? Wie teuer der Lack wohl ist? Im Baumarkt kosten 2,5l gut 30 Euro&#8230;ok, ich frage mal (nachdem ich ihn gekauft hab) &#8211; zweiundf\u00fcnfzig nochwas? Ich nicke wissend und routiniert, denke aber: &#8222;Nagel im Kopp oder was?&#8220; Aber der ist bestimmt total gut und viel besser als der aus dem Baumarkt.\u00a0 (Ist er nicht, stellt sich nachher raus). Ich bin mal auf die Rechnung gespannt oh-oh&#8230;<\/em><\/p>\n<p>Lesen hier eigentlich Maler mit? Ich habe mich gefragt, ob Maler wohl ihr Werkzeug auswaschen oder immer wegschmei\u00dfen. Mal ganz ehrlich: eine Fassadenrolle\u00a0 kostet beim Baustoffh\u00e4ndler ein Euro nochwas. Das Auswaschen einer Fassadenrolle dauert sicherlich rund 10 Minuten, bis man da alles rausgequetscht hat, von der Sauerei mal abgesehen. Ein Malergeselle hat nach Tarif einen Stundenlohn von 12,15 \u20ac. Der Arbeitslohn f\u00fcrs Auswaschen ist also h\u00f6her als eine neue Rolle. Und das Streichergebnis wahrscheinlich auch.<\/p>\n<p><a href=\"https:\/\/i2.wp.com\/www.dannwollenwirmal.de\/wp-content\/uploads\/2015\/08\/IMG_3636.jpg\"><img data-attachment-id=\"1069\" data-permalink=\"http:\/\/www.dannwollenwirmal.de\/?attachment_id=1069#main\" data-orig-file=\"https:\/\/i2.wp.com\/www.dannwollenwirmal.de\/wp-content\/uploads\/2015\/08\/IMG_3636.jpg?fit=652%2C652\" data-orig-size=\"652,652\" data-comments-opened=\"1\" data-image-meta=\"{&quot;aperture&quot;:&quot;2.2&quot;,&quot;credit&quot;:&quot;&quot;,&quot;camera&quot;:&quot;iPhone 6&quot;,&quot;caption&quot;:&quot;&quot;,&quot;created_timestamp&quot;:&quot;1440797286&quot;,&quot;copyright&quot;:&quot;&quot;,&quot;focal_length&quot;:&quot;4.15&quot;,&quot;iso&quot;:&quot;400&quot;,&quot;shutter_speed&quot;:&quot;0.058823529411765&quot;,&quot;title&quot;:&quot;&quot;,&quot;orientation&quot;:&quot;1&quot;}\" data-image-title=\"IMG_3636\" data-image-description=\"\" data-image-caption=\"\" data-medium-file=\"https:\/\/i2.wp.com\/www.dannwollenwirmal.de\/wp-content\/uploads\/2015\/08\/IMG_3636.jpg?fit=300%2C300\" data-large-file=\"https:\/\/i2.wp.com\/www.dannwollenwirmal.de\/wp-content\/uploads\/2015\/08\/IMG_3636.jpg?fit=652%2C652\" loading=\"lazy\" class=\"alignnone size-full wp-image-1069\" src=\"https:\/\/i2.wp.com\/www.dannwollenwirmal.de\/wp-content\/uploads\/2015\/08\/IMG_3636.jpg?resize=652%2C652\" alt=\"IMG_3636\" width=\"652\" height=\"652\" srcset=\"https:\/\/i2.wp.com\/www.dannwollenwirmal.de\/wp-content\/uploads\/2015\/08\/IMG_3636.jpg?w=652 652w, https:\/\/i2.wp.com\/www.dannwollenwirmal.de\/wp-content\/uploads\/2015\/08\/IMG_3636.jpg?resize=150%2C150 150w, https:\/\/i2.wp.com\/www.dannwollenwirmal.de\/wp-content\/uploads\/2015\/08\/IMG_3636.jpg?resize=300%2C300 300w\" sizes=\"(max-width: 652px) 100vw, 652px\" data-recalc-dims=\"1\" \/><\/a><br \/>\n<em>Geht gut: Schaumwalze am Stiel<\/em><\/p>\n<p>Die Treppenunterseite habe ich \u00fcbrigens nicht angeschliffen, weil man dort nur mit Akrobatik drankommt und die sp\u00e4tere Lackierung sowieso nie wieder jemand ber\u00fchren kann. Allerdings musste ich zur Erzielung eines deckenden Ergebnisses auch mit dem Premium-Lack vier mal(!) streichen; bzw. Rollen: Ich bin ja gro\u00dfer Freund des Rollens mit Schaumstoffrollen in schmal und breit, und sowieso alles mit Stiel. Auch eine Wand l\u00e4sst sich mit Stiel wesentlich ergonomischer und kr\u00e4fteschonender rollen als ohne.<\/p>\n<p><a href=\"https:\/\/i0.wp.com\/www.dannwollenwirmal.de\/wp-content\/uploads\/2015\/08\/IMG_3635.jpg\"><img data-attachment-id=\"1070\" data-permalink=\"http:\/\/www.dannwollenwirmal.de\/?attachment_id=1070#main\" data-orig-file=\"https:\/\/i0.wp.com\/www.dannwollenwirmal.de\/wp-content\/uploads\/2015\/08\/IMG_3635.jpg?fit=652%2C652\" data-orig-size=\"652,652\" data-comments-opened=\"1\" data-image-meta=\"{&quot;aperture&quot;:&quot;2.2&quot;,&quot;credit&quot;:&quot;&quot;,&quot;camera&quot;:&quot;iPhone 6&quot;,&quot;caption&quot;:&quot;&quot;,&quot;created_timestamp&quot;:&quot;1440796440&quot;,&quot;copyright&quot;:&quot;&quot;,&quot;focal_length&quot;:&quot;4.15&quot;,&quot;iso&quot;:&quot;500&quot;,&quot;shutter_speed&quot;:&quot;0.058823529411765&quot;,&quot;title&quot;:&quot;&quot;,&quot;orientation&quot;:&quot;1&quot;}\" data-image-title=\"IMG_3635\" data-image-description=\"&lt;p&gt;Pinsel am Stiel&lt;\/p&gt;\n\" data-image-caption=\"\" data-medium-file=\"https:\/\/i0.wp.com\/www.dannwollenwirmal.de\/wp-content\/uploads\/2015\/08\/IMG_3635.jpg?fit=300%2C300\" data-large-file=\"https:\/\/i0.wp.com\/www.dannwollenwirmal.de\/wp-content\/uploads\/2015\/08\/IMG_3635.jpg?fit=652%2C652\" loading=\"lazy\" class=\"alignnone size-full wp-image-1070\" src=\"https:\/\/i0.wp.com\/www.dannwollenwirmal.de\/wp-content\/uploads\/2015\/08\/IMG_3635.jpg?resize=652%2C652\" alt=\"IMG_3635\" width=\"652\" height=\"652\" srcset=\"https:\/\/i0.wp.com\/www.dannwollenwirmal.de\/wp-content\/uploads\/2015\/08\/IMG_3635.jpg?w=652 652w, https:\/\/i0.wp.com\/www.dannwollenwirmal.de\/wp-content\/uploads\/2015\/08\/IMG_3635.jpg?resize=150%2C150 150w, https:\/\/i0.wp.com\/www.dannwollenwirmal.de\/wp-content\/uploads\/2015\/08\/IMG_3635.jpg?resize=300%2C300 300w\" sizes=\"(max-width: 652px) 100vw, 652px\" data-recalc-dims=\"1\" \/><\/a><br \/>\n<em>Geht auch: Pinsel am Stiel!<\/em><\/p>\n<p>Was ich \u00fcbrigens beim Malerhandel vergessen habe, waren die Pinsel! Die habe ich mir dann, zugegebenerweise, von <a href=\"http:\/\/www.lidl.de\"><strong>Lidl<\/strong> <\/a>geholt. Tats\u00e4chlich kann man dort online schauen, was in der aktuellen Woche gerade im Angebot ist, und es gibt auch immer die Sektion Garten\/Werkzeug, bei der ich schon einiges Interessantes gefunden habe. Sicherlich kann man keine Profi-Qualit\u00e4t erwarten, aber es gibt eben Anwendungen, da ist das nebens\u00e4chlich. So kostete das 8teilige Pinselset zwei Euro nochwas (soviel zum Auswaschen!), und die pinseln auch gut. Oder ein Cuttermesser-Set f\u00fcr wenig Geld, das mich mittlerweile schon seit Jahren begleitet. Auch meine Forstnerbohrer sind vom Discounter, hihi&#8230;<\/p>\n<p><a href=\"https:\/\/i2.wp.com\/www.dannwollenwirmal.de\/wp-content\/uploads\/2015\/08\/IMG_3638.jpg\"><img data-attachment-id=\"1071\" data-permalink=\"http:\/\/www.dannwollenwirmal.de\/?attachment_id=1071#main\" data-orig-file=\"https:\/\/i2.wp.com\/www.dannwollenwirmal.de\/wp-content\/uploads\/2015\/08\/IMG_3638.jpg?fit=652%2C652\" data-orig-size=\"652,652\" data-comments-opened=\"1\" data-image-meta=\"{&quot;aperture&quot;:&quot;2.2&quot;,&quot;credit&quot;:&quot;&quot;,&quot;camera&quot;:&quot;iPhone 6&quot;,&quot;caption&quot;:&quot;&quot;,&quot;created_timestamp&quot;:&quot;1440848422&quot;,&quot;copyright&quot;:&quot;&quot;,&quot;focal_length&quot;:&quot;4.15&quot;,&quot;iso&quot;:&quot;64&quot;,&quot;shutter_speed&quot;:&quot;0.03030303030303&quot;,&quot;title&quot;:&quot;&quot;,&quot;orientation&quot;:&quot;1&quot;}\" data-image-title=\"IMG_3638\" data-image-description=\"\" data-image-caption=\"\" data-medium-file=\"https:\/\/i2.wp.com\/www.dannwollenwirmal.de\/wp-content\/uploads\/2015\/08\/IMG_3638.jpg?fit=300%2C300\" data-large-file=\"https:\/\/i2.wp.com\/www.dannwollenwirmal.de\/wp-content\/uploads\/2015\/08\/IMG_3638.jpg?fit=652%2C652\" loading=\"lazy\" class=\"alignnone size-full wp-image-1071\" src=\"https:\/\/i2.wp.com\/www.dannwollenwirmal.de\/wp-content\/uploads\/2015\/08\/IMG_3638.jpg?resize=652%2C652\" alt=\"IMG_3638\" width=\"652\" height=\"652\" srcset=\"https:\/\/i2.wp.com\/www.dannwollenwirmal.de\/wp-content\/uploads\/2015\/08\/IMG_3638.jpg?w=652 652w, https:\/\/i2.wp.com\/www.dannwollenwirmal.de\/wp-content\/uploads\/2015\/08\/IMG_3638.jpg?resize=150%2C150 150w, https:\/\/i2.wp.com\/www.dannwollenwirmal.de\/wp-content\/uploads\/2015\/08\/IMG_3638.jpg?resize=300%2C300 300w\" sizes=\"(max-width: 652px) 100vw, 652px\" data-recalc-dims=\"1\" \/><br \/>\n<\/a><em>Treppenwangen wei\u00dfen mit schmaler Schamuwalze<\/em><\/p>\n<p>N\u00e4chste Woche hei\u00dft es dann &#8222;feddich werden!&#8220; und der Treppenteppich wird\u00a0 verlegt! Ich habe gestern Nacht sogar davon gertr\u00e4umt. Im Traum war es der falsche Teppich, und ich hatte die St\u00fccke entweder zu gro\u00df oder zu klein geschnitten, und das Ergebnis sah v\u00f6llig besch**** aus. Also der Traum muss jetzt nicht unbedingt in Erf\u00fcllung gehen&#8230;<\/p>\n<p>&nbsp;<\/p>\n<div class=\"sharedaddy sd-sharing-enabled\"><div class=\"robots-nocontent sd-block sd-social sd-social-icon-text sd-sharing\"><h3 class=\"sd-title\">Teilen mit:<\/h3><div class=\"sd-content\"><ul><li class=\"share-email\"><a rel=\"nofollow noopener noreferrer\" data-shared=\"\" class=\"share-email sd-button share-icon\" href=\"http:\/\/www.dannwollenwirmal.de\/?p=1061&amp;share=email\" target=\"_blank\" title=\"Klick, um dies einem Freund per E-Mail zu senden\"><span>E-Mail<\/span><\/a><\/li><li class=\"share-print\"><a rel=\"nofollow noopener noreferrer\" data-shared=\"\" class=\"share-print sd-button share-icon\" href=\"http:\/\/www.dannwollenwirmal.de\/?p=1061\" target=\"_blank\" title=\"Klicken zum Ausdrucken\"><span>Drucken<\/span><\/a><\/li><li class=\"share-facebook\"><a rel=\"nofollow noopener noreferrer\" data-shared=\"sharing-facebook-1061\" class=\"share-facebook sd-button share-icon\" href=\"http:\/\/www.dannwollenwirmal.de\/?p=1061&amp;share=facebook\" target=\"_blank\" title=\"Klick, um auf Facebook zu teilen\"><span>Facebook<\/span><\/a><\/li><li class=\"share-twitter\"><a rel=\"nofollow noopener noreferrer\" data-shared=\"sharing-twitter-1061\" class=\"share-twitter sd-button share-icon\" href=\"http:\/\/www.dannwollenwirmal.de\/?p=1061&amp;share=twitter\" target=\"_blank\" title=\"Klick, um \u00fcber Twitter zu teilen\"><span>Twitter<\/span><\/a><\/li><li class=\"share-pinterest\"><a rel=\"nofollow noopener noreferrer\" data-shared=\"sharing-pinterest-1061\" class=\"share-pinterest sd-button share-icon\" href=\"http:\/\/www.dannwollenwirmal.de\/?p=1061&amp;share=pinterest\" target=\"_blank\" title=\"Klick, um auf Pinterest zu teilen\"><span>Pinterest<\/span><\/a><\/li><li class=\"share-linkedin\"><a rel=\"nofollow noopener noreferrer\" data-shared=\"sharing-linkedin-1061\" class=\"share-linkedin sd-button share-icon\" href=\"http:\/\/www.dannwollenwirmal.de\/?p=1061&amp;share=linkedin\" target=\"_blank\" title=\"Klick, um auf LinkedIn zu teilen\"><span>LinkedIn<\/span><\/a><\/li><li class=\"share-end\"><\/li><\/ul><\/div><\/div><\/div>","protected":false},"excerpt":{"rendered":"<p>Es geht gut voran im Treppenhaus! In dieser Woche war ich Maurer, Trockenbauer, Tischler und Maler (zum Maler sp\u00e4ter mehr). Das Projekt Reibeputz im Treppenhaus war tats\u00e4chlich eine Herausforderung &#8211; vor Allem angesichts der Schweinerei; die Deckenschr\u00e4gen lassen sich nur r\u00fccklings liegend auf der Leiter erreichen, dementsprechend klatscht beim Abreiben alles senkrecht ins Gesicht und [&hellip;]<\/p>\n<div class=\"sharedaddy sd-sharing-enabled\"><div class=\"robots-nocontent sd-block sd-social sd-social-icon-text sd-sharing\"><h3 class=\"sd-title\">Teilen mit:<\/h3><div class=\"sd-content\"><ul><li class=\"share-email\"><a rel=\"nofollow noopener noreferrer\" data-shared=\"\" class=\"share-email sd-button share-icon\" href=\"http:\/\/www.dannwollenwirmal.de\/?p=1061&amp;share=email\" target=\"_blank\" title=\"Klick, um dies einem Freund per E-Mail zu senden\"><span>E-Mail<\/span><\/a><\/li><li class=\"share-print\"><a rel=\"nofollow noopener noreferrer\" data-shared=\"\" class=\"share-print sd-button share-icon\" href=\"http:\/\/www.dannwollenwirmal.de\/?p=1061\" target=\"_blank\" title=\"Klicken zum Ausdrucken\"><span>Drucken<\/span><\/a><\/li><li class=\"share-facebook\"><a rel=\"nofollow noopener noreferrer\" data-shared=\"sharing-facebook-1061\" class=\"share-facebook sd-button share-icon\" href=\"http:\/\/www.dannwollenwirmal.de\/?p=1061&amp;share=facebook\" target=\"_blank\" title=\"Klick, um auf Facebook zu teilen\"><span>Facebook<\/span><\/a><\/li><li class=\"share-twitter\"><a rel=\"nofollow noopener noreferrer\" data-shared=\"sharing-twitter-1061\" class=\"share-twitter sd-button share-icon\" href=\"http:\/\/www.dannwollenwirmal.de\/?p=1061&amp;share=twitter\" target=\"_blank\" title=\"Klick, um \u00fcber Twitter zu teilen\"><span>Twitter<\/span><\/a><\/li><li class=\"share-pinterest\"><a rel=\"nofollow noopener noreferrer\" data-shared=\"sharing-pinterest-1061\" class=\"share-pinterest sd-button share-icon\" href=\"http:\/\/www.dannwollenwirmal.de\/?p=1061&amp;share=pinterest\" target=\"_blank\" title=\"Klick, um auf Pinterest zu teilen\"><span>Pinterest<\/span><\/a><\/li><li class=\"share-linkedin\"><a rel=\"nofollow noopener noreferrer\" data-shared=\"sharing-linkedin-1061\" class=\"share-linkedin sd-button share-icon\" href=\"http:\/\/www.dannwollenwirmal.de\/?p=1061&amp;share=linkedin\" target=\"_blank\" title=\"Klick, um auf LinkedIn zu teilen\"><span>LinkedIn<\/span><\/a><\/li><li class=\"share-end\"><\/li><\/ul><\/div><\/div><\/div>","protected":false},"author":1,"featured_media":0,"comment_status":"open","ping_status":"open","sticky":false,"template":"","format":"standard","meta":{"advanced_seo_description":"","spay_email":"","jetpack_publicize_message":"","jetpack_is_tweetstorm":false,"jetpack_publicize_feature_enabled":true},"categories":[1,121,175,318,15],"tags":[264,263],"jetpack_featured_media_url":"","jetpack_publicize_connections":[],"jetpack_shortlink":"https:\/\/wp.me\/s3WtlO-1061","jetpack_sharing_enabled":true,"jetpack-related-posts":[{"id":999,"url":"http:\/\/www.dannwollenwirmal.de\/?p=999","url_meta":{"origin":1061,"position":0},"title":"Neuer Mitarbeiter","date":"31. Mai 2015","format":false,"excerpt":"Da bin ich doch heute tats\u00e4chlich etwas sp\u00e4t dran mit meiner Sonntagsgeschichte...es ist viel los und ich tr\u00e4ume schon fast von Staub und Dreck :) Durchg\u00e4nge gestalten mit Holzleisten als Putzschienen Apropos Staub und Dreck: Ich habe wieder reichlich verputzt; Trockenr\u00e4ume mit Gipsputz und das Bad bekommt ein Kleidchen aus\u2026","rel":"","context":"In &quot;Allgemein&quot;","img":{"alt_text":"","src":"https:\/\/i1.wp.com\/www.dannwollenwirmal.de\/wp-content\/uploads\/2015\/05\/IMG_3496.jpg?resize=350%2C200","width":350,"height":200},"classes":[]},{"id":1042,"url":"http:\/\/www.dannwollenwirmal.de\/?p=1042","url_meta":{"origin":1061,"position":1},"title":"Freigelegt!","date":"23. August 2015","format":false,"excerpt":"Endlich herrscht im Haus wieder ein Klima nach meinem Geschmack! Staub, Dreck, Baul\u00e4rm und der liebliche Geruch von 89 Jahre altem Schutt l\u00e4sst doch jedes Heimwerkerherz h\u00f6her schlagen? Nun, ehrlich gesagt finde ich es auch netter, wenn alles fertig und das traute Heim keine Baustelle ist. Ein Grund mehr, schnell\u2026","rel":"","context":"In &quot;Allgemein&quot;","img":{"alt_text":"","src":"https:\/\/i2.wp.com\/www.dannwollenwirmal.de\/wp-content\/uploads\/2015\/08\/IMG_3617.jpg?resize=350%2C200","width":350,"height":200},"classes":[]},{"id":823,"url":"http:\/\/www.dannwollenwirmal.de\/?p=823","url_meta":{"origin":1061,"position":2},"title":"Wieder da!","date":"1. Februar 2015","format":false,"excerpt":"Das war aber auch ein Schreck! Der Server, auf dem dieser Blog ruht, hatte ein Datenproblem und daher war hier tagelang NICHTS zu sehen! Zusammen mit der \u00dcberschrift \"Schluss, Aus, Ende\" vom letzten mal dachten nun viele Leser, ich h\u00e4tte das Schreiben drangegeben und es kam zu Protesten vor unserem\u2026","rel":"","context":"In &quot;Allgemein&quot;","img":{"alt_text":"","src":"https:\/\/i1.wp.com\/www.dannwollenwirmal.de\/wp-content\/uploads\/2015\/02\/IMG_3271.jpg?resize=350%2C200","width":350,"height":200},"classes":[]},{"id":1075,"url":"http:\/\/www.dannwollenwirmal.de\/?p=1075","url_meta":{"origin":1061,"position":3},"title":"Fertig?","date":"6. September 2015","format":false,"excerpt":"Im letzten Teil des Treppenhaus-Projekts zeige ich heute, wie man den ganzen Mist wieder abrei\u00dft die Treppe mit Teppich beklebt. Teppich auf Treppenstufen ist nat\u00fcrlich immer eine Geschmackssache, und bei einer alten Holztreppe wie dieser h\u00e4tte ich auch erstmal zum Abschleifen tendiert, aber der Stufenzustand ist eher m\u00e4\u00dfig und wir\u2026","rel":"","context":"In &quot;Allgemein&quot;","img":{"alt_text":"","src":"https:\/\/i1.wp.com\/www.dannwollenwirmal.de\/wp-content\/uploads\/2015\/09\/IMG_3668.jpg?resize=350%2C200","width":350,"height":200},"classes":[]},{"id":885,"url":"http:\/\/www.dannwollenwirmal.de\/?p=885","url_meta":{"origin":1061,"position":4},"title":"Nasszellentrockenbau","date":"8. M\u00e4rz 2015","format":false,"excerpt":"Heiter geht es weiter im Badezimmer der Tr\u00e4ume. Nachdem beim letzten mal die W\u00e4nde und Fliesen entfernt und die Au\u00dfenw\u00e4nde verputzt wurden, geht es nun an den Trockenbau. Es sollte eine neue Trennwand mit T\u00fcr\u00f6ffnung installiert werden, au\u00dferdem hat man sich entschlossen, die Decke abzuh\u00e4ngen. Die Decke h\u00e4tte ich ehrlicherweise\u2026","rel":"","context":"In &quot;Allgemein&quot;","img":{"alt_text":"","src":"https:\/\/i1.wp.com\/www.dannwollenwirmal.de\/wp-content\/uploads\/2015\/03\/IMG_3293.jpg?resize=350%2C200","width":350,"height":200},"classes":[]},{"id":6,"url":"http:\/\/www.dannwollenwirmal.de\/?p=6","url_meta":{"origin":1061,"position":5},"title":"Dann wollen wir mal&#8230;","date":"17. September 2013","format":false,"excerpt":"Unser H\u00e4uschen haben wir 2011 gekauft. Ein 20er Jahre-Stadthaus im sch\u00f6nen Porta Westfalica. Rund 140 m\u00b2 Wohnfl\u00e4che in solider Substanz bewohnen wir mit vier Personen. Beim Kauf im Oktober 2011 konnte ich mich dank Selbstst\u00e4ndigkeit und tolerantem Compagnon und Mitarbeitern ein Vierteljahr handwerklich austoben und das ganze Haus einzugsfertig renovieren\u2026","rel":"","context":"In &quot;Allgemeines&quot;","img":{"alt_text":"","src":"https:\/\/i2.wp.com\/www.dannwollenwirmal.de\/wp-content\/uploads\/2013\/09\/img_2197.jpg?resize=350%2C200","width":350,"height":200},"classes":[]}],"_links":{"self":[{"href":"http:\/\/www.dannwollenwirmal.de\/index.php?rest_route=\/wp\/v2\/posts\/1061"}],"collection":[{"href":"http:\/\/www.dannwollenwirmal.de\/index.php?rest_route=\/wp\/v2\/posts"}],"about":[{"href":"http:\/\/www.dannwollenwirmal.de\/index.php?rest_route=\/wp\/v2\/types\/post"}],"author":[{"embeddable":true,"href":"http:\/\/www.dannwollenwirmal.de\/index.php?rest_route=\/wp\/v2\/users\/1"}],"replies":[{"embeddable":true,"href":"http:\/\/www.dannwollenwirmal.de\/index.php?rest_route=%2Fwp%2Fv2%2Fcomments&post=1061"}],"version-history":[{"count":4,"href":"http:\/\/www.dannwollenwirmal.de\/index.php?rest_route=\/wp\/v2\/posts\/1061\/revisions"}],"predecessor-version":[{"id":1074,"href":"http:\/\/www.dannwollenwirmal.de\/index.php?rest_route=\/wp\/v2\/posts\/1061\/revisions\/1074"}],"wp:attachment":[{"href":"http:\/\/www.dannwollenwirmal.de\/index.php?rest_route=%2Fwp%2Fv2%2Fmedia&parent=1061"}],"wp:term":[{"taxonomy":"category","embeddable":true,"href":"http:\/\/www.dannwollenwirmal.de\/index.php?rest_route=%2Fwp%2Fv2%2Fcategories&post=1061"},{"taxonomy":"post_tag","embeddable":true,"href":"http:\/\/www.dannwollenwirmal.de\/index.php?rest_route=%2Fwp%2Fv2%2Ftags&post=1061"}],"curies":[{"name":"wp","href":"https:\/\/api.w.org\/{rel}","templated":true}]}}