{"id":1026,"date":"2015-08-02T08:00:03","date_gmt":"2015-08-02T06:00:03","guid":{"rendered":"http:\/\/www.dannwollenwirmal.de\/?p=1026"},"modified":"2015-07-30T16:32:28","modified_gmt":"2015-07-30T14:32:28","slug":"sommerpause-v","status":"publish","type":"post","link":"http:\/\/www.dannwollenwirmal.de\/?p=1026","title":{"rendered":"Sommerpause V"},"content":{"rendered":"<p>Was Sie schon immer \u00fcber Farben wissen wollten, im Baumarkt nebenan:<\/p>\n<header class=\"entry-header\">\n<h1 class=\"entry-title\"><a href=\"http:\/\/www.dannwollenwirmal.de\/?p=714\" rel=\"bookmark\">Neulich im Baumarkt<\/a><\/h1>\n<div class=\"entry-meta\"><a title=\"12:51\" href=\"http:\/\/www.dannwollenwirmal.de\/?p=714\" rel=\"bookmark\"><time class=\"entry-date\" datetime=\"2014-12-14T12:51:31+00:00\">14. Dezember 2014<\/time><\/a><\/div>\n<\/header>\n<div class=\"entry-content\">\n<p>Auch wenn ich Baum\u00e4rkte mittlerweile eher vermeide \u2013 manchmal bleibt keine Wahl, und in diesem Fall wollte ich gemischte Farbe f\u00fcr meine Holzbalken, da hat der Baumarkt T. dann doch die gr\u00f6\u00dfte Auswahl und so bin ich eben hingefahren.<\/p>\n<p>Bereits im Eingangsbereich fiel mir ein Verk\u00e4ufer auf, der mich schon vor ziemlich genau 17 Jahrem falsch beraten hat. Sah auch immer noch nicht schlauer aus, na herzlichen Gl\u00fcckwunsch. Aber wer will schon alte Kamellen aufw\u00e4rmen. In der Farbenabteilung fand ich dann nach lediglich zwei bis drei Stunden einen nicht zust\u00e4ndigen Mitarbeiter, der aber eine zust\u00e4ndige Mitarbeiterin herbeigeholt hat, mit der sich folgender Dialog entsponn:<\/p>\n<p>Ich: \u201eHallo, k\u00f6nnen Sie Farbe mischen?\u201c<br \/>\nBM: \u201eAber nat\u00fcrlich!\u201c<br \/>\nIch: \u201eHier ist die Farbkarte. Ich brauche einen matten Lack f\u00fcr Holzbalken.\u201c<br \/>\nBM: \u201eWenn Sie Holz streichen wollen, brauchen Sie eine Lasur!\u201c<br \/>\nIch: \u201eNein, ich m\u00f6chte was deckendes, keine Lasur, sondern einen Lack!\u201c<br \/>\nBM: \u201eNein, Nein, f\u00fcr Holz brauchen Sie eine Lasur\u201c <em>(greift nach einem Eimer)<br \/>\n<\/em>Ich: \u201eIch m\u00f6chte wirklich sehr gerne einen Lack. Wenn es keine Umst\u00e4nde macht!\u201c<br \/>\nBM: <em>(pikiert) <\/em>\u201eWie Sie meinen.\u201c <em>(Greift einen anderen Eimer und macht sich an der Mischmaschine zu schaffen. W\u00e4hrenddessen kommt ein anderer Mitarbeiter und blafft sie an.)<\/em><br \/>\nAnderer Baumarktmitarbeiter: \u201eIst dat noch nich wegger\u00e4umt hier?\u201c<br \/>\nBM: \u201eNein, mache ich sofort! Ich mache gerade f\u00fcr diesen Kunden die Farbe!\u201c<br \/>\nAnderer Baumarktmitarbeiter: \u201eIs ja noch nix ausgezeichnet nix!\u201c<br \/>\nBM: \u201eMach ich gleich!\u201c <em>(Der andere Mitarbeiter geht grummelnd und schimpfend davon. Sie dann wieder zu mir:)<br \/>\n<\/em>BM: \u201eSo, die Farbe mischt gerade. Dann k\u00e4me noch die Grundierung dazu. Wenn sie streichen wollen, m\u00fcssen sie das vorher grundieren. Sonst h\u00e4lt das nicht, auch wenn man schleift oder so. Also die gibt es in wei\u00df oder grau. Ist ja eigentlich egal, aber ich f\u00e4nde wei\u00df eigentlich besser.\u201c<br \/>\nIch: \u201eAber steht da nicht 2-in-1-Lack? Grundierung schon mit drin?\u201c<br \/>\n<em>Sie schaut verdattert erst mich, dann den Eimer an und gr\u00fcbelt.<\/em><\/p>\n<p><em>An dieser Stelle beobachten wir folgendes Baumarkt-Mitarbeiter-Ph\u00e4nomen: Wenn sie der Ahnungslosigkeit \u00fcberf\u00fchrt sind, geben sie das nicht zu, sonder denken sich Geschichten aus.<\/em><\/p>\n<p>BM: \u201eJa und nein!\u201c<br \/>\nIch: \u201eJa und Nein?\u201c<br \/>\nBM: \u201eJa, da ist ne Grundierung mit drin. Aber das ist so wenig, dass es nur reicht, um eine vorhandene Grundierung aufzufrischen.\u201c<br \/>\n<em>Jetzt gucke ICH verdattert.<br \/>\n<\/em>Ich: \u201e\u00c4\u00e4\u00e4h, ja, bestimmt. Ich nehme erstmal nur den Lack, danke.\u201c<\/p>\n<p><em>Ich erhalte den Lack, bezahle und fahre nach Hause. Dort bemerke ich, dass auf dem Eimer \u201eGL\u00c4NZEND\u201c steht. Ich hatte doch matt gesagt! W\u00e4hrend ich \u00fcberlege, wer \u00fcberhaupt gl\u00e4nzenden Lack braucht, rufe ich im Baumarkt an.<\/em><\/p>\n<p>Dame von der Info: \u201eBaumarkt T., Guten Tach?\u201c<br \/>\nIch: \u201eHallo, ich habe eben Farbe mischen lassen und wollte <em>matten<\/em> Lack. Auf dem Eimer steht gl\u00e4nzend. Ist der Lack jetzt wohl falsch oder nur der Eimer?\u201c<br \/>\nDame von der Info: \u201eDas wei\u00df ich doch nicht.\u201c<br \/>\nIch: \u201eAchso.\u201c<br \/>\nDame von der Info: \u201eWer hat das denn gemacht? Wie sah die aus?\u201c<br \/>\nIch: \u201eNicht so besonders\u2026\u201c<br \/>\n<em>Ich werde weiterverbunden.<\/em><\/p>\n<p>BM: \u201eHallo?\u201c<br \/>\nIch:\u00a0\u201eHallo, ich habe eben Farbe\u2026\u201c<br \/>\nBM: \u201eEinen Moment, ich habe grad noch Kundschaft! Bleiben Sie bitte dran!\u201c<\/p>\n<p><em>Ich h\u00f6re das Kundengespr\u00e4ch mit, habe ja keine andere Wahl.<\/em><\/p>\n<p>BM:\u201cAlso, hier das gelbe haben wir noch, oder dieses mit den Erdt\u00f6nen.\u201c<br \/>\nOmi: \u201eDas gelbe ist eigentlich ganz sch\u00f6n. Aber ob das reicht\u2026\u201c<br \/>\nBM: \u201eDas wei\u00df ich nicht.\u201c<br \/>\nOmi: \u201eDas ist so gro\u00df, so mal so, ob das wohl reicht\u2026\u201c<br \/>\nBM: \u201eNaja das m\u00fcsste aber reichen\u201c<br \/>\nOmi: \u201eUnd haben sie auch Geschenkband daf\u00fcr?\u201c<br \/>\nBM: \u201eNee das haben wir nicht\u201c<br \/>\nOmi: \u201eAhja.\u201c<\/p>\n<p>BM: \u201eHallo sind sie noch dran?\u201c<br \/>\nIch: \u201eSie haben mir eben Farbe gemischt, aber auf dem Eimer steht gl\u00e4nzend. Ich wollte matt!\u201c<br \/>\nBM: \u201eWollten sie nicht gl\u00e4nzend?\u201c<br \/>\nIch: \u201eNein, matt. Hatte ich aber gesagt:\u201c<br \/>\nBM: \u201eOh, dann habe ich sie falsch verstanden. Ich dachte sie wollten gl\u00e4nzend. Tut mir leid, dann m\u00fcssen wir das umtauschen.\u201c<\/p>\n<p>Ich fahre also nochmal hin, 20 Minuten ein Weg, habe ja sonst nichts zu tun. Sehe die Mitarbeiterin und gehe zielstrebig auf sie zu.<\/p>\n<p>BM:\u201cHallo, ahja, die Farbe, ich mache sie nochmal in matt. Waren sie erst an der Info?\u201c<br \/>\nIch: \u201eNein, ich bin direkt hierher. Die an der Info h\u00e4tte wahrscheinlich gesagt, gemischte Farbe ist vom Umtausch ausgeschlossen.\u201c<br \/>\nBM: \u201eDas kann sein. Der Preis ist derselbe, aber die EAN. Es sind andere Artikel. Dann stimmt meine Artikelgruppe nicht. Wegen der EAN. Also der Bestand passt ja dann nicht mehr. Ist derselbe Preis, aber dann passt das ja nicht mehr mit der Nummer. Ich gehe mal grad hin, w\u00e4hrend es mischt, und hole einen \u201c \u2013 irgendein-kryptisches-Wort.<\/p>\n<p>Sie kommt mit Zettelage wieder und ich f\u00fclle ein gef\u00fchlt 8seitiges Formular mit Name, Anschrift, Blutgruppe und Schuhgr\u00f6\u00dfe aus.<\/p>\n<p>BM:\u201cSo, die Farbe ist fertig. Gucken wir doch einmal rein!\u201c<\/p>\n<p>Der Pott sieht genau so aus wie der andere, nur diesmal steht \u201ematt\u201c drauf. Die Themen Lasur und Grundierung traut sie sich \u00fcbrigens nicht, erneut anzusprechen.<\/p>\n<p>An der Kasse wird der alte Bon mit dem Formular B3 gegengerechnet, um den Unterschiedsbetrag von 0 Cent zu erfassen. Die Kassenkraft ist \u00fcberfordert, eine Info-Dame kommt zur Hilfe. Der R\u00fcckstau an meiner Kasse erreicht bereits das Werkzeugregal. Ich bekomme Schwei\u00dfausbr\u00fcche.<\/p>\n<p>Am Ausgang treffe ich wieder den langj\u00e4hrigen, verdienten Spezialmitarbeiter. Ich w\u00fcnsche einen sch\u00f6nen abend und trete mit mattem Lack, aber ohne Lasur und Grundierung und mit einer Erfahrung reicher die Heimreise an.<\/p>\n<\/div>\n<div class=\"sharedaddy sd-sharing-enabled\"><div class=\"robots-nocontent sd-block sd-social sd-social-icon-text sd-sharing\"><h3 class=\"sd-title\">Teilen mit:<\/h3><div class=\"sd-content\"><ul><li class=\"share-email\"><a rel=\"nofollow noopener noreferrer\" data-shared=\"\" class=\"share-email sd-button share-icon\" href=\"http:\/\/www.dannwollenwirmal.de\/?p=1026&amp;share=email\" target=\"_blank\" title=\"Klick, um dies einem Freund per E-Mail zu senden\"><span>E-Mail<\/span><\/a><\/li><li class=\"share-print\"><a rel=\"nofollow noopener noreferrer\" data-shared=\"\" class=\"share-print sd-button share-icon\" href=\"http:\/\/www.dannwollenwirmal.de\/?p=1026\" target=\"_blank\" title=\"Klicken zum Ausdrucken\"><span>Drucken<\/span><\/a><\/li><li class=\"share-facebook\"><a rel=\"nofollow noopener noreferrer\" data-shared=\"sharing-facebook-1026\" class=\"share-facebook sd-button share-icon\" href=\"http:\/\/www.dannwollenwirmal.de\/?p=1026&amp;share=facebook\" target=\"_blank\" title=\"Klick, um auf Facebook zu teilen\"><span>Facebook<\/span><\/a><\/li><li class=\"share-twitter\"><a rel=\"nofollow noopener noreferrer\" data-shared=\"sharing-twitter-1026\" class=\"share-twitter sd-button share-icon\" href=\"http:\/\/www.dannwollenwirmal.de\/?p=1026&amp;share=twitter\" target=\"_blank\" title=\"Klick, um \u00fcber Twitter zu teilen\"><span>Twitter<\/span><\/a><\/li><li class=\"share-pinterest\"><a rel=\"nofollow noopener noreferrer\" data-shared=\"sharing-pinterest-1026\" class=\"share-pinterest sd-button share-icon\" href=\"http:\/\/www.dannwollenwirmal.de\/?p=1026&amp;share=pinterest\" target=\"_blank\" title=\"Klick, um auf Pinterest zu teilen\"><span>Pinterest<\/span><\/a><\/li><li class=\"share-linkedin\"><a rel=\"nofollow noopener noreferrer\" data-shared=\"sharing-linkedin-1026\" class=\"share-linkedin sd-button share-icon\" href=\"http:\/\/www.dannwollenwirmal.de\/?p=1026&amp;share=linkedin\" target=\"_blank\" title=\"Klick, um auf LinkedIn zu teilen\"><span>LinkedIn<\/span><\/a><\/li><li class=\"share-end\"><\/li><\/ul><\/div><\/div><\/div>","protected":false},"excerpt":{"rendered":"<p>Was Sie schon immer \u00fcber Farben wissen wollten, im Baumarkt nebenan: Neulich im Baumarkt 14. Dezember 2014 Auch wenn ich Baum\u00e4rkte mittlerweile eher vermeide \u2013 manchmal bleibt keine Wahl, und in diesem Fall wollte ich gemischte Farbe f\u00fcr meine Holzbalken, da hat der Baumarkt T. dann doch die gr\u00f6\u00dfte Auswahl und so bin ich eben [&hellip;]<\/p>\n<div class=\"sharedaddy sd-sharing-enabled\"><div class=\"robots-nocontent sd-block sd-social sd-social-icon-text sd-sharing\"><h3 class=\"sd-title\">Teilen mit:<\/h3><div class=\"sd-content\"><ul><li class=\"share-email\"><a rel=\"nofollow noopener noreferrer\" data-shared=\"\" class=\"share-email sd-button share-icon\" href=\"http:\/\/www.dannwollenwirmal.de\/?p=1026&amp;share=email\" target=\"_blank\" title=\"Klick, um dies einem Freund per E-Mail zu senden\"><span>E-Mail<\/span><\/a><\/li><li class=\"share-print\"><a rel=\"nofollow noopener noreferrer\" data-shared=\"\" class=\"share-print sd-button share-icon\" href=\"http:\/\/www.dannwollenwirmal.de\/?p=1026\" target=\"_blank\" title=\"Klicken zum Ausdrucken\"><span>Drucken<\/span><\/a><\/li><li class=\"share-facebook\"><a rel=\"nofollow noopener noreferrer\" data-shared=\"sharing-facebook-1026\" class=\"share-facebook sd-button share-icon\" href=\"http:\/\/www.dannwollenwirmal.de\/?p=1026&amp;share=facebook\" target=\"_blank\" title=\"Klick, um auf Facebook zu teilen\"><span>Facebook<\/span><\/a><\/li><li class=\"share-twitter\"><a rel=\"nofollow noopener noreferrer\" data-shared=\"sharing-twitter-1026\" class=\"share-twitter sd-button share-icon\" href=\"http:\/\/www.dannwollenwirmal.de\/?p=1026&amp;share=twitter\" target=\"_blank\" title=\"Klick, um \u00fcber Twitter zu teilen\"><span>Twitter<\/span><\/a><\/li><li class=\"share-pinterest\"><a rel=\"nofollow noopener noreferrer\" data-shared=\"sharing-pinterest-1026\" class=\"share-pinterest sd-button share-icon\" href=\"http:\/\/www.dannwollenwirmal.de\/?p=1026&amp;share=pinterest\" target=\"_blank\" title=\"Klick, um auf Pinterest zu teilen\"><span>Pinterest<\/span><\/a><\/li><li class=\"share-linkedin\"><a rel=\"nofollow noopener noreferrer\" data-shared=\"sharing-linkedin-1026\" class=\"share-linkedin sd-button share-icon\" href=\"http:\/\/www.dannwollenwirmal.de\/?p=1026&amp;share=linkedin\" target=\"_blank\" title=\"Klick, um auf LinkedIn zu teilen\"><span>LinkedIn<\/span><\/a><\/li><li class=\"share-end\"><\/li><\/ul><\/div><\/div><\/div>","protected":false},"author":1,"featured_media":0,"comment_status":"open","ping_status":"open","sticky":false,"template":"","format":"standard","meta":{"advanced_seo_description":"","spay_email":"","jetpack_publicize_message":"","jetpack_is_tweetstorm":false,"jetpack_publicize_feature_enabled":true},"categories":[1],"tags":[],"jetpack_featured_media_url":"","jetpack_publicize_connections":[],"jetpack_shortlink":"https:\/\/wp.me\/p3WtlO-gy","jetpack_sharing_enabled":true,"jetpack-related-posts":[{"id":1773,"url":"http:\/\/www.dannwollenwirmal.de\/?p=1773","url_meta":{"origin":1026,"position":0},"title":"Baumarktklatsche","date":"29. Januar 2017","format":false,"excerpt":"Habe ich schon erw\u00e4hnt, dass ich n\u00e4chstes Jahr gerne mal zur BAU nach M\u00fcnchen m\u00f6chte? Eine Fachmesse, auf der quasi alle namhaften Hersteller von Werkzeug und Zubeh\u00f6r vertreten sind und Menschen mit einer gewissen Werkzeugliebe vermutlich aus dem Staunen nicht mehr rauskommen. Ich suche daher auf diesem Wege einen Sponsor\u2026","rel":"","context":"In &quot;Allgemein&quot;","img":{"alt_text":"","src":"https:\/\/i2.wp.com\/www.dannwollenwirmal.de\/wp-content\/uploads\/2017\/01\/IMG_5064.jpg?resize=350%2C200","width":350,"height":200},"classes":[]},{"id":714,"url":"http:\/\/www.dannwollenwirmal.de\/?p=714","url_meta":{"origin":1026,"position":1},"title":"Neulich im Baumarkt","date":"14. Dezember 2014","format":false,"excerpt":"Auch wenn ich Baum\u00e4rkte mittlerweile eher vermeide - manchmal bleibt keine Wahl, und in diesem Fall wollte ich gemischte Farbe f\u00fcr meine Holzbalken, da hat der Baumarkt T. dann doch die gr\u00f6\u00dfte Auswahl und so bin ich eben hingefahren. Bereits im Eingangsbereich fiel mir ein Verk\u00e4ufer auf, der mich schon\u2026","rel":"","context":"In &quot;Allgemein&quot;","img":{"alt_text":"","src":"","width":0,"height":0},"classes":[]},{"id":190,"url":"http:\/\/www.dannwollenwirmal.de\/?p=190","url_meta":{"origin":1026,"position":2},"title":"Eine kurze Einsch\u00e4tzung zum Thema: Baum\u00e4rkte","date":"16. November 2013","format":false,"excerpt":"Im heimatlichen Minden (rund 80.000 Einwohner) bzw. Porta Westfalica (37.000 Einwohner) gibt es, grob durchgez\u00e4hlt, immerhin f\u00fcnf Baum\u00e4rkte. Einer wird zwar jetzt geschlossen, aber zwei(!) neue Riesen-M\u00e4rkte sind geplant oder zumindest angedacht. Diesen Boom nehme ich zum Anlass, ein paar Gedanken zum Thema Baum\u00e4rkte niederzulegen: Fr\u00fcher war ich ein wahrer\u2026","rel":"","context":"In &quot;Allgemein&quot;","img":{"alt_text":"","src":"https:\/\/i0.wp.com\/www.dannwollenwirmal.de\/wp-content\/uploads\/2013\/11\/kleben.jpg?resize=350%2C200","width":350,"height":200},"classes":[]},{"id":1547,"url":"http:\/\/www.dannwollenwirmal.de\/?p=1547","url_meta":{"origin":1026,"position":3},"title":"Boykott!","date":"10. Juli 2016","format":false,"excerpt":"Da gibt es ja wirklich einige Poolexperten in meiner Leserschaft; danke f\u00fcr Eure Tips! Ich habe den von Hans befolgt: Den Algenklitsch in den FP-100-Spr\u00fchvogel f\u00fcllen und dann den Schuppen in algengr\u00fcn t\u00fcnchen. Ja, ich mache dann Bilder. Naja, erstmal habe ich mir aber dann doch eine Tauchpumpe geliehen: Tauchpumpe\u2026","rel":"","context":"In &quot;Allgemein&quot;","img":{"alt_text":"","src":"https:\/\/i1.wp.com\/www.dannwollenwirmal.de\/wp-content\/uploads\/2016\/07\/IMG_4530.jpg?resize=350%2C200","width":350,"height":200},"classes":[]},{"id":338,"url":"http:\/\/www.dannwollenwirmal.de\/?p=338","url_meta":{"origin":1026,"position":4},"title":"Blutige Preisvergleiche","date":"18. Februar 2014","format":false,"excerpt":"Wie angek\u00fcndigt geht es mit gro\u00dfen Schritten weiter unterm Dach! Nachdem der letzte Rest Dampfbremsfolie unter die Decke zum Spitzboden getackert wurde (R\u00e4nder liebevoll verklebt mit dem ebenfalls schn\u00e4ppchenhaften Knauf-blau-Klebeband f\u00fcr knapp 25 Euro), habe ich Reihe f\u00fcr Reihe Direktabh\u00e4nger angebracht: Direktabh\u00e4nger zur Aufnahme der CD-Profile Ich hielt es zun\u00e4chst\u2026","rel":"","context":"In &quot;Allgemein&quot;","img":{"alt_text":"","src":"https:\/\/i1.wp.com\/www.dannwollenwirmal.de\/wp-content\/uploads\/2014\/02\/99ct.jpg?resize=350%2C200","width":350,"height":200},"classes":[]},{"id":1525,"url":"http:\/\/www.dannwollenwirmal.de\/?p=1525","url_meta":{"origin":1026,"position":5},"title":"Powers\u00e4tze f\u00fcr Heimwerker","date":"12. Juni 2016","format":false,"excerpt":"Regentag und schlechte Laune? Einfach mal die folgenden Powers\u00e4tze ausprobieren und lauter verdutzte Gesichter zur\u00fccklassen. Im Baumarkt, Sanit\u00e4rabteilung \"Ich h\u00e4tte gern einen doppelt gekr\u00f6pften Flanschmuffenbogen. Aber nicht wieder den Halbzoll! Diesmal brauch ich Feingewinde!\" In der Autowerkstatt \"Ach, hier vorne ist der Motor? Ich dachte immer hinten. Witzig, oder?\" Im\u2026","rel":"","context":"In &quot;Allgemein&quot;","img":{"alt_text":"","src":"","width":0,"height":0},"classes":[]}],"_links":{"self":[{"href":"http:\/\/www.dannwollenwirmal.de\/index.php?rest_route=\/wp\/v2\/posts\/1026"}],"collection":[{"href":"http:\/\/www.dannwollenwirmal.de\/index.php?rest_route=\/wp\/v2\/posts"}],"about":[{"href":"http:\/\/www.dannwollenwirmal.de\/index.php?rest_route=\/wp\/v2\/types\/post"}],"author":[{"embeddable":true,"href":"http:\/\/www.dannwollenwirmal.de\/index.php?rest_route=\/wp\/v2\/users\/1"}],"replies":[{"embeddable":true,"href":"http:\/\/www.dannwollenwirmal.de\/index.php?rest_route=%2Fwp%2Fv2%2Fcomments&post=1026"}],"version-history":[{"count":1,"href":"http:\/\/www.dannwollenwirmal.de\/index.php?rest_route=\/wp\/v2\/posts\/1026\/revisions"}],"predecessor-version":[{"id":1027,"href":"http:\/\/www.dannwollenwirmal.de\/index.php?rest_route=\/wp\/v2\/posts\/1026\/revisions\/1027"}],"wp:attachment":[{"href":"http:\/\/www.dannwollenwirmal.de\/index.php?rest_route=%2Fwp%2Fv2%2Fmedia&parent=1026"}],"wp:term":[{"taxonomy":"category","embeddable":true,"href":"http:\/\/www.dannwollenwirmal.de\/index.php?rest_route=%2Fwp%2Fv2%2Fcategories&post=1026"},{"taxonomy":"post_tag","embeddable":true,"href":"http:\/\/www.dannwollenwirmal.de\/index.php?rest_route=%2Fwp%2Fv2%2Ftags&post=1026"}],"curies":[{"name":"wp","href":"https:\/\/api.w.org\/{rel}","templated":true}]}}