{"id":1023,"date":"2015-07-12T14:07:27","date_gmt":"2015-07-12T12:07:27","guid":{"rendered":"http:\/\/www.dannwollenwirmal.de\/?p=1023"},"modified":"2015-07-12T14:07:27","modified_gmt":"2015-07-12T12:07:27","slug":"sommerpause-iv","status":"publish","type":"post","link":"http:\/\/www.dannwollenwirmal.de\/?p=1023","title":{"rendered":"Sommerpause IV"},"content":{"rendered":"<p>In 24 Wochen ist Weihnachten!<\/p>\n<p>Weihnachten bei Heimwerkers<br \/>\n24. Dezember 2014 by mohlemeyer<br \/>\n5:49<br \/>\nHurra, die Kinder sind wach! Das Licht geht an und der Tag wird mit einer fr\u00f6hlichen Runde \u201eFang mich doch\u201c \u00fcber s\u00e4mtliche Stockwerke er\u00f6ffnet. Nein, der Weihnachtsmann ist noch nicht da!<\/p>\n<p>6:10<br \/>\nFr\u00fchst\u00fcck. Der digital programmierbare Toaster wurde scheinbar gehackt und l\u00e4sst sich leider nicht mehr abschalten. Ein beherzter L\u00f6schversuch mit einem Eimer Wasser killt den Toaster und sorgt f\u00fcr eine nicht unerhebliche Feuchtigkeitseinwirkung auf die Wand hinter dem Heizk\u00f6rper. Da frohlockt das Heimwerkerherz! Nat\u00fcrlich muss der Heizk\u00f6rper umgehend abgebaut und die Wand trockengelegt werden.<\/p>\n<p>6:25<br \/>\nDer Heizk\u00f6rper ist abgebaut. Dass ich nicht viel von Heizungen verstehe, erw\u00e4hnte ich ja schon; leider habe ich vers\u00e4umt, das Wasser vorher abzulassen und w\u00e4hrend eines Telefonates mit Tante Mechthild ergie\u00dfen sich nicht etwa 85 Liter Heizungswasser in die K\u00fcche.<\/p>\n<p>6:55<br \/>\nNat\u00fcrlich muss die K\u00fcche nach diesem ungl\u00fccklichen Vorfall entkernt und getrocknet werden. B\u00f6llz hat Heiligabend offen und so hole ich spontan vier Bautrockner. Der Fu\u00dfbodenbelag wird hochgenommen, und das nasse Zeug zwischen den Holzbalken lagere ich im Wohnzimmer zwischen. Der feuchte Putz an der Wand wird ebenfalls abgestemmt (ich habe auch einen Abbruchhammer mit Verbrenner-Motor mitgebracht) und im Bad zwischengelagert, denn eine Mulde war heute leider nicht mehr zu bekommen.<\/p>\n<p>7:05<br \/>\nMeine Frau steht auf und ist leicht irritiert wegen des K\u00fcchenzustands. Mir war nicht bewusst, dass die K\u00fcche zu Weihnachten ben\u00f6tigt wird. Aber mit den Bautrocknern sollte in zwei, drei Wochen alles wieder trockengelegt sein.<\/p>\n<p>7:20<br \/>\nIch habe den Stromverbrauch von vier Bautrocknern untersch\u00e4tzt und muss eine Kraftstromdose direkt hinter den Hauptsicherungen installieren.<\/p>\n<p>7:25<br \/>\nDurch eine ungl\u00fcckliche Farbverwechslung im Halbdunkeln des Kellers wird leider die komplette Stra\u00dfe (und auch zwei Parallelstra\u00dfen) lahmgelegt. Ich rufe den Energieversorger an und bem\u00e4ngele, dass es dagegen keine Schutzeinrichtung gibt. Mit einer gewissen \u00dcberraschung nehme ich zur Kenntnis, dass ich vor dem Z\u00e4hler gar nichts h\u00e4tte anklemmen d\u00fcrfen. Die k\u00f6nnen mich mal! W\u00fctend lege ich auf.<\/p>\n<p>8:15<br \/>\nDurch die Vibrationen der vier Bautrockner, die mittlerweile wieder funktionieren, hat sich der Wannentr\u00e4ger der Badewanne gel\u00f6st. Die Wanne ist unterwegs in Richtung Treppenhaus, aus dem Wasseranschluss spritzt font\u00e4nenartig eine nicht unerhebliche Wassermenge heraus. Ich bemerke das Malheur leider erst, als sowohl die Badewanne als auch ein mittlerer Wasserfall die Treppe hinunterkommen. Geistesgegenw\u00e4rtig suche ich den Hauptwasserhahn und habe ihn auch nach lediglich 20 Minuten gefunden.<\/p>\n<p>8:30<br \/>\nKlar, dass nun das Bad oben auch trockengelegt werden muss. Ich fahre noch einmal zu B\u00f6llz und hole die noch vorhandenen drei Bautrockner. Und auch gleich ein Aggregat, um nicht wieder Stromprobleme zu bekommen. Das Aggregat stelle ich wegen der ohrenbet\u00e4ubenden Lautst\u00e4rke in den Garten.<\/p>\n<p>8.35<br \/>\nDie ersten Nachbarn, und sogar Leute aus umliegenden Ortschaften beschweren sich wegen der wenig besinnlichen Lautst\u00e4rkeentwicklung. Ich versuche, sie mit der Erkl\u00e4rung, in zwei, drei Wochen sei das schon wieder trocken, zu beruhigen.<\/p>\n<p>8:50<br \/>\nDie Zwischendeckend\u00e4mmung ist in Kinderzimmer 1, die hochgenommenen Fliesen in Kinderzimmer 2 zwischengelagert. Im Bad wummern die Bautrockner vor sich hin. Alles ist gut und fast etwas gem\u00fctlich.<\/p>\n<p>9:15<br \/>\nJetzt f\u00e4llt mir wieder ein, was ich schon das ganze Jahr machen wollte: Eine Schornsteinabdeckung installieren! Es ist auf Dauer schon besser und irgendwie sieht es auch nach Regen aus.<\/p>\n<p>9:45<br \/>\nAnrufe bei s\u00e4mtlichen Ger\u00fcstbaufirmen der Umgebung ergeben: Ich werde heute kein Ger\u00fcst mehr bekommen k\u00f6nnen. Durch eine findige Konstruktion aus mehreren Seilen und Umlenkrollen gelingt es mir jedoch, das Dach zu erklimmen und den Schornstein zu vermessen.<\/p>\n<p>10:15<br \/>\nNoch mal einkaufen! Auf der Liste: Milch, Wasser, Eier, Butter, K\u00e4se, Salami, Schornsteinabdeckung. Nach Durchsicht der Liste entscheide ich, nur zum Baumarkt zu fahren, da es die Abdeckung im Supermarkt nat\u00fcrlich nicht gibt.<\/p>\n<p>12:15<br \/>\nStolz pr\u00e4sentiere ich meiner Frau die Eink\u00e4ufe: Schornsteinabdeckung, Betonanker, Nageld\u00fcbel, andere D\u00fcbel, diverse Schrauben und Werkzeuge aus dem Angebot. Sie kann meine Begeisterung nur eingeschr\u00e4nkt teilen und f\u00e4hrt wortlos den Rest der Liste einkaufen.<\/p>\n<p>12:30<br \/>\nDie Installation der Kaminabdeckung wird durch peitschenden Regen und Sturmb\u00f6en etwas erschwert. Die Kinder rufen aus dem Dachfenster hoch, wann ich denn den Baum aufstelle?<\/p>\n<p>12:35<br \/>\nDurch einen ung\u00fcnstigen Fehltritt rutsche ich vom Dach ab, kann mich aber souver\u00e4n an der Dachrinne festhalten. Leider rutscht die gesamte Dachrinne mit Fallrohr und den ersten drei Ziegelreihen mit mir zu Boden. Ich lasse einfach alles so wie es ist und schleiche mich unauff\u00e4llig rein. Das werde ich nach Weihnachten fertig machen.<\/p>\n<p>13:20<br \/>\nAuch nach gr\u00fcndlichem Suchen ist der Christbaumst\u00e4nder nicht aufzutreiben. Ich schneide daher mit der Stichs\u00e4ge einen Quadratmeter aus dem Fu\u00dfboden aus und betoniere eine H\u00fclse ein.<\/p>\n<p>13:30<br \/>\nDie H\u00fclse ist an der falschen Stelle. Zum Gl\u00fcck habe ich noch Beton f\u00fcr zwei weitere Versuche.<\/p>\n<p>14:00<br \/>\nDas THW klingelt an der T\u00fcr und sagt, wir m\u00fcssten wegen des Erdbebens evakuiert werden. Das deutsche Erdbebeninstitut habe in unserer Gegend seismologische Schwingungen der St\u00e4rke f\u00fcnf bis sechs festgestellt. Ich erkl\u00e4re, dass es sich lediglich um die Vibrationen von sieben Bautrocknern und einem 3300 KVA-Aggregat handelt. Nachdem ich einige Formulare unterschrieben habe, zieht das THW wieder ab.<\/p>\n<p>14:45<br \/>\nDer Beton f\u00fcr die H\u00fclsen ist zwar nicht direkt trocken, aber hat einigerma\u00dfen abgebunden, so dass ich den Baum aufstelle. Ich hole ihn zun\u00e4chst ins Haus und bemerke im Wohnzimmer, dass er etwa zwei Meter zu hoch ist.<\/p>\n<p>15:15<br \/>\nMeine Frau kommt vom Einkaufen wieder.<\/p>\n<p>15:30<br \/>\nIch m\u00f6chte den Baum k\u00fcrzen. Leider habe ich nur eine Handkreiss\u00e4ge da. Ich blockiere die Schutzvorrichtung und setze am Stamm an. Die S\u00e4ge haut jedoch ab und s\u00e4gt weiter durch die Holzdielen und die Wand hoch. Wow, wie bei Tim Taylor!<\/p>\n<p>15:40<br \/>\nDie S\u00e4ge hat in der Wand einige Stromleitungen durchtrennt. Sowas bl\u00f6des. Ich klemme die ganze Hausstromversorgung auf das Aggregat um.<\/p>\n<p>15:50<br \/>\nDurch den anhaltenden, orkanartigen Wind werden immer mehr Dachziegel abgedeckt. Ich versuche, das Problem geheimzuhalten. Man sieht sie nur, wenn sie gerade vor dem Fenster herunterfallen.<\/p>\n<p>16:00<br \/>\nDer Gottesdient f\u00e4llt in diesem Jahr aus, da die Kirche gesperrt ist. Der Grund sind Risse in den W\u00e4nden und Dachkuppeln, wohl verursacht durch die seismologischen Schwingungen. Ich freue mich, dass unser Haus so stabil ist. Der Kinderchor und die Gemeinde sehen nicht so gl\u00fccklich aus.<\/p>\n<p>16:30<br \/>\nWir kommen wieder nach Hause. Der Familie f\u00e4llt auf, dass das Dach mittlerweile fast komplett abgedeckt ist. Ich erkl\u00e4re, dass das f\u00fcr die Luftzirkulation gegen Schimmel notwendig ist und verweise auf die Ergebnisse des U-Wert-Rechners.<\/p>\n<p>17:00<br \/>\nBescherung! Die Weihnachtslieder sind wegen des L\u00e4rms der Generatoren und Bautrockner nur schlecht zu h\u00f6ren. Die Kinder bekommen jeweils einen h\u00fcbschen Knarrenkasten von Proxxon und meine Frau freut sich \u00fcber einen Druckluftnagler. Ich habe mir selbst eine Doppelschlitzfr\u00e4se geschenkt, die ich direkt ausprobiere. Wie praktisch, damit kann ich ja gleich die durchtrennten Leitungen in der Wohnzimmerwand neu machen.<\/p>\n<p>17:10<br \/>\nAufgrund der erheblichen Staubentwicklung der Doppelschlitzfr\u00e4se m\u00fcssen wir das Wohnzimmer fluchtartig verlassen. Als einziger noch betretbarer Raum bleibt das Schlafzimmer.<\/p>\n<p>17:30<br \/>\nIch f\u00fchle mich unterfordert und tapeziere das Schlafzimmer neu. Die Familie macht Handreichungen, w\u00e4hrend das Mobiliar im Erdgeschoss komplett mit einer grauen Staubschicht \u00fcberzogen ist und die Bautrockner gem\u00fctlich vor sich hin brummen.<\/p>\n<p>18:00<br \/>\nDurch die anhaltenden Vibrationen ist nun leider der Sturz im Wohnzimmer heruntergekommen. Ein Teil der dar\u00fcberliegenden Wand (ausgerechnet die frisch tapezierte!) ist mit abgesackt. Ich rufe ein paar Kumpels an und frage, ob sie kurz beim Aufmauern helfen k\u00f6nnen. Alle sagen, es sei ein ung\u00fcnstiger Zeitpunkt. Treuloses Pack!<\/p>\n<p>19:00<br \/>\nAmazon Prime liefert mir drei Paletten Grifflochsteine und M\u00f6rtel. Ich klingele beim Nachbarn Sturm, um mir die Mischmaschine zu leihen.<\/p>\n<p>19:30<br \/>\nIch weise den Tanklaster ein, der das Aggregat wieder auftankt. Leider passiert ein Malheur mit der Hausecke. Aber ich habe ja noch M\u00f6rtel \u00fcber.<\/p>\n<p>20:00<br \/>\nNirgendwo bekomme ich eine Mulde! Den Bauschutt vom Sturz lagere ich im Schlafzimmer ein.<\/p>\n<p>20:05<br \/>\nDie Kinder fallen, erm\u00fcdet durch die Baut\u00e4tigkeiten, totm\u00fcde ins Bett. Die Knarrenk\u00e4sten sortiere ich erstmal bei mir in der Werkstatt ein.<\/p>\n<p>21:00<br \/>\nDer Sturz ist wieder eingemauert. Die Baust\u00fctzen schm\u00fccken wir mit Tannengr\u00fcn.<\/p>\n<p>21:30<br \/>\nEs wird gem\u00fctlich. Wir sto\u00dfen mit einem Glas Sekt ein. Kurz bevor ich auf dem Sofa einnicke, sehe ich durch das Fenster die drei Bautrockner aus dem ersten Stock hinabst\u00fcrzen.<\/p>\n<p>Darum werde ich mich nach Weihnachten k\u00fcmmern\u2026<\/p>\n<div class=\"sharedaddy sd-sharing-enabled\"><div class=\"robots-nocontent sd-block sd-social sd-social-icon-text sd-sharing\"><h3 class=\"sd-title\">Teilen mit:<\/h3><div class=\"sd-content\"><ul><li class=\"share-email\"><a rel=\"nofollow noopener noreferrer\" data-shared=\"\" class=\"share-email sd-button share-icon\" href=\"http:\/\/www.dannwollenwirmal.de\/?p=1023&amp;share=email\" target=\"_blank\" title=\"Klick, um dies einem Freund per E-Mail zu senden\"><span>E-Mail<\/span><\/a><\/li><li class=\"share-print\"><a rel=\"nofollow noopener noreferrer\" data-shared=\"\" class=\"share-print sd-button share-icon\" href=\"http:\/\/www.dannwollenwirmal.de\/?p=1023\" target=\"_blank\" title=\"Klicken zum Ausdrucken\"><span>Drucken<\/span><\/a><\/li><li class=\"share-facebook\"><a rel=\"nofollow noopener noreferrer\" data-shared=\"sharing-facebook-1023\" class=\"share-facebook sd-button share-icon\" href=\"http:\/\/www.dannwollenwirmal.de\/?p=1023&amp;share=facebook\" target=\"_blank\" title=\"Klick, um auf Facebook zu teilen\"><span>Facebook<\/span><\/a><\/li><li class=\"share-twitter\"><a rel=\"nofollow noopener noreferrer\" data-shared=\"sharing-twitter-1023\" class=\"share-twitter sd-button share-icon\" href=\"http:\/\/www.dannwollenwirmal.de\/?p=1023&amp;share=twitter\" target=\"_blank\" title=\"Klick, um \u00fcber Twitter zu teilen\"><span>Twitter<\/span><\/a><\/li><li class=\"share-pinterest\"><a rel=\"nofollow noopener noreferrer\" data-shared=\"sharing-pinterest-1023\" class=\"share-pinterest sd-button share-icon\" href=\"http:\/\/www.dannwollenwirmal.de\/?p=1023&amp;share=pinterest\" target=\"_blank\" title=\"Klick, um auf Pinterest zu teilen\"><span>Pinterest<\/span><\/a><\/li><li class=\"share-linkedin\"><a rel=\"nofollow noopener noreferrer\" data-shared=\"sharing-linkedin-1023\" class=\"share-linkedin sd-button share-icon\" href=\"http:\/\/www.dannwollenwirmal.de\/?p=1023&amp;share=linkedin\" target=\"_blank\" title=\"Klick, um auf LinkedIn zu teilen\"><span>LinkedIn<\/span><\/a><\/li><li class=\"share-end\"><\/li><\/ul><\/div><\/div><\/div>","protected":false},"excerpt":{"rendered":"<p>In 24 Wochen ist Weihnachten! Weihnachten bei Heimwerkers 24. Dezember 2014 by mohlemeyer 5:49 Hurra, die Kinder sind wach! Das Licht geht an und der Tag wird mit einer fr\u00f6hlichen Runde \u201eFang mich doch\u201c \u00fcber s\u00e4mtliche Stockwerke er\u00f6ffnet. Nein, der Weihnachtsmann ist noch nicht da! 6:10 Fr\u00fchst\u00fcck. Der digital programmierbare Toaster wurde scheinbar gehackt und [&hellip;]<\/p>\n<div class=\"sharedaddy sd-sharing-enabled\"><div class=\"robots-nocontent sd-block sd-social sd-social-icon-text sd-sharing\"><h3 class=\"sd-title\">Teilen mit:<\/h3><div class=\"sd-content\"><ul><li class=\"share-email\"><a rel=\"nofollow noopener noreferrer\" data-shared=\"\" class=\"share-email sd-button share-icon\" href=\"http:\/\/www.dannwollenwirmal.de\/?p=1023&amp;share=email\" target=\"_blank\" title=\"Klick, um dies einem Freund per E-Mail zu senden\"><span>E-Mail<\/span><\/a><\/li><li class=\"share-print\"><a rel=\"nofollow noopener noreferrer\" data-shared=\"\" class=\"share-print sd-button share-icon\" href=\"http:\/\/www.dannwollenwirmal.de\/?p=1023\" target=\"_blank\" title=\"Klicken zum Ausdrucken\"><span>Drucken<\/span><\/a><\/li><li class=\"share-facebook\"><a rel=\"nofollow noopener noreferrer\" data-shared=\"sharing-facebook-1023\" class=\"share-facebook sd-button share-icon\" href=\"http:\/\/www.dannwollenwirmal.de\/?p=1023&amp;share=facebook\" target=\"_blank\" title=\"Klick, um auf Facebook zu teilen\"><span>Facebook<\/span><\/a><\/li><li class=\"share-twitter\"><a rel=\"nofollow noopener noreferrer\" data-shared=\"sharing-twitter-1023\" class=\"share-twitter sd-button share-icon\" href=\"http:\/\/www.dannwollenwirmal.de\/?p=1023&amp;share=twitter\" target=\"_blank\" title=\"Klick, um \u00fcber Twitter zu teilen\"><span>Twitter<\/span><\/a><\/li><li class=\"share-pinterest\"><a rel=\"nofollow noopener noreferrer\" data-shared=\"sharing-pinterest-1023\" class=\"share-pinterest sd-button share-icon\" href=\"http:\/\/www.dannwollenwirmal.de\/?p=1023&amp;share=pinterest\" target=\"_blank\" title=\"Klick, um auf Pinterest zu teilen\"><span>Pinterest<\/span><\/a><\/li><li class=\"share-linkedin\"><a rel=\"nofollow noopener noreferrer\" data-shared=\"sharing-linkedin-1023\" class=\"share-linkedin sd-button share-icon\" href=\"http:\/\/www.dannwollenwirmal.de\/?p=1023&amp;share=linkedin\" target=\"_blank\" title=\"Klick, um auf LinkedIn zu teilen\"><span>LinkedIn<\/span><\/a><\/li><li class=\"share-end\"><\/li><\/ul><\/div><\/div><\/div>","protected":false},"author":1,"featured_media":0,"comment_status":"open","ping_status":"open","sticky":false,"template":"","format":"standard","meta":{"advanced_seo_description":"","spay_email":"","jetpack_publicize_message":"","jetpack_is_tweetstorm":false,"jetpack_publicize_feature_enabled":true},"categories":[1],"tags":[],"jetpack_featured_media_url":"","jetpack_publicize_connections":[],"jetpack_shortlink":"https:\/\/wp.me\/p3WtlO-gv","jetpack_sharing_enabled":true,"jetpack-related-posts":[{"id":736,"url":"http:\/\/www.dannwollenwirmal.de\/?p=736","url_meta":{"origin":1023,"position":0},"title":"Weihnachten bei Heimwerkers","date":"24. Dezember 2014","format":false,"excerpt":"5:49 Hurra, die Kinder sind wach! Das Licht geht an und der Tag wird mit einer fr\u00f6hlichen Runde \"Fang mich doch\" \u00fcber s\u00e4mtliche Stockwerke er\u00f6ffnet. Nein, der Weihnachtsmann ist noch nicht da! 6:10 Fr\u00fchst\u00fcck. Der digital programmierbare Toaster wurde scheinbar gehackt und l\u00e4sst sich leider nicht mehr abschalten. Ein beherzter\u2026","rel":"","context":"In &quot;Allgemein&quot;","img":{"alt_text":"","src":"","width":0,"height":0},"classes":[]},{"id":426,"url":"http:\/\/www.dannwollenwirmal.de\/?p=426","url_meta":{"origin":1023,"position":1},"title":"Gl\u00fchbirnebirnebirne!","date":"16. April 2014","format":false,"excerpt":"Lieber Leser, da wir ja neulich gemeinsam \u00fcber verschiedene Deckeneinbaustrahler sinniert und zusammen das Drehbuch zum Deckeneinbauthriller durchlebt haben kommt jetzt hier, etwas Off-Topic aber daf\u00fcr sowas von lebensnah, der Tip f\u00fcr die Dimensionierung von LED-Strahlern: Gl\u00fchbirnen-Watt mal 10 gleich Lumen der LED! Nicht verstanden? Wenn man fr\u00fcher eine 40W-Gl\u00fchbirne\u2026","rel":"","context":"In &quot;Allgemein&quot;","img":{"alt_text":"Drempel","src":"https:\/\/i1.wp.com\/www.dannwollenwirmal.de\/wp-content\/uploads\/2014\/04\/drempel4.jpeg?resize=350%2C200","width":350,"height":200},"classes":[]},{"id":319,"url":"http:\/\/www.dannwollenwirmal.de\/?p=319","url_meta":{"origin":1023,"position":2},"title":"Zicke","date":"2. Februar 2014","format":false,"excerpt":"Auf dem Dachboden ist nun immerhin schonmal die Heizung angekommen. Zum Gl\u00fcck mussten Vorlauf und R\u00fccklauf nicht ganz vom Kessel geholt, sondern konnten ein Stockwerk tiefer an die relativ dicken Heizungsrohre angeschlossen werden. Oben sollen es ja mal zwei R\u00e4ume werden (Arbeitszimmer und G\u00e4stezimmer), und pro Raum ist mittig ein\u2026","rel":"","context":"In &quot;Allgemein&quot;","img":{"alt_text":"","src":"https:\/\/i1.wp.com\/www.dannwollenwirmal.de\/wp-content\/uploads\/2014\/02\/heizung.jpg?resize=350%2C200","width":350,"height":200},"classes":[]},{"id":6,"url":"http:\/\/www.dannwollenwirmal.de\/?p=6","url_meta":{"origin":1023,"position":3},"title":"Dann wollen wir mal&#8230;","date":"17. September 2013","format":false,"excerpt":"Unser H\u00e4uschen haben wir 2011 gekauft. Ein 20er Jahre-Stadthaus im sch\u00f6nen Porta Westfalica. Rund 140 m\u00b2 Wohnfl\u00e4che in solider Substanz bewohnen wir mit vier Personen. Beim Kauf im Oktober 2011 konnte ich mich dank Selbstst\u00e4ndigkeit und tolerantem Compagnon und Mitarbeitern ein Vierteljahr handwerklich austoben und das ganze Haus einzugsfertig renovieren\u2026","rel":"","context":"In &quot;Allgemeines&quot;","img":{"alt_text":"","src":"https:\/\/i2.wp.com\/www.dannwollenwirmal.de\/wp-content\/uploads\/2013\/09\/img_2197.jpg?resize=350%2C200","width":350,"height":200},"classes":[]},{"id":1573,"url":"http:\/\/www.dannwollenwirmal.de\/?p=1573","url_meta":{"origin":1023,"position":4},"title":"Sommerpause II: Der erste!","date":"7. August 2016","format":false,"excerpt":"Heute als kleines Sommerpausen-Bonbon: der aller-aller-allererste dannwollenwirmal-Post vom September 2013: \u00a0 Dann wollen wir mal\u2026 17. September 2013 von mohlemeyer Unser H\u00e4uschen haben wir 2011 gekauft. Ein 20er Jahre-Stadthaus im sch\u00f6nen Porta Westfalica. Rund 140 m\u00b2 Wohnfl\u00e4che in solider Substanz bewohnen wir mit vier Personen. Beim Kauf im Oktober 2011\u2026","rel":"","context":"In &quot;Allgemein&quot;","img":{"alt_text":"IMG_2198","src":"https:\/\/i0.wp.com\/www.dannwollenwirmal.de\/wp-content\/uploads\/2013\/09\/img_2198.jpg?resize=350%2C200","width":350,"height":200},"classes":[]},{"id":2351,"url":"http:\/\/www.dannwollenwirmal.de\/?p=2351","url_meta":{"origin":1023,"position":5},"title":"R\u00fcckenwind","date":"9. September 2018","format":false,"excerpt":"So, allm\u00e4hlich wollen wir mal aufr\u00e4umen hier. Was? Ich wei\u00df, ich wei\u00df, f\u00fcnf Jahre ist schon ganz sch\u00f6n lang f\u00fcr ne Baustelle. Aber ich hatte ja auch mit einigen Problemen zu k\u00e4mpfen. Damals, die falsch gemischte Farbe? Oder die Sache mit der Bauschaumdose? Na, also. Das da hinten? Jaaaa, ist\u2026","rel":"","context":"In &quot;Allgemein&quot;","img":{"alt_text":"","src":"","width":0,"height":0},"classes":[]}],"_links":{"self":[{"href":"http:\/\/www.dannwollenwirmal.de\/index.php?rest_route=\/wp\/v2\/posts\/1023"}],"collection":[{"href":"http:\/\/www.dannwollenwirmal.de\/index.php?rest_route=\/wp\/v2\/posts"}],"about":[{"href":"http:\/\/www.dannwollenwirmal.de\/index.php?rest_route=\/wp\/v2\/types\/post"}],"author":[{"embeddable":true,"href":"http:\/\/www.dannwollenwirmal.de\/index.php?rest_route=\/wp\/v2\/users\/1"}],"replies":[{"embeddable":true,"href":"http:\/\/www.dannwollenwirmal.de\/index.php?rest_route=%2Fwp%2Fv2%2Fcomments&post=1023"}],"version-history":[{"count":1,"href":"http:\/\/www.dannwollenwirmal.de\/index.php?rest_route=\/wp\/v2\/posts\/1023\/revisions"}],"predecessor-version":[{"id":1024,"href":"http:\/\/www.dannwollenwirmal.de\/index.php?rest_route=\/wp\/v2\/posts\/1023\/revisions\/1024"}],"wp:attachment":[{"href":"http:\/\/www.dannwollenwirmal.de\/index.php?rest_route=%2Fwp%2Fv2%2Fmedia&parent=1023"}],"wp:term":[{"taxonomy":"category","embeddable":true,"href":"http:\/\/www.dannwollenwirmal.de\/index.php?rest_route=%2Fwp%2Fv2%2Fcategories&post=1023"},{"taxonomy":"post_tag","embeddable":true,"href":"http:\/\/www.dannwollenwirmal.de\/index.php?rest_route=%2Fwp%2Fv2%2Ftags&post=1023"}],"curies":[{"name":"wp","href":"https:\/\/api.w.org\/{rel}","templated":true}]}}