{"id":1019,"date":"2015-07-05T10:13:28","date_gmt":"2015-07-05T08:13:28","guid":{"rendered":"http:\/\/www.dannwollenwirmal.de\/?p=1019"},"modified":"2015-07-05T10:14:51","modified_gmt":"2015-07-05T08:14:51","slug":"sommerpause-iii","status":"publish","type":"post","link":"http:\/\/www.dannwollenwirmal.de\/?p=1019","title":{"rendered":"Sommerpause III"},"content":{"rendered":"<p>Heute vor einem Jahr, als ich den Hubsteiger im Vorgarten versenkte:<\/p>\n<header class=\"entry-header\">\n<h1 class=\"entry-title\">Bodenturnen<\/h1>\n<div class=\"entry-meta\"><a title=\"18:36\" href=\"http:\/\/www.dannwollenwirmal.de\/?p=507\" rel=\"bookmark\"><time class=\"entry-date\" datetime=\"2014-07-10T18:36:48+00:00\">10. Juli 2014<\/time><\/a><span class=\"byline\"> by <span class=\"author vcard\"><a class=\"url fn n\" title=\"View all posts by mohlemeyer\" href=\"http:\/\/www.dannwollenwirmal.de\/?author=1\" rel=\"author\">mohlemeyer<\/a><\/span><\/span><\/div>\n<\/header>\n<div class=\"entry-content\">\n<p>Unter dem Motto \u201eLief jetzt mal nicht so\u201c k\u00f6nnte man das heutige Projekt zu den Akten legen. Irgendwie auch klar, wenn man etwas \u201emal eben schnell\u201c machen will\u2026doch von Anfang an:<\/p>\n<p>Ich habe schon l\u00e4nger eine reparaturbed\u00fcrftige Stelle am Haus: der r\u00fcckseitige Traufkasten war bereits beim Hauskauf an einigen Stellen marode und ich plante nun, diesen zu erneuern. Weiterhin gibt es dort an der Dachrinne zwei Stellen, an denen ich das Traufblech der Unterdeckung nicht weit genug in die Rinne geschoben habe (<a href=\"http:\/\/www.dannwollenwirmal.de\/?p=120\"><strong>so war das damals<\/strong><\/a>) und gleichzeitig ein St\u00fcck Dachziegel fehlt, so dass es bei starkem Regen nun zwischen Rinne und Dachziegel durchpl\u00e4ddert.<\/p>\n<p>Von einem gro\u00dfen niederl\u00e4ndischen Verleiher hatte ich mir eine Hubarbeitsb\u00fchne ausgeliehen, die von der Breite her durch die T\u00fcr zum Garten passte und mit der ich die schadhafte Stelle erreichen wollte.<\/p>\n<p>Es kam, wie es kommen musste: die Breite des Ger\u00e4tes hatte ich mehrfach mit der T\u00fcr abgeglichen, es stellte sich dann aber heraus, dass das Mistvieh 5 cm zu hoch war und damit nicht durch die Gartent\u00fcr passt. Beim zur\u00fccksetzen machte ich eine falsche Bewegung mit dem Achtwegejoystick und versenkte den gesamten Apparat im Blumenbeet. Das (Indoor!)-Ger\u00e4t ist so gel\u00e4ndeg\u00e4ngig wie eine Modelleisenbahn und ich ben\u00f6tigte Holzst\u00fccke, Keile, Steine, einen Hubwagen und einen Gurt sowie etwa zwei Stunden Schwei\u00df und Tr\u00e4nen, um das Vehikel wieder aus dem Beet zu bekommen.<\/p>\n<p>Plan B: Der andere Weg ums Haus. Zwei Bretter auf den Rasen gelegt, damit das 1,1 Tonnen schwere Maschinchen dort etlangfahren m\u00f6ge. Nach etwa 60 cm Wegstrecke rutschte das Ger\u00e4t vom Brett und steckte nun dekorativ im Vorgarten fest. Wenn man die Arbeitsplattform nett bepflanzt und am Mast einen wilden Wein hochranken l\u00e4sst, macht es sich vielleicht auch ganz gut da.<\/p>\n<p><a href=\"https:\/\/i1.wp.com\/www.dannwollenwirmal.de\/wp-content\/uploads\/2014\/07\/Foto-1.jpg\"><img data-attachment-id=\"510\" data-permalink=\"http:\/\/www.dannwollenwirmal.de\/?attachment_id=510#main\" data-orig-file=\"https:\/\/i1.wp.com\/www.dannwollenwirmal.de\/wp-content\/uploads\/2014\/07\/Foto-1.jpg?fit=652%2C489\" data-orig-size=\"652,489\" data-comments-opened=\"1\" data-image-meta=\"{&quot;aperture&quot;:&quot;2.4&quot;,&quot;credit&quot;:&quot;&quot;,&quot;camera&quot;:&quot;iPhone 5&quot;,&quot;caption&quot;:&quot;&quot;,&quot;created_timestamp&quot;:&quot;1404995393&quot;,&quot;copyright&quot;:&quot;&quot;,&quot;focal_length&quot;:&quot;4.12&quot;,&quot;iso&quot;:&quot;50&quot;,&quot;shutter_speed&quot;:&quot;0.0039840637450199&quot;,&quot;title&quot;:&quot;&quot;}\" data-image-title=\"Foto 1\" data-image-description=\"\" data-image-caption=\"\" data-medium-file=\"https:\/\/i1.wp.com\/www.dannwollenwirmal.de\/wp-content\/uploads\/2014\/07\/Foto-1.jpg?fit=300%2C225\" data-large-file=\"https:\/\/i1.wp.com\/www.dannwollenwirmal.de\/wp-content\/uploads\/2014\/07\/Foto-1.jpg?fit=652%2C489\" loading=\"lazy\" class=\"alignnone size-full wp-image-510\" src=\"https:\/\/i1.wp.com\/www.dannwollenwirmal.de\/wp-content\/uploads\/2014\/07\/Foto-1.jpg?resize=652%2C489\" alt=\"Foto 1\" width=\"652\" height=\"489\" srcset=\"https:\/\/i1.wp.com\/www.dannwollenwirmal.de\/wp-content\/uploads\/2014\/07\/Foto-1.jpg?w=652 652w, https:\/\/i1.wp.com\/www.dannwollenwirmal.de\/wp-content\/uploads\/2014\/07\/Foto-1.jpg?resize=300%2C225 300w\" sizes=\"(max-width: 652px) 100vw, 652px\" data-recalc-dims=\"1\" \/><\/a><br \/>\n<em>Doof!<\/em><\/p>\n<p>&nbsp;<\/p>\n<p>Nach einer weiteren Stunde ziehen, keilen und zerren gab ich auf und wartete auf einen Kollegen, der das Ger\u00e4t mit seinem Bulli im Freundschaftsdienst per Abschleppseil aus der misslichen Lage befreite.<\/p>\n<p>Fazit: 80 Euro, halber Tag Fahrerei und Qu\u00e4lerei f\u00fcr \u2026 nix.<\/p>\n<p>Plan C: H\u00f6llenmaschine weggebracht und gegen ein Rollger\u00fcst getauscht. Arbeitsplattformh\u00f6he 6,20m und dabei gut aufzubauen. Der einzige Nachteil: Die eine Reparaturstelle ist \u00fcber der Kellertreppe. Mal sehen wie ich da trickse. Zur Kr\u00f6nung des Tages braute sich nach f\u00fcnf Minuten Arbeit auf dem fertigen Ger\u00fcst ein Gewitter zusammen.<\/p>\n<p><a href=\"https:\/\/i0.wp.com\/www.dannwollenwirmal.de\/wp-content\/uploads\/2014\/07\/Foto-2.jpg\"><img data-attachment-id=\"511\" data-permalink=\"http:\/\/www.dannwollenwirmal.de\/?attachment_id=511#main\" data-orig-file=\"https:\/\/i0.wp.com\/www.dannwollenwirmal.de\/wp-content\/uploads\/2014\/07\/Foto-2.jpg?fit=489%2C652\" data-orig-size=\"489,652\" data-comments-opened=\"1\" data-image-meta=\"{&quot;aperture&quot;:&quot;2.4&quot;,&quot;credit&quot;:&quot;&quot;,&quot;camera&quot;:&quot;iPhone 5&quot;,&quot;caption&quot;:&quot;&quot;,&quot;created_timestamp&quot;:&quot;1405008422&quot;,&quot;copyright&quot;:&quot;&quot;,&quot;focal_length&quot;:&quot;4.12&quot;,&quot;iso&quot;:&quot;50&quot;,&quot;shutter_speed&quot;:&quot;0.00079302141157811&quot;,&quot;title&quot;:&quot;&quot;}\" data-image-title=\"Foto 2\" data-image-description=\"&lt;p&gt;Rollger\u00fcst&lt;\/p&gt;\n\" data-image-caption=\"\" data-medium-file=\"https:\/\/i0.wp.com\/www.dannwollenwirmal.de\/wp-content\/uploads\/2014\/07\/Foto-2.jpg?fit=225%2C300\" data-large-file=\"https:\/\/i0.wp.com\/www.dannwollenwirmal.de\/wp-content\/uploads\/2014\/07\/Foto-2.jpg?fit=489%2C652\" loading=\"lazy\" class=\"alignnone size-full wp-image-511\" src=\"https:\/\/i0.wp.com\/www.dannwollenwirmal.de\/wp-content\/uploads\/2014\/07\/Foto-2.jpg?resize=489%2C652\" alt=\"Foto 2\" width=\"489\" height=\"652\" srcset=\"https:\/\/i0.wp.com\/www.dannwollenwirmal.de\/wp-content\/uploads\/2014\/07\/Foto-2.jpg?w=489 489w, https:\/\/i0.wp.com\/www.dannwollenwirmal.de\/wp-content\/uploads\/2014\/07\/Foto-2.jpg?resize=225%2C300 225w\" sizes=\"(max-width: 489px) 100vw, 489px\" data-recalc-dims=\"1\" \/><\/a><br \/>\n<em>Besser!<\/em><\/p>\n<p>Also, nicht unbedingt mein Gl\u00fcckstag. Immerhin habe ich nun das (hoffentlich) richtige Holz zur Ausbesserung bestellt und werde mich nun in den n\u00e4chsten Tagen mal in luftigen H\u00f6hen bewegen. Wie gewohnt wird hier Bericht erstattet. Petri Heil!<\/p>\n<\/div>\n<div class=\"sharedaddy sd-sharing-enabled\"><div class=\"robots-nocontent sd-block sd-social sd-social-icon-text sd-sharing\"><h3 class=\"sd-title\">Teilen mit:<\/h3><div class=\"sd-content\"><ul><li class=\"share-email\"><a rel=\"nofollow noopener noreferrer\" data-shared=\"\" class=\"share-email sd-button share-icon\" href=\"http:\/\/www.dannwollenwirmal.de\/?p=1019&amp;share=email\" target=\"_blank\" title=\"Klick, um dies einem Freund per E-Mail zu senden\"><span>E-Mail<\/span><\/a><\/li><li class=\"share-print\"><a rel=\"nofollow noopener noreferrer\" data-shared=\"\" class=\"share-print sd-button share-icon\" href=\"http:\/\/www.dannwollenwirmal.de\/?p=1019\" target=\"_blank\" title=\"Klicken zum Ausdrucken\"><span>Drucken<\/span><\/a><\/li><li class=\"share-facebook\"><a rel=\"nofollow noopener noreferrer\" data-shared=\"sharing-facebook-1019\" class=\"share-facebook sd-button share-icon\" href=\"http:\/\/www.dannwollenwirmal.de\/?p=1019&amp;share=facebook\" target=\"_blank\" title=\"Klick, um auf Facebook zu teilen\"><span>Facebook<\/span><\/a><\/li><li class=\"share-twitter\"><a rel=\"nofollow noopener noreferrer\" data-shared=\"sharing-twitter-1019\" class=\"share-twitter sd-button share-icon\" href=\"http:\/\/www.dannwollenwirmal.de\/?p=1019&amp;share=twitter\" target=\"_blank\" title=\"Klick, um \u00fcber Twitter zu teilen\"><span>Twitter<\/span><\/a><\/li><li class=\"share-pinterest\"><a rel=\"nofollow noopener noreferrer\" data-shared=\"sharing-pinterest-1019\" class=\"share-pinterest sd-button share-icon\" href=\"http:\/\/www.dannwollenwirmal.de\/?p=1019&amp;share=pinterest\" target=\"_blank\" title=\"Klick, um auf Pinterest zu teilen\"><span>Pinterest<\/span><\/a><\/li><li class=\"share-linkedin\"><a rel=\"nofollow noopener noreferrer\" data-shared=\"sharing-linkedin-1019\" class=\"share-linkedin sd-button share-icon\" href=\"http:\/\/www.dannwollenwirmal.de\/?p=1019&amp;share=linkedin\" target=\"_blank\" title=\"Klick, um auf LinkedIn zu teilen\"><span>LinkedIn<\/span><\/a><\/li><li class=\"share-end\"><\/li><\/ul><\/div><\/div><\/div>","protected":false},"excerpt":{"rendered":"<p>Heute vor einem Jahr, als ich den Hubsteiger im Vorgarten versenkte: Bodenturnen 10. Juli 2014 by mohlemeyer Unter dem Motto \u201eLief jetzt mal nicht so\u201c k\u00f6nnte man das heutige Projekt zu den Akten legen. Irgendwie auch klar, wenn man etwas \u201emal eben schnell\u201c machen will\u2026doch von Anfang an: Ich habe schon l\u00e4nger eine reparaturbed\u00fcrftige Stelle [&hellip;]<\/p>\n<div class=\"sharedaddy sd-sharing-enabled\"><div class=\"robots-nocontent sd-block sd-social sd-social-icon-text sd-sharing\"><h3 class=\"sd-title\">Teilen mit:<\/h3><div class=\"sd-content\"><ul><li class=\"share-email\"><a rel=\"nofollow noopener noreferrer\" data-shared=\"\" class=\"share-email sd-button share-icon\" href=\"http:\/\/www.dannwollenwirmal.de\/?p=1019&amp;share=email\" target=\"_blank\" title=\"Klick, um dies einem Freund per E-Mail zu senden\"><span>E-Mail<\/span><\/a><\/li><li class=\"share-print\"><a rel=\"nofollow noopener noreferrer\" data-shared=\"\" class=\"share-print sd-button share-icon\" href=\"http:\/\/www.dannwollenwirmal.de\/?p=1019\" target=\"_blank\" title=\"Klicken zum Ausdrucken\"><span>Drucken<\/span><\/a><\/li><li class=\"share-facebook\"><a rel=\"nofollow noopener noreferrer\" data-shared=\"sharing-facebook-1019\" class=\"share-facebook sd-button share-icon\" href=\"http:\/\/www.dannwollenwirmal.de\/?p=1019&amp;share=facebook\" target=\"_blank\" title=\"Klick, um auf Facebook zu teilen\"><span>Facebook<\/span><\/a><\/li><li class=\"share-twitter\"><a rel=\"nofollow noopener noreferrer\" data-shared=\"sharing-twitter-1019\" class=\"share-twitter sd-button share-icon\" href=\"http:\/\/www.dannwollenwirmal.de\/?p=1019&amp;share=twitter\" target=\"_blank\" title=\"Klick, um \u00fcber Twitter zu teilen\"><span>Twitter<\/span><\/a><\/li><li class=\"share-pinterest\"><a rel=\"nofollow noopener noreferrer\" data-shared=\"sharing-pinterest-1019\" class=\"share-pinterest sd-button share-icon\" href=\"http:\/\/www.dannwollenwirmal.de\/?p=1019&amp;share=pinterest\" target=\"_blank\" title=\"Klick, um auf Pinterest zu teilen\"><span>Pinterest<\/span><\/a><\/li><li class=\"share-linkedin\"><a rel=\"nofollow noopener noreferrer\" data-shared=\"sharing-linkedin-1019\" class=\"share-linkedin sd-button share-icon\" href=\"http:\/\/www.dannwollenwirmal.de\/?p=1019&amp;share=linkedin\" target=\"_blank\" title=\"Klick, um auf LinkedIn zu teilen\"><span>LinkedIn<\/span><\/a><\/li><li class=\"share-end\"><\/li><\/ul><\/div><\/div><\/div>","protected":false},"author":1,"featured_media":0,"comment_status":"open","ping_status":"open","sticky":false,"template":"","format":"standard","meta":{"advanced_seo_description":"","spay_email":"","jetpack_publicize_message":"","jetpack_is_tweetstorm":false,"jetpack_publicize_feature_enabled":true},"categories":[1,255],"tags":[],"jetpack_featured_media_url":"","jetpack_publicize_connections":[],"jetpack_shortlink":"https:\/\/wp.me\/p3WtlO-gr","jetpack_sharing_enabled":true,"jetpack-related-posts":[{"id":1997,"url":"http:\/\/www.dannwollenwirmal.de\/?p=1997","url_meta":{"origin":1019,"position":0},"title":"Sommerpause I: Do it yourself im Urlaub","date":"23. Juli 2017","format":false,"excerpt":"Es ist wieder soweit: dannwollenwirmal macht Sommerpause. Am 3. September gibt es hier wieder neue Schelmereien zu lesen. Damit die Zeit bis dahin nicht zu lang wird, gibt es jede Woche R\u00fcckblicke auf bisher verbockte erfolgreich durchgef\u00fchrte Projekte. Heute ein Beitrag vom August 2014, passend zur Sommerzeit: Do-it-yourself im Urlaub\u2026","rel":"","context":"In &quot;Allgemein&quot;","img":{"alt_text":"ferien2","src":"https:\/\/i1.wp.com\/www.dannwollenwirmal.de\/wp-content\/uploads\/2014\/08\/ferien2.jpg?w=652&resize=350%2C200","width":350,"height":200},"classes":[]},{"id":1582,"url":"http:\/\/www.dannwollenwirmal.de\/?p=1582","url_meta":{"origin":1019,"position":1},"title":"Sommerpause V: Neulich im Bau-Forum","date":"28. August 2016","format":false,"excerpt":"Das war sie auch fast schon wieder, die Sommerpause! War doch gar nicht so schlimm, oder? Ich bin guter Dinge, dass ich n\u00e4chste Woche wieder voll durchstarten kann und ich damit die Sommerpause immerhin eine Woche k\u00fcrzer als letztes Jahr halten konnte! Es gibt ja auch schon wieder so viel\u2026","rel":"","context":"In &quot;Allgemein&quot;","img":{"alt_text":"","src":"","width":0,"height":0},"classes":[]},{"id":2003,"url":"http:\/\/www.dannwollenwirmal.de\/?p=2003","url_meta":{"origin":1019,"position":2},"title":"Sommerpause III: Mathematik f\u00fcrt Heiwerker","date":"6. August 2017","format":false,"excerpt":"\u00a0 Wie war das noch im Sommer vor zwei Jahren, als sich diese am\u00fcsante Begebenheit zutrug: Mathematik f\u00fcr Heimwerker 16. August 2015 von mohlemeyer Willkommen zur\u00fcck, liebe Bastler, Kleber, Maulschl\u00fcsselMitRohrVerl\u00e4ngerer, BauschaumInDieRitzenSchmierer und Acrylfetischisten! Ja, die Sommerpause war arbeitsreich, aber am Ende auch erholsam, insgesamt also durchaus ergiebig, ich habe sogar\u2026","rel":"","context":"In &quot;Allgemein&quot;","img":{"alt_text":"","src":"","width":0,"height":0},"classes":[]},{"id":2337,"url":"http:\/\/www.dannwollenwirmal.de\/?p=2337","url_meta":{"origin":1019,"position":3},"title":"Sommerpause II: Sport f\u00fcr Heimwerker","date":"5. August 2018","format":false,"excerpt":"Der Sport sollte auch in der warmen Jahreszeit nicht zu kurz kommen. Im dannwollenwirmal-Sommerpause-BestOf hier ein Beitrag aus dem M\u00e4rz: \u00a0 Sport f\u00fcr Heimwerker 4. M\u00e4rz 2018 von mohlemeyer Gerade in der winterlichen Jahreszeit neigt der Heimwerker dazu, sein nat\u00fcrliches Bewegungshabitat wie Werkstatt, Garage oder Garten wegen teils arktischer Temperaturen\u2026","rel":"","context":"In &quot;Sommerpause&quot;","img":{"alt_text":"","src":"","width":0,"height":0},"classes":[]},{"id":2335,"url":"http:\/\/www.dannwollenwirmal.de\/?p=2335","url_meta":{"origin":1019,"position":4},"title":"Sommerpause I: Kochen ist Werken","date":"29. Juli 2018","format":false,"excerpt":"Es ist mal wieder so weit - wie jede Jahr geht dannwollenwirmal in die traditionelle Sommerpause. Bis dahin, wie im Fernsehen: Wiederholung der sch\u00f6nsten Folgen :) Am 2. September geht es hier weiter. Euch allen eine sch\u00f6ne Sommerzeit! Und falls ihr zwischendurch mal was zu Essen machen m\u00f6chtet, w\u00e4ren hier\u2026","rel":"","context":"In &quot;Sommerpause&quot;","img":{"alt_text":"","src":"","width":0,"height":0},"classes":[]},{"id":2001,"url":"http:\/\/www.dannwollenwirmal.de\/?p=2001","url_meta":{"origin":1019,"position":5},"title":"Sommerpause II: Leser fragen &#8211; dannwollenwirmal antwortet","date":"30. Juli 2017","format":false,"excerpt":"Hier ist sie, eine der ersten Folgen der beliebten Kategorie: \u00a0 Leser fragen \u2013 dannwollenwirmal antwortet 14. Juni 2015 von mohlemeyer Durch meine nuklearbetriebene Blog-Software sehe ich jede Woche, welche Suchbegriffe verwendet wurden, um auf meiner Seite zu landen. Und aus der thematischen F\u00fclle dieser Suchbegriffe entnehme ich: Es gibt\u2026","rel":"","context":"In &quot;Sommerpause&quot;","img":{"alt_text":"","src":"","width":0,"height":0},"classes":[]}],"_links":{"self":[{"href":"http:\/\/www.dannwollenwirmal.de\/index.php?rest_route=\/wp\/v2\/posts\/1019"}],"collection":[{"href":"http:\/\/www.dannwollenwirmal.de\/index.php?rest_route=\/wp\/v2\/posts"}],"about":[{"href":"http:\/\/www.dannwollenwirmal.de\/index.php?rest_route=\/wp\/v2\/types\/post"}],"author":[{"embeddable":true,"href":"http:\/\/www.dannwollenwirmal.de\/index.php?rest_route=\/wp\/v2\/users\/1"}],"replies":[{"embeddable":true,"href":"http:\/\/www.dannwollenwirmal.de\/index.php?rest_route=%2Fwp%2Fv2%2Fcomments&post=1019"}],"version-history":[{"count":2,"href":"http:\/\/www.dannwollenwirmal.de\/index.php?rest_route=\/wp\/v2\/posts\/1019\/revisions"}],"predecessor-version":[{"id":1021,"href":"http:\/\/www.dannwollenwirmal.de\/index.php?rest_route=\/wp\/v2\/posts\/1019\/revisions\/1021"}],"wp:attachment":[{"href":"http:\/\/www.dannwollenwirmal.de\/index.php?rest_route=%2Fwp%2Fv2%2Fmedia&parent=1019"}],"wp:term":[{"taxonomy":"category","embeddable":true,"href":"http:\/\/www.dannwollenwirmal.de\/index.php?rest_route=%2Fwp%2Fv2%2Fcategories&post=1019"},{"taxonomy":"post_tag","embeddable":true,"href":"http:\/\/www.dannwollenwirmal.de\/index.php?rest_route=%2Fwp%2Fv2%2Ftags&post=1019"}],"curies":[{"name":"wp","href":"https:\/\/api.w.org\/{rel}","templated":true}]}}