{"id":1004,"date":"2015-06-07T08:00:44","date_gmt":"2015-06-07T06:00:44","guid":{"rendered":"http:\/\/www.dannwollenwirmal.de\/?p=1004"},"modified":"2015-06-06T17:06:00","modified_gmt":"2015-06-06T15:06:00","slug":"der-grosse-ketchup-und-buttermilch-test","status":"publish","type":"post","link":"http:\/\/www.dannwollenwirmal.de\/?p=1004","title":{"rendered":"Der gro\u00dfe Ketchup- und Buttermilch-Test"},"content":{"rendered":"<p>Na, dann wollen wir mal ein bi\u00dfchen was <em>testen<\/em> heute. Zum Beispiel meine DWD-Platten, die ich als Unterdach f\u00fcr meinen Dachbodenausbau genommen habe und die ja unter anderem den Vorteil haben sollen, auch gegen <em>Hitze<\/em> zu isolieren. Gestern und heute sind es um die 30\u00b0C, und ich sitze soeben im Dachbodenzimmer und blogge vor mich hin, und ich muss schon sagen &#8211; verdammt warm&#8230;im Rest des (Stein)hauses ist es deutlich k\u00fchler-aber, wer wei\u00df, wie es ohne die Platten w\u00e4re? Aber Wunder kann man wohl nicht erwarten.<\/p>\n<p>Apropos Test: Da habe ich doch <a href=\"http:\/\/www.dannwollenwirmal.de\/?p=981\"><strong>hier<\/strong> <\/a>diesen klappbaren Akkuschrauber getestet, und noch gewitzelt, dass man ja selten wirkliche Anwendungsf\u00e4lle daf\u00fcr hat, und ZACK! da ist der erste Anwendungsfall: das Anschrauben eines Direktabh\u00e4ngers in unmittelbarer Wandn\u00e4he:<\/p>\n<p><a href=\"https:\/\/i0.wp.com\/www.dannwollenwirmal.de\/wp-content\/uploads\/2015\/06\/IMG_3515.jpg\"><img data-attachment-id=\"1005\" data-permalink=\"http:\/\/www.dannwollenwirmal.de\/?attachment_id=1005#main\" data-orig-file=\"https:\/\/i0.wp.com\/www.dannwollenwirmal.de\/wp-content\/uploads\/2015\/06\/IMG_3515.jpg?fit=652%2C652\" data-orig-size=\"652,652\" data-comments-opened=\"1\" data-image-meta=\"{&quot;aperture&quot;:&quot;2.2&quot;,&quot;credit&quot;:&quot;&quot;,&quot;camera&quot;:&quot;iPhone 6&quot;,&quot;caption&quot;:&quot;&quot;,&quot;created_timestamp&quot;:&quot;1433499903&quot;,&quot;copyright&quot;:&quot;&quot;,&quot;focal_length&quot;:&quot;4.15&quot;,&quot;iso&quot;:&quot;125&quot;,&quot;shutter_speed&quot;:&quot;0.033333333333333&quot;,&quot;title&quot;:&quot;&quot;,&quot;orientation&quot;:&quot;1&quot;}\" data-image-title=\"IMG_3515\" data-image-description=\"&lt;p&gt;Twistmeister&lt;\/p&gt;\n\" data-image-caption=\"\" data-medium-file=\"https:\/\/i0.wp.com\/www.dannwollenwirmal.de\/wp-content\/uploads\/2015\/06\/IMG_3515.jpg?fit=300%2C300\" data-large-file=\"https:\/\/i0.wp.com\/www.dannwollenwirmal.de\/wp-content\/uploads\/2015\/06\/IMG_3515.jpg?fit=652%2C652\" loading=\"lazy\" class=\"alignnone size-full wp-image-1005\" src=\"https:\/\/i0.wp.com\/www.dannwollenwirmal.de\/wp-content\/uploads\/2015\/06\/IMG_3515.jpg?resize=652%2C652\" alt=\"IMG_3515\" width=\"652\" height=\"652\" srcset=\"https:\/\/i0.wp.com\/www.dannwollenwirmal.de\/wp-content\/uploads\/2015\/06\/IMG_3515.jpg?w=652 652w, https:\/\/i0.wp.com\/www.dannwollenwirmal.de\/wp-content\/uploads\/2015\/06\/IMG_3515.jpg?resize=150%2C150 150w, https:\/\/i0.wp.com\/www.dannwollenwirmal.de\/wp-content\/uploads\/2015\/06\/IMG_3515.jpg?resize=300%2C300 300w\" sizes=\"(max-width: 652px) 100vw, 652px\" data-recalc-dims=\"1\" \/><\/a><br \/>\n<em>Twistmeister<\/em><\/p>\n<p>Wenn das letzte Profil n\u00e4mlich zu weit von der Wand weg ist, wird&#8217;s im Anschlussbereich wabbelig, und so kann ich sch\u00f6n nah an die Wand heranr\u00fccken (denn am umlaufenden UW-Profil wird nicht verschraubt), und der TwistMeister erreicht die Stelle problemlos. Gl\u00fcckwunsch, Gentleman, sie haben sich einen festen Platz in der Trockenbaukiste gesichert, auch wenn sie etwas langsam sind, aber ein bi\u00dfchen Entschleunigung tut mir manchmal auch ganz gut.<\/p>\n<p>Aus der Rubrik &#8222;Tips &amp; Tricks&#8220; noch ein kleiner <em>Cheat<\/em>: Das <a href=\"http:\/\/www.dannwollenwirmal.de\/?p=969\"><strong>hier<\/strong> <\/a>erw\u00e4hnte TrennfixBand klebt <del>ungef\u00e4hr so gut wie Milch<\/del> manchmal nicht so richtig gut, gerade auf frischen Putzfl\u00e4chen; da ist mir eingefallen, dass man in diesem Fall ja auch einfach ans Metallprofil kleben kann:<\/p>\n<p><a href=\"https:\/\/i0.wp.com\/www.dannwollenwirmal.de\/wp-content\/uploads\/2015\/06\/IMG_3516.jpg\"><img data-attachment-id=\"1006\" data-permalink=\"http:\/\/www.dannwollenwirmal.de\/?attachment_id=1006#main\" data-orig-file=\"https:\/\/i0.wp.com\/www.dannwollenwirmal.de\/wp-content\/uploads\/2015\/06\/IMG_3516.jpg?fit=652%2C652\" data-orig-size=\"652,652\" data-comments-opened=\"1\" data-image-meta=\"{&quot;aperture&quot;:&quot;2.2&quot;,&quot;credit&quot;:&quot;&quot;,&quot;camera&quot;:&quot;iPhone 6&quot;,&quot;caption&quot;:&quot;&quot;,&quot;created_timestamp&quot;:&quot;1433501153&quot;,&quot;copyright&quot;:&quot;&quot;,&quot;focal_length&quot;:&quot;4.15&quot;,&quot;iso&quot;:&quot;64&quot;,&quot;shutter_speed&quot;:&quot;0.033333333333333&quot;,&quot;title&quot;:&quot;&quot;,&quot;orientation&quot;:&quot;1&quot;}\" data-image-title=\"IMG_3516\" data-image-description=\"&lt;p&gt;Trennfix am UW-Profil&lt;\/p&gt;\n\" data-image-caption=\"\" data-medium-file=\"https:\/\/i0.wp.com\/www.dannwollenwirmal.de\/wp-content\/uploads\/2015\/06\/IMG_3516.jpg?fit=300%2C300\" data-large-file=\"https:\/\/i0.wp.com\/www.dannwollenwirmal.de\/wp-content\/uploads\/2015\/06\/IMG_3516.jpg?fit=652%2C652\" loading=\"lazy\" class=\"alignnone size-full wp-image-1006\" src=\"https:\/\/i0.wp.com\/www.dannwollenwirmal.de\/wp-content\/uploads\/2015\/06\/IMG_3516.jpg?resize=652%2C652\" alt=\"IMG_3516\" width=\"652\" height=\"652\" srcset=\"https:\/\/i0.wp.com\/www.dannwollenwirmal.de\/wp-content\/uploads\/2015\/06\/IMG_3516.jpg?w=652 652w, https:\/\/i0.wp.com\/www.dannwollenwirmal.de\/wp-content\/uploads\/2015\/06\/IMG_3516.jpg?resize=150%2C150 150w, https:\/\/i0.wp.com\/www.dannwollenwirmal.de\/wp-content\/uploads\/2015\/06\/IMG_3516.jpg?resize=300%2C300 300w\" sizes=\"(max-width: 652px) 100vw, 652px\" data-recalc-dims=\"1\" \/><\/a><br \/>\n<em>so gehts auch!<\/em><\/p>\n<p>Das ist \u00fcbrigens immer noch eine ganz feine Sache und das Anspachteln zur Wand geht wirklich gut. Fr\u00fcher habe ich immer tubenweise Acryl in den Spalt zwischen GK-Platte und Wand gedr\u00fcckt. Nicht nur, dass auch hier ein Hauch von Pfusch mitschwebt, Acrylfugen rei\u00dfen sowieso irgendwann, besonders in der Kombi breite Fuge plus billiges Acryl. Dann lieber Anspachteln, Band abschneiden und dann noch etwas Acryl in die Minifuge f\u00fcrs gute Gewissen. Die wird so klein, dass man nicht mal die Kartuschenspitze abschneiden muss und man kommt mit einem Karton genau acht Jahre hin.<\/p>\n<p>Einen hab ich noch, von wegen Testen: Ich habe den Flie\u00dfspachtel Sopro FS-15plus getestet, um aus der Kraterlandschaft Bad\/Durchgang\/K\u00fcche einen fliesbaren Untergrund zu schaffen, und bin begeistert. Das Zeug <em>flie\u00dft<\/em> wirklich richtig gut, ist also entsprechend d\u00fcnnfl\u00fcssig (also ungef\u00e4hr die Konsistenz von &#8230; hmm Ketchup? Nee d\u00fcnner&#8230; Buttermilch? Irgendwas dazwischen.) und verteilt sich fast wie von selbst. Dabei werden Unebenheiten von 2 bis 40 mm ausgeglichen, was eine ganze Menge ist, und nach zwei Stunden kann man schon drauffliesen (wie war das mit Entschleunigung?). Ganz billig ist der Spachtel leider nicht, daf\u00fcr aber tats\u00e4chlich richtig gut.<\/p>\n<p>Der Untergrund ist also nun bereit, und ab n\u00e4chster Woche kann gefliest werden! Ich habe das Gewerk <del>unter Tr\u00e4nen<\/del> schweren Herzens abgegeben, denn der Hauptberuf fordert mich in den n\u00e4chsten Wochen wieder zusehends, und dann baue ich zwar auch, aber weniger best\u00e4ndig, sondern eher fl\u00fcchtig, also zum wieder-abbauen.<\/p>\n<p>Wobei, ganz abgehakt ist dieses H\u00e4uschen ja noch nicht f\u00fcr mich, es wartet noch der Wannentr\u00e4ger, der in liebevollem Halbrund gemauert werden m\u00f6chte, und wohl auch noch die Zimmert\u00fcren. Und sollte es noch eine Einweihungsparty geben, werde ich nat\u00fcrlich meine Hilfe (beim Verzehr) anbieten! Wohlsein!<\/p>\n<p>&nbsp;<\/p>\n<div class=\"sharedaddy sd-sharing-enabled\"><div class=\"robots-nocontent sd-block sd-social sd-social-icon-text sd-sharing\"><h3 class=\"sd-title\">Teilen mit:<\/h3><div class=\"sd-content\"><ul><li class=\"share-email\"><a rel=\"nofollow noopener noreferrer\" data-shared=\"\" class=\"share-email sd-button share-icon\" href=\"http:\/\/www.dannwollenwirmal.de\/?p=1004&amp;share=email\" target=\"_blank\" title=\"Klick, um dies einem Freund per E-Mail zu senden\"><span>E-Mail<\/span><\/a><\/li><li class=\"share-print\"><a rel=\"nofollow noopener noreferrer\" data-shared=\"\" class=\"share-print sd-button share-icon\" href=\"http:\/\/www.dannwollenwirmal.de\/?p=1004\" target=\"_blank\" title=\"Klicken zum Ausdrucken\"><span>Drucken<\/span><\/a><\/li><li class=\"share-facebook\"><a rel=\"nofollow noopener noreferrer\" data-shared=\"sharing-facebook-1004\" class=\"share-facebook sd-button share-icon\" href=\"http:\/\/www.dannwollenwirmal.de\/?p=1004&amp;share=facebook\" target=\"_blank\" title=\"Klick, um auf Facebook zu teilen\"><span>Facebook<\/span><\/a><\/li><li class=\"share-twitter\"><a rel=\"nofollow noopener noreferrer\" data-shared=\"sharing-twitter-1004\" class=\"share-twitter sd-button share-icon\" href=\"http:\/\/www.dannwollenwirmal.de\/?p=1004&amp;share=twitter\" target=\"_blank\" title=\"Klick, um \u00fcber Twitter zu teilen\"><span>Twitter<\/span><\/a><\/li><li class=\"share-pinterest\"><a rel=\"nofollow noopener noreferrer\" data-shared=\"sharing-pinterest-1004\" class=\"share-pinterest sd-button share-icon\" href=\"http:\/\/www.dannwollenwirmal.de\/?p=1004&amp;share=pinterest\" target=\"_blank\" title=\"Klick, um auf Pinterest zu teilen\"><span>Pinterest<\/span><\/a><\/li><li class=\"share-linkedin\"><a rel=\"nofollow noopener noreferrer\" data-shared=\"sharing-linkedin-1004\" class=\"share-linkedin sd-button share-icon\" href=\"http:\/\/www.dannwollenwirmal.de\/?p=1004&amp;share=linkedin\" target=\"_blank\" title=\"Klick, um auf LinkedIn zu teilen\"><span>LinkedIn<\/span><\/a><\/li><li class=\"share-end\"><\/li><\/ul><\/div><\/div><\/div>","protected":false},"excerpt":{"rendered":"<p>Na, dann wollen wir mal ein bi\u00dfchen was testen heute. Zum Beispiel meine DWD-Platten, die ich als Unterdach f\u00fcr meinen Dachbodenausbau genommen habe und die ja unter anderem den Vorteil haben sollen, auch gegen Hitze zu isolieren. Gestern und heute sind es um die 30\u00b0C, und ich sitze soeben im Dachbodenzimmer und blogge vor mich [&hellip;]<\/p>\n<div class=\"sharedaddy sd-sharing-enabled\"><div class=\"robots-nocontent sd-block sd-social sd-social-icon-text sd-sharing\"><h3 class=\"sd-title\">Teilen mit:<\/h3><div class=\"sd-content\"><ul><li class=\"share-email\"><a rel=\"nofollow noopener noreferrer\" data-shared=\"\" class=\"share-email sd-button share-icon\" href=\"http:\/\/www.dannwollenwirmal.de\/?p=1004&amp;share=email\" target=\"_blank\" title=\"Klick, um dies einem Freund per E-Mail zu senden\"><span>E-Mail<\/span><\/a><\/li><li class=\"share-print\"><a rel=\"nofollow noopener noreferrer\" data-shared=\"\" class=\"share-print sd-button share-icon\" href=\"http:\/\/www.dannwollenwirmal.de\/?p=1004\" target=\"_blank\" title=\"Klicken zum Ausdrucken\"><span>Drucken<\/span><\/a><\/li><li class=\"share-facebook\"><a rel=\"nofollow noopener noreferrer\" data-shared=\"sharing-facebook-1004\" class=\"share-facebook sd-button share-icon\" href=\"http:\/\/www.dannwollenwirmal.de\/?p=1004&amp;share=facebook\" target=\"_blank\" title=\"Klick, um auf Facebook zu teilen\"><span>Facebook<\/span><\/a><\/li><li class=\"share-twitter\"><a rel=\"nofollow noopener noreferrer\" data-shared=\"sharing-twitter-1004\" class=\"share-twitter sd-button share-icon\" href=\"http:\/\/www.dannwollenwirmal.de\/?p=1004&amp;share=twitter\" target=\"_blank\" title=\"Klick, um \u00fcber Twitter zu teilen\"><span>Twitter<\/span><\/a><\/li><li class=\"share-pinterest\"><a rel=\"nofollow noopener noreferrer\" data-shared=\"sharing-pinterest-1004\" class=\"share-pinterest sd-button share-icon\" href=\"http:\/\/www.dannwollenwirmal.de\/?p=1004&amp;share=pinterest\" target=\"_blank\" title=\"Klick, um auf Pinterest zu teilen\"><span>Pinterest<\/span><\/a><\/li><li class=\"share-linkedin\"><a rel=\"nofollow noopener noreferrer\" data-shared=\"sharing-linkedin-1004\" class=\"share-linkedin sd-button share-icon\" href=\"http:\/\/www.dannwollenwirmal.de\/?p=1004&amp;share=linkedin\" target=\"_blank\" title=\"Klick, um auf LinkedIn zu teilen\"><span>LinkedIn<\/span><\/a><\/li><li class=\"share-end\"><\/li><\/ul><\/div><\/div><\/div>","protected":false},"author":1,"featured_media":0,"comment_status":"open","ping_status":"open","sticky":false,"template":"","format":"standard","meta":{"advanced_seo_description":"","spay_email":"","jetpack_publicize_message":"","jetpack_is_tweetstorm":false,"jetpack_publicize_feature_enabled":true},"categories":[1,125,26,62,15],"tags":[252,251,250,253],"jetpack_featured_media_url":"","jetpack_publicize_connections":[],"jetpack_shortlink":"https:\/\/wp.me\/p3WtlO-gc","jetpack_sharing_enabled":true,"jetpack-related-posts":[{"id":2106,"url":"http:\/\/www.dannwollenwirmal.de\/?p=2106","url_meta":{"origin":1004,"position":0},"title":"OSB tut Rigips weh","date":"26. November 2017","format":false,"excerpt":"Daraus, dass ich kein besonders gro\u00dfes Freund von OSB-Platten bin, habe ich ja hier nie einen Hehl gemacht. Sicherlich haben sie hier und da ihre Berechtigung, oftmals werden sie aber in den H\u00e4nden von Heimerkern zur t\u00f6dlichen Waffe gegen eine durchdachte Bauphysik. In der Pfuschabteilung des Baumarkts stehen OSB-Platten neben\u2026","rel":"","context":"In &quot;Allgemein&quot;","img":{"alt_text":"","src":"https:\/\/i1.wp.com\/www.dannwollenwirmal.de\/wp-content\/uploads\/2017\/11\/IMG_5948.jpg?resize=350%2C200","width":350,"height":200},"classes":[]},{"id":622,"url":"http:\/\/www.dannwollenwirmal.de\/?p=622","url_meta":{"origin":1004,"position":1},"title":"Immer \u00c4rger mit dem Erker","date":"26. Oktober 2014","format":false,"excerpt":"Nachdem das halbst\u00fcndige Zucken der rechten Gesichtsh\u00e4lfte nach Lesen des Suchbegriffs \"Streichrauhfaser direkt auf Fliesen\" nachgelassen hatte, lege ich meine Blogstatistiken zur Seite und berichte \u00fcber das Fortkommen auf dem Dachboden der Tr\u00e4ume, den wir alle so ins Herz geschlossen haben. Zun\u00e4chst mal habe ich einiges an Emp\u00f6rung durch den\u2026","rel":"","context":"In &quot;Allgemein&quot;","img":{"alt_text":"","src":"https:\/\/i2.wp.com\/www.dannwollenwirmal.de\/wp-content\/uploads\/2014\/10\/erkF1.jpg?resize=350%2C200","width":350,"height":200},"classes":[]},{"id":1750,"url":"http:\/\/www.dannwollenwirmal.de\/?p=1750","url_meta":{"origin":1004,"position":2},"title":"Blogausfall","date":"8. Januar 2017","format":false,"excerpt":"So, heute lassen wir den Blog mal ausfallen. Meine Frau fragt ja auch immer, ob ich denn wirklich jeden Sonntag was schreiben muss? Klar, sage ich, sind ja nicht zum Spass hier! Aber heute f\u00e4llt mal aus. Ich muss nur schnell schreiben, dass es ausf\u00e4llt. Es ist aber auch einfach\u2026","rel":"","context":"In &quot;Allgemein&quot;","img":{"alt_text":"","src":"https:\/\/i0.wp.com\/www.dannwollenwirmal.de\/wp-content\/uploads\/2017\/01\/IMG_5049.jpg?resize=350%2C200","width":350,"height":200},"classes":[]},{"id":36,"url":"http:\/\/www.dannwollenwirmal.de\/?p=36","url_meta":{"origin":1004,"position":3},"title":"Immer mit der Ruhe","date":"18. September 2013","format":false,"excerpt":"Beruhigt Euch, Leute! Ich renne nicht ins Verderben. Heute vier (!) Anrufe von besorgten Leuten, ob ich mir das wirklich gut \u00fcberlegt h\u00e4tte und die Isolation einfach so \"unters Dach proppen\" m\u00f6chte. Nein, nein! Ich habe mich mit dem Thema \u00e4u\u00dfest lange besch\u00e4ftigt und nun eine f\u00fcr mich gute L\u00f6sung\u2026","rel":"","context":"In &quot;Allgemeines&quot;","img":{"alt_text":"Sch\u00fcrhaken-Werkzeug","src":"https:\/\/i1.wp.com\/www.dannwollenwirmal.de\/wp-content\/uploads\/2013\/09\/img_2203.jpg?resize=350%2C200","width":350,"height":200},"classes":[]},{"id":1829,"url":"http:\/\/www.dannwollenwirmal.de\/?p=1829","url_meta":{"origin":1004,"position":4},"title":"Beichtauswertung","date":"12. M\u00e4rz 2017","format":false,"excerpt":"Die W\u00fcrfel sind gefallen und ich bedanke mich aufs herzlichste f\u00fcr die rege Teilnahme beim dannwollenwirmal-Gewinnspiel \"Meine Baus\u00fcnde\". Es waren wirklich entz\u00fcckende Sachen dabei und wenn es nach mir ginge, w\u00fcrde jeder Beitrag einen Preis erhalten. Daf\u00fcr habe ich leider zu wenig Firmen gefunden, die was springen lassen ;) so\u2026","rel":"","context":"In &quot;Allgemein&quot;","img":{"alt_text":"","src":"","width":0,"height":0},"classes":[]},{"id":179,"url":"http:\/\/www.dannwollenwirmal.de\/?p=179","url_meta":{"origin":1004,"position":5},"title":"Tu Schaum hinein, wird auch zu Stein","date":"13. November 2013","format":false,"excerpt":"Materialien wie Bauschaum, Silikon, Hei\u00dfkleber, Draht und Knetgummi umweht seit jeher der Nebel des Pfuschs. Pampe irgendwo reinschmieren ist nach wie vor popul\u00e4r bei Heimwerkern und gestandenen Handwerkern. Aber alle diese Dinge haben auch ihre Berechtigung. Nehmen wir den Bauschaum, korrekterweise \"Montageschaum\". Der ist gedacht zur punktuellen(!) Anwendung bei der\u2026","rel":"","context":"In &quot;Allgemein&quot;","img":{"alt_text":"","src":"https:\/\/i1.wp.com\/www.dannwollenwirmal.de\/wp-content\/uploads\/2013\/11\/iso.jpg?resize=350%2C200","width":350,"height":200},"classes":[]}],"_links":{"self":[{"href":"http:\/\/www.dannwollenwirmal.de\/index.php?rest_route=\/wp\/v2\/posts\/1004"}],"collection":[{"href":"http:\/\/www.dannwollenwirmal.de\/index.php?rest_route=\/wp\/v2\/posts"}],"about":[{"href":"http:\/\/www.dannwollenwirmal.de\/index.php?rest_route=\/wp\/v2\/types\/post"}],"author":[{"embeddable":true,"href":"http:\/\/www.dannwollenwirmal.de\/index.php?rest_route=\/wp\/v2\/users\/1"}],"replies":[{"embeddable":true,"href":"http:\/\/www.dannwollenwirmal.de\/index.php?rest_route=%2Fwp%2Fv2%2Fcomments&post=1004"}],"version-history":[{"count":1,"href":"http:\/\/www.dannwollenwirmal.de\/index.php?rest_route=\/wp\/v2\/posts\/1004\/revisions"}],"predecessor-version":[{"id":1007,"href":"http:\/\/www.dannwollenwirmal.de\/index.php?rest_route=\/wp\/v2\/posts\/1004\/revisions\/1007"}],"wp:attachment":[{"href":"http:\/\/www.dannwollenwirmal.de\/index.php?rest_route=%2Fwp%2Fv2%2Fmedia&parent=1004"}],"wp:term":[{"taxonomy":"category","embeddable":true,"href":"http:\/\/www.dannwollenwirmal.de\/index.php?rest_route=%2Fwp%2Fv2%2Fcategories&post=1004"},{"taxonomy":"post_tag","embeddable":true,"href":"http:\/\/www.dannwollenwirmal.de\/index.php?rest_route=%2Fwp%2Fv2%2Ftags&post=1004"}],"curies":[{"name":"wp","href":"https:\/\/api.w.org\/{rel}","templated":true}]}}